{"id":35084,"date":"2026-03-03T15:42:45","date_gmt":"2026-03-03T15:42:45","guid":{"rendered":"https:\/\/vida.org.pt\/?p=35084"},"modified":"2026-03-03T16:39:06","modified_gmt":"2026-03-03T16:39:06","slug":"vida-e-projeto-ur-gente-participam-no-evento-final-do-procultura-em-maputo","status":"publish","type":"post","link":"https:\/\/vida.org.pt\/en\/vida-e-projeto-ur-gente-participam-no-evento-final-do-procultura-em-maputo\/","title":{"rendered":"VIDA e projeto Ur-GENTE participam no Evento Final do PROCULTURA em Maputo"},"content":{"rendered":"<p>[et_pb_section fb_built=&#8221;1&#8243; admin_label=&#8221;section&#8221; _builder_version=&#8221;3.22&#8243; custom_padding=&#8221;24px|||||&#8221;][et_pb_row _builder_version=&#8221;4.9.3&#8243; _module_preset=&#8221;default&#8221;][et_pb_column _builder_version=&#8221;4.9.3&#8243; _module_preset=&#8221;default&#8221; type=&#8221;4_4&#8243;][et_pb_image src=&#8221;https:\/\/vida.org.pt\/wp-content\/uploads\/2026\/03\/WhatsApp-Image-2026-03-03-at-14.15.17.jpg&#8221; _builder_version=&#8221;4.9.3&#8243; _module_preset=&#8221;default&#8221; title_text=&#8221;WhatsApp Image 2026-03-03 at 14.15.17&#8243; hover_enabled=&#8221;0&#8243; sticky_enabled=&#8221;0&#8243;][\/et_pb_image][\/et_pb_column][\/et_pb_row][et_pb_row admin_label=&#8221;row&#8221; _builder_version=&#8221;3.25&#8243; background_size=&#8221;initial&#8221; background_position=&#8221;top_left&#8221; background_repeat=&#8221;repeat&#8221;][et_pb_column type=&#8221;4_4&#8243; _builder_version=&#8221;3.25&#8243; custom_padding=&#8221;|||&#8221; custom_padding__hover=&#8221;|||&#8221;][et_pb_text admin_label=&#8221;Text&#8221; _builder_version=&#8221;4.9.3&#8243; background_size=&#8221;initial&#8221; background_position=&#8221;top_left&#8221; background_repeat=&#8221;repeat&#8221; hover_enabled=&#8221;0&#8243; sticky_enabled=&#8221;0&#8243; text_font_size=&#8221;15px&#8221; text_line_height=&#8221;1.7em&#8221;]<\/p>\n<div class=\"xdj266r x14z9mp xat24cr x1lziwak x1vvkbs x126k92a\">\n<div dir=\"auto\">Durante esta semana, estamos em Maputo, em <span class=\"html-span xdj266r x14z9mp xat24cr x1lziwak xexx8yu xyri2b x18d9i69 x1c1uobl x1hl2dhg x16tdsg8 x1vvkbs\">Mo\u00e7ambique<\/span>, para o 2\u00ba Workshop Internacional das Entidades Subvencionadas pelo <span class=\"html-span xdj266r x14z9mp xat24cr x1lziwak xexx8yu xyri2b x18d9i69 x1c1uobl x1hl2dhg x16tdsg8 x1vvkbs\"><span class=\"xt0psk2\"><span class=\"xjp7ctv\">PROCULTURA<\/span><\/span><\/span>, em representa\u00e7\u00e3o do projeto <strong><em><span class=\"html-span xdj266r x14z9mp xat24cr x1lziwak xexx8yu xyri2b x18d9i69 x1c1uobl x1hl2dhg x16tdsg8 x1vvkbs\"><span class=\"xt0psk2\"><span class=\"xjp7ctv\">Ur-GENTE &#8211; Centro de Artes C\u00e9nicas Transdisciplinar de Bissau. <\/span><\/span><\/span><\/em><\/strong>Este evento final do PROCULTURA re\u00fane parceiros, decisores p\u00fablicos, artistas e profissionais da cultura dos PALOP e Timor-Leste para uma reflex\u00e3o e balan\u00e7o do impacto e dos resultados do projeto.<\/div>\n<\/div>\n<p>[\/et_pb_text][et_pb_text admin_label=&#8221;Text&#8221; _builder_version=&#8221;4.9.3&#8243; background_size=&#8221;initial&#8221; background_position=&#8221;top_left&#8221; background_repeat=&#8221;repeat&#8221; hover_enabled=&#8221;0&#8243; sticky_enabled=&#8221;0&#8243; text_font_size=&#8221;15px&#8221; text_line_height=&#8221;1.7em&#8221;]<\/p>\n<div class=\"xdj266r x14z9mp xat24cr x1lziwak x1vvkbs x126k92a\">\n<div dir=\"auto\">Na Guin\u00e9-Bissau, a VIDA implementou o projeto <strong><em><span class=\"html-span xdj266r x14z9mp xat24cr x1lziwak xexx8yu xyri2b x18d9i69 x1c1uobl x1hl2dhg x16tdsg8 x1vvkbs\"><span class=\"xt0psk2\"><span class=\"xjp7ctv\">Ur-GENTE &#8211; Centro de Artes C\u00e9nicas Transdisciplinar de Bissau<\/span><\/span><\/span><\/em><\/strong><span class=\"html-span xdj266r x14z9mp xat24cr x1lziwak xexx8yu xyri2b x18d9i69 x1c1uobl x1hl2dhg x16tdsg8 x1vvkbs\"><span class=\"xt0psk2\"><span class=\"xjp7ctv\">, entre dezembro de 2021 e janeiro de 2025,<\/span><\/span><\/span> com o apoio desta subven\u00e7\u00e3o, uma a\u00e7\u00e3o da Parceria Estrat\u00e9gica UE PALOP-TL, financiada pela Uni\u00e3o Europeia, cofinanciada e gerida pelo Cam\u00f5es, I.P. e cofinanciada pela Funda\u00e7\u00e3o Calouste Gulbenkian.<span class=\"html-span xdj266r x14z9mp xat24cr x1lziwak xexx8yu xyri2b x18d9i69 x1c1uobl x1hl2dhg x16tdsg8 x1vvkbs\"><\/span><\/div>\n<\/div>\n<p>[\/et_pb_text][et_pb_text admin_label=&#8221;Text&#8221; _builder_version=&#8221;4.9.3&#8243; background_size=&#8221;initial&#8221; background_position=&#8221;top_left&#8221; background_repeat=&#8221;repeat&#8221; hover_enabled=&#8221;0&#8243; sticky_enabled=&#8221;0&#8243; text_font_size=&#8221;15px&#8221; text_line_height=&#8221;1.7em&#8221;]<\/p>\n<div class=\"xdj266r x14z9mp xat24cr x1lziwak x1vvkbs x126k92a\">\n<div dir=\"auto\">O projeto &#8220;<strong>Ur-GENTE &#8211; Centro de Artes C\u00e9nicas Transdisciplinar de Bissau<\/strong>&#8220;, com foco nas artes c\u00e9nicas, agregou uma <strong>rede de 3 pa\u00edses e 4 organiza\u00e7\u00f5es<\/strong>: a<strong> ONGD VIDA<\/strong> (Portugal\/Guin\u00e9-Bissau); o <strong>Grupo de Teatro do Oprimido<\/strong> (Guin\u00e9-Bissau); a <strong>Companhia de M\u00fasica Teatral<\/strong> (Portugal); e a <strong>Academia Livre de Artes Integradas do Mindelo<\/strong> (Cabo Verde).<b><\/b><\/div>\n<\/div>\n<p>[\/et_pb_text][et_pb_text admin_label=&#8221;Text&#8221; _builder_version=&#8221;4.9.3&#8243; background_size=&#8221;initial&#8221; background_position=&#8221;top_left&#8221; background_repeat=&#8221;repeat&#8221; hover_enabled=&#8221;0&#8243; sticky_enabled=&#8221;0&#8243; text_font_size=&#8221;15px&#8221; text_line_height=&#8221;1.7em&#8221;]<\/p>\n<div class=\"xdj266r x14z9mp xat24cr x1lziwak x1vvkbs x126k92a\">\n<div dir=\"auto\">Ao longo do projeto, conseguimos alcan\u00e7ar:<\/div>\n<div dir=\"auto\">&#8211; Reabilita\u00e7\u00e3o e cria\u00e7\u00e3o do Ur-GENTE, Centro de Artes C\u00e9nicas Transdisciplinar de Bissau<\/div>\n<div dir=\"auto\">&#8211; 48 forma\u00e7\u00f5es com 768 participantes<\/div>\n<div dir=\"auto\">&#8211; 42 eventos\/apresenta\u00e7\u00f5es p\u00fablicas para 4 236 espetadores<\/div>\n<div dir=\"auto\">&#8211; 40 empregos mantidos ou gerados na Guin\u00e9-Bissau<\/div>\n<div dir=\"auto\">&#8211; Realiza\u00e7\u00e3o da 1\u00aa edi\u00e7\u00e3o DJINTIS \u2013 Festival Internacional de Artes C\u00e9nicas de Bissau (mar\u00e7o 2024)<\/div>\n<div dir=\"auto\"><b><\/b><\/div>\n<\/div>\n<p>[\/et_pb_text][\/et_pb_column][\/et_pb_row][et_pb_row _builder_version=&#8221;4.9.3&#8243; _module_preset=&#8221;default&#8221; column_structure=&#8221;1_2,1_2&#8243;][et_pb_column _builder_version=&#8221;4.9.3&#8243; _module_preset=&#8221;default&#8221; type=&#8221;1_2&#8243;][et_pb_image src=&#8221;https:\/\/vida.org.pt\/wp-content\/uploads\/2026\/03\/WhatsApp-Image-2026-03-03-at-14.38.59.jpg&#8221; _builder_version=&#8221;4.9.3&#8243; _module_preset=&#8221;default&#8221; title_text=&#8221;WhatsApp Image 2026-03-03 at 14.38.59&#8243; hover_enabled=&#8221;0&#8243; sticky_enabled=&#8221;0&#8243;][\/et_pb_image][et_pb_image src=&#8221;https:\/\/vida.org.pt\/wp-content\/uploads\/2026\/03\/WhatsApp-Image-2026-03-03-at-08.54.15.jpg&#8221; _builder_version=&#8221;4.9.3&#8243; _module_preset=&#8221;default&#8221; title_text=&#8221;WhatsApp Image 2026-03-03 at 08.54.15&#8243; hover_enabled=&#8221;0&#8243; sticky_enabled=&#8221;0&#8243;][\/et_pb_image][\/et_pb_column][et_pb_column _builder_version=&#8221;4.9.3&#8243; _module_preset=&#8221;default&#8221; type=&#8221;1_2&#8243;][et_pb_image src=&#8221;https:\/\/vida.org.pt\/wp-content\/uploads\/2026\/03\/WhatsApp-Image-2026-03-03-at-13.40.07.jpg&#8221; _builder_version=&#8221;4.9.3&#8243; _module_preset=&#8221;default&#8221; title_text=&#8221;WhatsApp Image 2026-03-03 at 13.40.07&#8243; hover_enabled=&#8221;0&#8243; sticky_enabled=&#8221;0&#8243;][\/et_pb_image][et_pb_image src=&#8221;https:\/\/vida.org.pt\/wp-content\/uploads\/2026\/03\/WhatsApp-Image-2026-03-03-at-14.06.59-1.jpg&#8221; _builder_version=&#8221;4.9.3&#8243; _module_preset=&#8221;default&#8221; title_text=&#8221;WhatsApp Image 2026-03-03 at 14.06.59 (1)&#8221; hover_enabled=&#8221;0&#8243; sticky_enabled=&#8221;0&#8243;][\/et_pb_image][\/et_pb_column][\/et_pb_row][\/et_pb_section]<\/p>\n","protected":false},"excerpt":{"rendered":"<p>[et_pb_section fb_built=&#8221;1&#8243; admin_label=&#8221;section&#8221; _builder_version=&#8221;3.22&#8243; custom_padding=&#8221;24px|||||&#8221;][et_pb_row _builder_version=&#8221;4.9.3&#8243; _module_preset=&#8221;default&#8221;][et_pb_column _builder_version=&#8221;4.9.3&#8243; _module_preset=&#8221;default&#8221; type=&#8221;4_4&#8243;][et_pb_image src=&#8221;https:\/\/vida.org.pt\/wp-content\/uploads\/2026\/03\/WhatsApp-Image-2026-03-03-at-14.15.17.jpg&#8221; _builder_version=&#8221;4.9.3&#8243; _module_preset=&#8221;default&#8221; title_text=&#8221;WhatsApp Image 2026-03-03 at 14.15.17&#8243; hover_enabled=&#8221;0&#8243; sticky_enabled=&#8221;0&#8243;][\/et_pb_image][\/et_pb_column][\/et_pb_row][et_pb_row admin_label=&#8221;row&#8221; _builder_version=&#8221;3.25&#8243; background_size=&#8221;initial&#8221; background_position=&#8221;top_left&#8221; background_repeat=&#8221;repeat&#8221;][et_pb_column type=&#8221;4_4&#8243; _builder_version=&#8221;3.25&#8243; custom_padding=&#8221;|||&#8221; custom_padding__hover=&#8221;|||&#8221;][et_pb_text admin_label=&#8221;Text&#8221; _builder_version=&#8221;4.9.3&#8243; background_size=&#8221;initial&#8221; background_position=&#8221;top_left&#8221; background_repeat=&#8221;repeat&#8221; hover_enabled=&#8221;0&#8243; sticky_enabled=&#8221;0&#8243; text_font_size=&#8221;15px&#8221; text_line_height=&#8221;1.7em&#8221;] Durante esta semana, estamos em Maputo, em Mo\u00e7ambique, para o 2\u00ba Workshop Internacional das Entidades Subvencionadas pelo [&hellip;]<\/p>\n","protected":false},"author":2,"featured_media":35085,"comment_status":"open","ping_status":"open","sticky":false,"template":"","format":"standard","meta":{"_et_pb_use_builder":"on","_et_pb_old_content":"<div class=\"xdj266r x14z9mp xat24cr x1lziwak x1vvkbs x126k92a\">\r\n<div dir=\"auto\">Durante esta semana, estamos em Maputo, <span class=\"html-span xdj266r x14z9mp xat24cr x1lziwak xexx8yu xyri2b x18d9i69 x1c1uobl x1hl2dhg x16tdsg8 x1vvkbs\"><a class=\"x1i10hfl xjbqb8w x1ejq31n x18oe1m7 x1sy0etr xstzfhl x972fbf x10w94by x1qhh985 x14e42zd x9f619 x1ypdohk xt0psk2 x3ct3a4 xdj266r x14z9mp xat24cr x1lziwak xexx8yu xyri2b x18d9i69 x1c1uobl x16tdsg8 x1hl2dhg xggy1nq x1a2a7pz xkrqix3 x1sur9pj x1fey0fg x1s688f\" tabindex=\"0\" role=\"link\" href=\"https:\/\/www.facebook.com\/hashtag\/mo%C3%A7ambique?__eep__=6&amp;__cft__[0]=AZZdjg-0QK2CKZP765c8jwjA6COgtYCCWUlnxw1LWcAe50LS7_zMIodNYKsO0K9snzg4jWYdBWmRh4f2MS1_xWaONMaLj1c9aPTdRUQG9c4XFryPgH3Xxmx9t8Il3k8HJJ2uRWeIPkWsK12krTo64BFe&amp;__tn__=*NK-R\">#Mo\u00e7ambique<\/a><\/span>, para o 2\u00ba Workshop Internacional das Entidades Subvencionadas pelo <span class=\"html-span xdj266r x14z9mp xat24cr x1lziwak xexx8yu xyri2b x18d9i69 x1c1uobl x1hl2dhg x16tdsg8 x1vvkbs\"><a class=\"x1i10hfl xjbqb8w x1ejq31n x18oe1m7 x1sy0etr xstzfhl x972fbf x10w94by x1qhh985 x14e42zd x9f619 x1ypdohk xt0psk2 x3ct3a4 xdj266r x14z9mp xat24cr x1lziwak xexx8yu xyri2b x18d9i69 x1c1uobl x16tdsg8 x1hl2dhg xggy1nq x1a2a7pz xkrqix3 x1sur9pj x1fey0fg x1s688f\" tabindex=\"0\" role=\"link\" href=\"https:\/\/www.facebook.com\/procultura.paloptl?__cft__[0]=AZZdjg-0QK2CKZP765c8jwjA6COgtYCCWUlnxw1LWcAe50LS7_zMIodNYKsO0K9snzg4jWYdBWmRh4f2MS1_xWaONMaLj1c9aPTdRUQG9c4XFryPgH3Xxmx9t8Il3k8HJJ2uRWeIPkWsK12krTo64BFe&amp;__tn__=-]K-R\"><span class=\"xt0psk2\"><span class=\"xjp7ctv\">PROCULTURA<\/span><\/span><\/a><\/span>, em representa\u00e7\u00e3o do projeto <span class=\"html-span xdj266r x14z9mp xat24cr x1lziwak xexx8yu xyri2b x18d9i69 x1c1uobl x1hl2dhg x16tdsg8 x1vvkbs\"><a class=\"x1i10hfl xjbqb8w x1ejq31n x18oe1m7 x1sy0etr xstzfhl x972fbf x10w94by x1qhh985 x14e42zd x9f619 x1ypdohk xt0psk2 x3ct3a4 xdj266r x14z9mp xat24cr x1lziwak xexx8yu xyri2b x18d9i69 x1c1uobl x16tdsg8 x1hl2dhg xggy1nq x1a2a7pz xkrqix3 x1sur9pj x1fey0fg x1s688f\" tabindex=\"0\" role=\"link\" href=\"https:\/\/www.facebook.com\/UrGENTE.bissau?__cft__[0]=AZZdjg-0QK2CKZP765c8jwjA6COgtYCCWUlnxw1LWcAe50LS7_zMIodNYKsO0K9snzg4jWYdBWmRh4f2MS1_xWaONMaLj1c9aPTdRUQG9c4XFryPgH3Xxmx9t8Il3k8HJJ2uRWeIPkWsK12krTo64BFe&amp;__tn__=-]K-R\"><span class=\"xt0psk2\"><span class=\"xjp7ctv\">Ur-GENTE - Centro de Artes C\u00e9nicas Transdisciplinar de Bissau<\/span><\/span><\/a><\/span>!<\/div>\r\n<\/div>\r\n<div class=\"x14z9mp xat24cr x1lziwak x1vvkbs xtlvy1s x126k92a\">\r\n<div dir=\"auto\">Este evento final do PROCULTURA re\u00fane parceiros, decisores p\u00fablicos, artistas e profissionais da cultura dos PALOP e Timor-Leste para uma reflex\u00e3o e balan\u00e7o do impacto e dos resultados do projeto. <span class=\"html-span xexx8yu xyri2b x18d9i69 x1c1uobl x1hl2dhg x16tdsg8 x1vvkbs x3nfvp2 x1j61x8r x1fcty0u xdj266r xat24cr xm2jcoa x1mpyi22 xxymvpz xlup9mm x1kky2od\"><img class=\"xz74otr x15mokao x1ga7v0g x16uus16 xbiv7yw\" src=\"https:\/\/static.xx.fbcdn.net\/images\/emoji.php\/v9\/t61\/1\/16\/1f1ec_1f1fc.png\" alt=\"\" width=\"16\" height=\"16\" \/><\/span> Na Guin\u00e9-Bissau, a VIDA implementou o projeto <span class=\"html-span xdj266r x14z9mp xat24cr x1lziwak xexx8yu xyri2b x18d9i69 x1c1uobl x1hl2dhg x16tdsg8 x1vvkbs\"><a class=\"x1i10hfl xjbqb8w x1ejq31n x18oe1m7 x1sy0etr xstzfhl x972fbf x10w94by x1qhh985 x14e42zd x9f619 x1ypdohk xt0psk2 x3ct3a4 xdj266r x14z9mp xat24cr x1lziwak xexx8yu xyri2b x18d9i69 x1c1uobl x16tdsg8 x1hl2dhg xggy1nq x1a2a7pz xkrqix3 x1sur9pj x1fey0fg x1s688f\" tabindex=\"0\" role=\"link\" href=\"https:\/\/www.facebook.com\/UrGENTE.bissau?__cft__[0]=AZZdjg-0QK2CKZP765c8jwjA6COgtYCCWUlnxw1LWcAe50LS7_zMIodNYKsO0K9snzg4jWYdBWmRh4f2MS1_xWaONMaLj1c9aPTdRUQG9c4XFryPgH3Xxmx9t8Il3k8HJJ2uRWeIPkWsK12krTo64BFe&amp;__tn__=-]K-R\"><span class=\"xt0psk2\"><span class=\"xjp7ctv\">Ur-GENTE<\/span><\/span><\/a><\/span> com o apoio desta subven\u00e7\u00e3o.<\/div>\r\n<\/div>\r\n<div class=\"x14z9mp xat24cr x1lziwak x1vvkbs xtlvy1s x126k92a\">\r\n<div dir=\"auto\">O \"PROCULTURA, Promo\u00e7\u00e3o do Emprego nas Atividades Geradoras de Rendimento no Setor Cultural nos PALOP e em Timor-Leste\" \u00e9 uma a\u00e7\u00e3o da Parceria Estrat\u00e9gica UE PALOP-TL, financiada pela Uni\u00e3o Europeia, cofinanciada e gerida pelo Cam\u00f5es, I.P. e cofinanciada pela Funda\u00e7\u00e3o Calouste Gulbenkian.<\/div>\r\n<\/div>\r\n<div class=\"x14z9mp xat24cr x1lziwak x1vvkbs xtlvy1s x126k92a\">\r\n<div dir=\"auto\"><span class=\"html-span xdj266r x14z9mp xat24cr x1lziwak xexx8yu xyri2b x18d9i69 x1c1uobl x1hl2dhg x16tdsg8 x1vvkbs\"><a class=\"x1i10hfl xjbqb8w x1ejq31n x18oe1m7 x1sy0etr xstzfhl x972fbf x10w94by x1qhh985 x14e42zd x9f619 x1ypdohk xt0psk2 x3ct3a4 xdj266r x14z9mp xat24cr x1lziwak xexx8yu xyri2b x18d9i69 x1c1uobl x16tdsg8 x1hl2dhg xggy1nq x1a2a7pz xkrqix3 x1sur9pj x1fey0fg x1s688f\" tabindex=\"0\" role=\"link\" href=\"https:\/\/www.facebook.com\/hashtag\/procultura?__eep__=6&amp;__cft__[0]=AZZdjg-0QK2CKZP765c8jwjA6COgtYCCWUlnxw1LWcAe50LS7_zMIodNYKsO0K9snzg4jWYdBWmRh4f2MS1_xWaONMaLj1c9aPTdRUQG9c4XFryPgH3Xxmx9t8Il3k8HJJ2uRWeIPkWsK12krTo64BFe&amp;__tn__=*NK-R\">#PROCULTURA<\/a><\/span> <span class=\"html-span xdj266r x14z9mp xat24cr x1lziwak xexx8yu xyri2b x18d9i69 x1c1uobl x1hl2dhg x16tdsg8 x1vvkbs\"><a class=\"x1i10hfl xjbqb8w x1ejq31n x18oe1m7 x1sy0etr xstzfhl x972fbf x10w94by x1qhh985 x14e42zd x9f619 x1ypdohk xt0psk2 x3ct3a4 xdj266r x14z9mp xat24cr x1lziwak xexx8yu xyri2b x18d9i69 x1c1uobl x16tdsg8 x1hl2dhg xggy1nq x1a2a7pz xkrqix3 x1sur9pj x1fey0fg x1s688f\" tabindex=\"0\" role=\"link\" href=\"https:\/\/www.facebook.com\/hashtag\/proculturapaloptl?__eep__=6&amp;__cft__[0]=AZZdjg-0QK2CKZP765c8jwjA6COgtYCCWUlnxw1LWcAe50LS7_zMIodNYKsO0K9snzg4jWYdBWmRh4f2MS1_xWaONMaLj1c9aPTdRUQG9c4XFryPgH3Xxmx9t8Il3k8HJJ2uRWeIPkWsK12krTo64BFe&amp;__tn__=*NK-R\">#PROCULTURApaloptl<\/a><\/span> <span class=\"html-span xdj266r x14z9mp xat24cr x1lziwak xexx8yu xyri2b x18d9i69 x1c1uobl x1hl2dhg x16tdsg8 x1vvkbs\"><a class=\"x1i10hfl xjbqb8w x1ejq31n x18oe1m7 x1sy0etr xstzfhl x972fbf x10w94by x1qhh985 x14e42zd x9f619 x1ypdohk xt0psk2 x3ct3a4 xdj266r x14z9mp xat24cr x1lziwak xexx8yu xyri2b x18d9i69 x1c1uobl x16tdsg8 x1hl2dhg xggy1nq x1a2a7pz xkrqix3 x1sur9pj x1fey0fg x1s688f\" tabindex=\"0\" role=\"link\" href=\"https:\/\/www.facebook.com\/hashtag\/ueemmoz?__eep__=6&amp;__cft__[0]=AZZdjg-0QK2CKZP765c8jwjA6COgtYCCWUlnxw1LWcAe50LS7_zMIodNYKsO0K9snzg4jWYdBWmRh4f2MS1_xWaONMaLj1c9aPTdRUQG9c4XFryPgH3Xxmx9t8Il3k8HJJ2uRWeIPkWsK12krTo64BFe&amp;__tn__=*NK-R\">#ueemmoz<\/a><\/span> <span class=\"html-span xdj266r x14z9mp xat24cr x1lziwak xexx8yu xyri2b x18d9i69 x1c1uobl x1hl2dhg x16tdsg8 x1vvkbs\"><a class=\"x1i10hfl xjbqb8w x1ejq31n x18oe1m7 x1sy0etr xstzfhl x972fbf x10w94by x1qhh985 x14e42zd x9f619 x1ypdohk xt0psk2 x3ct3a4 xdj266r x14z9mp xat24cr x1lziwak xexx8yu xyri2b x18d9i69 x1c1uobl x16tdsg8 x1hl2dhg xggy1nq x1a2a7pz xkrqix3 x1sur9pj x1fey0fg x1s688f\" tabindex=\"0\" role=\"link\" href=\"https:\/\/www.facebook.com\/hashtag\/camoesip?__eep__=6&amp;__cft__[0]=AZZdjg-0QK2CKZP765c8jwjA6COgtYCCWUlnxw1LWcAe50LS7_zMIodNYKsO0K9snzg4jWYdBWmRh4f2MS1_xWaONMaLj1c9aPTdRUQG9c4XFryPgH3Xxmx9t8Il3k8HJJ2uRWeIPkWsK12krTo64BFe&amp;__tn__=*NK-R\">#camoesip<\/a><\/span> <span class=\"html-span xdj266r x14z9mp xat24cr x1lziwak xexx8yu xyri2b x18d9i69 x1c1uobl x1hl2dhg x16tdsg8 x1vvkbs\"><a class=\"x1i10hfl xjbqb8w x1ejq31n x18oe1m7 x1sy0etr xstzfhl x972fbf x10w94by x1qhh985 x14e42zd x9f619 x1ypdohk xt0psk2 x3ct3a4 xdj266r x14z9mp xat24cr x1lziwak xexx8yu xyri2b x18d9i69 x1c1uobl x16tdsg8 x1hl2dhg xggy1nq x1a2a7pz xkrqix3 x1sur9pj x1fey0fg x1s688f\" tabindex=\"0\" role=\"link\" href=\"https:\/\/www.facebook.com\/hashtag\/ur_gente?__eep__=6&amp;__cft__[0]=AZZdjg-0QK2CKZP765c8jwjA6COgtYCCWUlnxw1LWcAe50LS7_zMIodNYKsO0K9snzg4jWYdBWmRh4f2MS1_xWaONMaLj1c9aPTdRUQG9c4XFryPgH3Xxmx9t8Il3k8HJJ2uRWeIPkWsK12krTo64BFe&amp;__tn__=*NK-R\">#Ur_GENTE<\/a><\/span> <span class=\"html-span xdj266r x14z9mp xat24cr x1lziwak xexx8yu xyri2b x18d9i69 x1c1uobl x1hl2dhg x16tdsg8 x1vvkbs\"><a class=\"x1i10hfl xjbqb8w x1ejq31n x18oe1m7 x1sy0etr xstzfhl x972fbf x10w94by x1qhh985 x14e42zd x9f619 x1ypdohk xt0psk2 x3ct3a4 xdj266r x14z9mp xat24cr x1lziwak xexx8yu xyri2b x18d9i69 x1c1uobl x16tdsg8 x1hl2dhg xggy1nq x1a2a7pz xkrqix3 x1sur9pj x1fey0fg x1s688f\" tabindex=\"0\" role=\"link\" href=\"https:\/\/www.facebook.com\/hashtag\/guin%C3%A9bissau?__eep__=6&amp;__cft__[0]=AZZdjg-0QK2CKZP765c8jwjA6COgtYCCWUlnxw1LWcAe50LS7_zMIodNYKsO0K9snzg4jWYdBWmRh4f2MS1_xWaONMaLj1c9aPTdRUQG9c4XFryPgH3Xxmx9t8Il3k8HJJ2uRWeIPkWsK12krTo64BFe&amp;__tn__=*NK-R\">#guin\u00e9bissau<\/a><\/span> <span class=\"html-span xdj266r x14z9mp xat24cr x1lziwak xexx8yu xyri2b x18d9i69 x1c1uobl x1hl2dhg x16tdsg8 x1vvkbs\"><a class=\"x1i10hfl xjbqb8w x1ejq31n x18oe1m7 x1sy0etr xstzfhl x972fbf x10w94by x1qhh985 x14e42zd x9f619 x1ypdohk xt0psk2 x3ct3a4 xdj266r x14z9mp xat24cr x1lziwak xexx8yu xyri2b x18d9i69 x1c1uobl x16tdsg8 x1hl2dhg xggy1nq x1a2a7pz xkrqix3 x1sur9pj x1fey0fg x1s688f\" tabindex=\"0\" role=\"link\" href=\"https:\/\/www.facebook.com\/hashtag\/vidaongd?__eep__=6&amp;__cft__[0]=AZZdjg-0QK2CKZP765c8jwjA6COgtYCCWUlnxw1LWcAe50LS7_zMIodNYKsO0K9snzg4jWYdBWmRh4f2MS1_xWaONMaLj1c9aPTdRUQG9c4XFryPgH3Xxmx9t8Il3k8HJJ2uRWeIPkWsK12krTo64BFe&amp;__tn__=*NK-R\">#vidaongd<\/a><\/span><\/div>\r\n<\/div>","_et_gb_content_width":"","_monsterinsights_skip_tracking":false,"_monsterinsights_sitenote_active":false,"_monsterinsights_sitenote_note":"","_monsterinsights_sitenote_category":0,"footnotes":""},"categories":[10],"tags":[],"class_list":["post-35084","post","type-post","status-publish","format-standard","has-post-thumbnail","hentry","category-noticias"],"_links":{"self":[{"href":"https:\/\/vida.org.pt\/en\/wp-json\/wp\/v2\/posts\/35084","targetHints":{"allow":["GET"]}}],"collection":[{"href":"https:\/\/vida.org.pt\/en\/wp-json\/wp\/v2\/posts"}],"about":[{"href":"https:\/\/vida.org.pt\/en\/wp-json\/wp\/v2\/types\/post"}],"author":[{"embeddable":true,"href":"https:\/\/vida.org.pt\/en\/wp-json\/wp\/v2\/users\/2"}],"replies":[{"embeddable":true,"href":"https:\/\/vida.org.pt\/en\/wp-json\/wp\/v2\/comments?post=35084"}],"version-history":[{"count":4,"href":"https:\/\/vida.org.pt\/en\/wp-json\/wp\/v2\/posts\/35084\/revisions"}],"predecessor-version":[{"id":35098,"href":"https:\/\/vida.org.pt\/en\/wp-json\/wp\/v2\/posts\/35084\/revisions\/35098"}],"wp:featuredmedia":[{"embeddable":true,"href":"https:\/\/vida.org.pt\/en\/wp-json\/wp\/v2\/media\/35085"}],"wp:attachment":[{"href":"https:\/\/vida.org.pt\/en\/wp-json\/wp\/v2\/media?parent=35084"}],"wp:term":[{"taxonomy":"category","embeddable":true,"href":"https:\/\/vida.org.pt\/en\/wp-json\/wp\/v2\/categories?post=35084"},{"taxonomy":"post_tag","embeddable":true,"href":"https:\/\/vida.org.pt\/en\/wp-json\/wp\/v2\/tags?post=35084"}],"curies":[{"name":"wp","href":"https:\/\/api.w.org\/{rel}","templated":true}]}}