{"id":35063,"date":"2026-02-12T14:30:01","date_gmt":"2026-02-12T14:30:01","guid":{"rendered":"https:\/\/vida.org.pt\/?p=35063"},"modified":"2026-02-12T14:33:53","modified_gmt":"2026-02-12T14:33:53","slug":"comunicado-institucional-da-direcao-vida","status":"publish","type":"post","link":"https:\/\/vida.org.pt\/en\/comunicado-institucional-da-direcao-vida\/","title":{"rendered":"Comunicado Institucional da dire\u00e7\u00e3o VIDA"},"content":{"rendered":"<p>[et_pb_section fb_built=&#8221;1&#8243; admin_label=&#8221;section&#8221; _builder_version=&#8221;3.22&#8243; custom_padding=&#8221;38px|||||&#8221;][et_pb_row admin_label=&#8221;row&#8221; _builder_version=&#8221;4.9.3&#8243; background_size=&#8221;initial&#8221; background_position=&#8221;top_left&#8221; background_repeat=&#8221;repeat&#8221; hover_enabled=&#8221;0&#8243; custom_margin=&#8221;-24px|auto||auto||&#8221; sticky_enabled=&#8221;0&#8243;][et_pb_column type=&#8221;4_4&#8243; _builder_version=&#8221;3.25&#8243; custom_padding=&#8221;|||&#8221; custom_padding__hover=&#8221;|||&#8221;][et_pb_text admin_label=&#8221;Text&#8221; _builder_version=&#8221;4.9.3&#8243; background_size=&#8221;initial&#8221; background_position=&#8221;top_left&#8221; background_repeat=&#8221;repeat&#8221; hover_enabled=&#8221;0&#8243; sticky_enabled=&#8221;0&#8243; text_font_size=&#8221;15px&#8221; text_line_height=&#8221;1.7em&#8221;]<\/p>\n<p style=\"text-align: left;\">Almada, 12 de fevereiro de 2026<\/p>\n<p style=\"text-align: left;\">\n<p>\u00a0A VIDA \u2013 Voluntariado Internacional para o Desenvolvimento Africano vem, por este meio, informar que o Sr. Merson Janu\u00e1rio Constantino Muatiua n\u00e3o exerce, desde dezembro de 2025, quaisquer fun\u00e7\u00f5es na organiza\u00e7\u00e3o, n\u00e3o sendo colaborador, coordenador de projetos, representante institucional, nem detentor de poderes para agir em nome da VIDA em Mo\u00e7ambique ou em qualquer outro pa\u00eds.<\/p>\n<p>O referido cidad\u00e3o n\u00e3o se encontra autorizado a utilizar o nome, logotipo, documentos, projetos ou qualquer outro elemento institucional da VIDA, nem a assumir compromissos junto de parceiros, autoridades, benefici\u00e1rios ou terceiros.<\/p>\n<p>A VIDA declina expressamente qualquer responsabilidade por atos, declara\u00e7\u00f5es ou iniciativas que o Sr. Merson Janu\u00e1rio Constantino Muatiua venha a praticar, em nome pr\u00f3prio ou indevidamente invocando a organiza\u00e7\u00e3o.<\/p>\n<p>Para qualquer esclarecimento, solicita-se que os contactos sejam efetuados exclusivamente atrav\u00e9s dos canais oficiais da VIDA.<\/p>\n<p><em>A Dire\u00e7\u00e3o<br \/><\/em><em>VIDA \u2013 Voluntariado Internacional para o Desenvolvimento Africano<\/em><\/p>\n<p>[\/et_pb_text][\/et_pb_column][\/et_pb_row][et_pb_row _builder_version=&#8221;4.9.3&#8243; _module_preset=&#8221;default&#8221;][et_pb_column _builder_version=&#8221;4.9.3&#8243; _module_preset=&#8221;default&#8221; type=&#8221;4_4&#8243;][et_pb_button button_text=&#8221;Comunicado Institucional &#8211; PDF&#8221; _builder_version=&#8221;4.9.3&#8243; _module_preset=&#8221;default&#8221; button_url=&#8221;https:\/\/vida.org.pt\/wp-content\/uploads\/2026\/02\/VIDA_Comunicado_Institucional_12-02-2026.pdf&#8221; hover_enabled=&#8221;0&#8243; sticky_enabled=&#8221;0&#8243; custom_button=&#8221;on&#8221; button_text_size=&#8221;15px&#8221; button_font=&#8221;|600|||||||&#8221;][\/et_pb_button][\/et_pb_column][\/et_pb_row][\/et_pb_section]<\/p>\n","protected":false},"excerpt":{"rendered":"<p>[et_pb_section fb_built=&#8221;1&#8243; admin_label=&#8221;section&#8221; _builder_version=&#8221;3.22&#8243; custom_padding=&#8221;38px|||||&#8221;][et_pb_row admin_label=&#8221;row&#8221; _builder_version=&#8221;4.9.3&#8243; background_size=&#8221;initial&#8221; background_position=&#8221;top_left&#8221; background_repeat=&#8221;repeat&#8221; hover_enabled=&#8221;0&#8243; custom_margin=&#8221;-24px|auto||auto||&#8221; sticky_enabled=&#8221;0&#8243;][et_pb_column type=&#8221;4_4&#8243; _builder_version=&#8221;3.25&#8243; custom_padding=&#8221;|||&#8221; custom_padding__hover=&#8221;|||&#8221;][et_pb_text admin_label=&#8221;Text&#8221; _builder_version=&#8221;4.9.3&#8243; background_size=&#8221;initial&#8221; background_position=&#8221;top_left&#8221; background_repeat=&#8221;repeat&#8221; hover_enabled=&#8221;0&#8243; sticky_enabled=&#8221;0&#8243; text_font_size=&#8221;15px&#8221; text_line_height=&#8221;1.7em&#8221;] Almada, 12 de fevereiro de 2026 \u00a0A VIDA \u2013 Voluntariado Internacional para o Desenvolvimento Africano vem, por este meio, informar que o Sr. Merson Janu\u00e1rio Constantino Muatiua n\u00e3o exerce, [&hellip;]<\/p>\n","protected":false},"author":2,"featured_media":35061,"comment_status":"open","ping_status":"open","sticky":false,"template":"","format":"standard","meta":{"_et_pb_use_builder":"on","_et_pb_old_content":"<strong>COMUNICADO INSTITUCIONAL<\/strong>\r\n\r\n<strong>VIDA \u2013 Voluntariado Internacional para o Desenvolvimento Africano<\/strong>\r\n\r\n<strong>\u00a0<\/strong>\r\n\r\nAlmada, 12 de fevereiro de 2026\r\n\r\n&nbsp;\r\n\r\nA VIDA \u2013 Voluntariado Internacional para o Desenvolvimento Africano vem, por este meio, informar que o Sr. Merson Janu\u00e1rio Constantino Muatiua n\u00e3o exerce, desde dezembro de 2025, quaisquer fun\u00e7\u00f5es na organiza\u00e7\u00e3o, n\u00e3o sendo colaborador, coordenador de projetos, representante institucional, nem detentor de poderes para agir em nome da VIDA em Mo\u00e7ambique ou em qualquer outro pa\u00eds.\r\n\r\nO referido cidad\u00e3o n\u00e3o se encontra autorizado a utilizar o nome, logotipo, documentos, projetos ou qualquer outro elemento institucional da VIDA, nem a assumir compromissos junto de parceiros, autoridades, benefici\u00e1rios ou terceiros.\r\n\r\nA VIDA declina expressamente qualquer responsabilidade por atos, declara\u00e7\u00f5es ou iniciativas que o Sr. Merson Janu\u00e1rio Constantino Muatiua venha a praticar, em nome pr\u00f3prio ou indevidamente invocando a organiza\u00e7\u00e3o.\r\n\r\nPara qualquer esclarecimento, solicita-se que os contactos sejam efetuados exclusivamente atrav\u00e9s dos canais oficiais da VIDA.\r\n\r\n<em>A Dire\u00e7\u00e3o<\/em>\r\n\r\n<em>VIDA \u2013 Voluntariado Internacional para o Desenvolvimento Africano<\/em>","_et_gb_content_width":"","_monsterinsights_skip_tracking":false,"_monsterinsights_sitenote_active":false,"_monsterinsights_sitenote_note":"","_monsterinsights_sitenote_category":0,"footnotes":""},"categories":[17,10],"tags":[],"class_list":["post-35063","post","type-post","status-publish","format-standard","has-post-thumbnail","hentry","category-desenvolvimento-rural-seguranca-alimentar-e-nutricao","category-noticias"],"_links":{"self":[{"href":"https:\/\/vida.org.pt\/en\/wp-json\/wp\/v2\/posts\/35063","targetHints":{"allow":["GET"]}}],"collection":[{"href":"https:\/\/vida.org.pt\/en\/wp-json\/wp\/v2\/posts"}],"about":[{"href":"https:\/\/vida.org.pt\/en\/wp-json\/wp\/v2\/types\/post"}],"author":[{"embeddable":true,"href":"https:\/\/vida.org.pt\/en\/wp-json\/wp\/v2\/users\/2"}],"replies":[{"embeddable":true,"href":"https:\/\/vida.org.pt\/en\/wp-json\/wp\/v2\/comments?post=35063"}],"version-history":[{"count":3,"href":"https:\/\/vida.org.pt\/en\/wp-json\/wp\/v2\/posts\/35063\/revisions"}],"predecessor-version":[{"id":35067,"href":"https:\/\/vida.org.pt\/en\/wp-json\/wp\/v2\/posts\/35063\/revisions\/35067"}],"wp:featuredmedia":[{"embeddable":true,"href":"https:\/\/vida.org.pt\/en\/wp-json\/wp\/v2\/media\/35061"}],"wp:attachment":[{"href":"https:\/\/vida.org.pt\/en\/wp-json\/wp\/v2\/media?parent=35063"}],"wp:term":[{"taxonomy":"category","embeddable":true,"href":"https:\/\/vida.org.pt\/en\/wp-json\/wp\/v2\/categories?post=35063"},{"taxonomy":"post_tag","embeddable":true,"href":"https:\/\/vida.org.pt\/en\/wp-json\/wp\/v2\/tags?post=35063"}],"curies":[{"name":"wp","href":"https:\/\/api.w.org\/{rel}","templated":true}]}}