{"id":34920,"date":"2025-12-16T12:29:47","date_gmt":"2025-12-16T12:29:47","guid":{"rendered":"https:\/\/vida.org.pt\/?p=34920"},"modified":"2025-12-17T11:11:46","modified_gmt":"2025-12-17T11:11:46","slug":"2a-edicao-do-djintis-festival-internacional-de-artes-cenicas-de-bissau-acolhe-artistas-de-14-paises-e-1438-participantes","status":"publish","type":"post","link":"https:\/\/vida.org.pt\/en\/2a-edicao-do-djintis-festival-internacional-de-artes-cenicas-de-bissau-acolhe-artistas-de-14-paises-e-1438-participantes\/","title":{"rendered":"2\u00aa edi\u00e7\u00e3o do DJINTIS &#8211; Festival Internacional de Artes C\u00e9nicas de Bissau acolhe artistas de 14 pa\u00edses e 1438 participantes"},"content":{"rendered":"<p>[et_pb_section fb_built=&#8221;1&#8243; admin_label=&#8221;section&#8221; _builder_version=&#8221;3.22&#8243; custom_padding=&#8221;9px|||||&#8221;][et_pb_row _builder_version=&#8221;4.9.3&#8243; _module_preset=&#8221;default&#8221; custom_padding=&#8221;16px|||||&#8221;][et_pb_column type=&#8221;4_4&#8243; _builder_version=&#8221;4.9.3&#8243; _module_preset=&#8221;default&#8221;][et_pb_image src=&#8221;https:\/\/vida.org.pt\/wp-content\/uploads\/2025\/12\/LArbre-et-moi_Quinhamel_30-11-2025-2-1.jpeg&#8221; title_text=&#8221;L&#8217;Arbre et moi_Quinhamel_30-11-2025 (2)&#8221; _builder_version=&#8221;4.9.3&#8243; _module_preset=&#8221;default&#8221;][\/et_pb_image][\/et_pb_column][\/et_pb_row][et_pb_row admin_label=&#8221;row&#8221; _builder_version=&#8221;3.25&#8243; background_size=&#8221;initial&#8221; background_position=&#8221;top_left&#8221; background_repeat=&#8221;repeat&#8221;][et_pb_column type=&#8221;4_4&#8243; _builder_version=&#8221;3.25&#8243; custom_padding=&#8221;|||&#8221; custom_padding__hover=&#8221;|||&#8221;][et_pb_text admin_label=&#8221;Text&#8221; _builder_version=&#8221;4.9.3&#8243; text_font_size=&#8221;15px&#8221; background_size=&#8221;initial&#8221; background_position=&#8221;top_left&#8221; background_repeat=&#8221;repeat&#8221; custom_margin=&#8221;||20px|||&#8221; hover_enabled=&#8221;0&#8243; sticky_enabled=&#8221;0&#8243;]<\/p>\n<p><strong>Entre voltas e reviravoltas, de 17 de novembro a 7 de dezembro de 2025, a 2.\u00aa edi\u00e7\u00e3o do DJINTIS &#8211; Festival Internacional de Artes C\u00e9nicas de Bissau celebrou, de forma contagiante, a diversidade e a criatividade, atrav\u00e9s de uma programa\u00e7\u00e3o plural dirigida a todos os p\u00fablicos.<\/strong><\/p>\n<p><strong>O DJINTIS reuniu 14 pa\u00edses e territ\u00f3rios, distribu\u00eddos por 4 continentes &#8211; \u00c1frica, Europa, Am\u00e9rica do Sul e Cara\u00edbas &#8211; num total de 35 atividades, com a participa\u00e7\u00e3o de 134 artistas e 1 438 espetadores e formandos, afirmando o festival como um lugar de encontro e circula\u00e7\u00e3o de vozes, corpos e imagin\u00e1rios! Uma plataforma de coopera\u00e7\u00e3o art\u00edstica internacional enraizada no Sul global e aberta ao di\u00e1logo intercontinental.<\/strong><\/p>\n<p>[\/et_pb_text][et_pb_text admin_label=&#8221;Text&#8221; _builder_version=&#8221;4.9.3&#8243; text_font_size=&#8221;15px&#8221; background_size=&#8221;initial&#8221; background_position=&#8221;top_left&#8221; background_repeat=&#8221;repeat&#8221; hover_enabled=&#8221;0&#8243; sticky_enabled=&#8221;0&#8243;]<\/p>\n<p>Entre 17 de novembro e 7 de dezembro de 2025, a 2.\u00aa edi\u00e7\u00e3o do DJINTIS &#8211; Festival Internacional de Artes C\u00e9nicas de Bissau voltou a abrir espa\u00e7o ao encontro, \u00e0 escuta e \u00e0 cria\u00e7\u00e3o, celebrando a diversidade das artes c\u00e9nicas como gesto coletivo de presen\u00e7a e imagina\u00e7\u00e3o partilhada.<\/p>\n<p>O festival aconteceu num tempo exigente. Um incidente pol\u00edtico atravessou o quotidiano da cidade e obrigando a reajustar ritmos, hor\u00e1rios e percursos. Algumas atividades n\u00e3o puderam acontecer como previsto. Ainda assim, o DJINTIS, acompanhado pelos artistas e p\u00fablico, n\u00e3o parou. Adaptou-se ao territ\u00f3rio, escutou o contexto e seguiu em frente, afirmando a arte como lugar de resist\u00eancia sens\u00edvel de cuidado e continuidade.<\/p>\n<p><strong>A 2\u00aa edi\u00e7\u00e3o<\/strong>, <strong>sob o tema Terra-Fogo,<\/strong> enquadrada no projeto \u201cUr-GENTE, Centro de Forma\u00e7\u00e3o em Artes C\u00e9nicas Transdisciplinar de Bissau\u201d, <strong>acolheu<\/strong> uma <strong>programa\u00e7\u00e3o diversa e vibrante que incluiu teatro, dan\u00e7a, cinema, <em>slam poetry<\/em>, m\u00fasica ao vivo, sess\u00f5es de contos para crian\u00e7as, exibi\u00e7\u00e3o de document\u00e1rios e workshops formativos<\/strong>. Artistas e companhias, nacionais e internacionais, apresentaram as suas cria\u00e7\u00f5es a novos p\u00fablicos e partilharam momentos formativos abertos \u00e0 comunidade, reafirmando a arte como territ\u00f3rio de consci\u00eancia e resist\u00eancia, que abre e expande novos modos de pensar, sentir e agir.<\/p>\n<p>A programa\u00e7\u00e3o dividiu-se em <strong>cinco espa\u00e7os de acolhimento em Bissau<\/strong> (Ur-GENTE, Centro de Artes C\u00e9nicas Transdisciplinar de Bissau; Centro Cultural Franco Bissau Guineense; Centro Cultural Portugu\u00eas; Instituto Guimar\u00e3es Rosa; e Centro Cultural Netos de Bandim) e <strong>um em Quinhamel<\/strong> (Centro de Promo\u00e7\u00e3o Humana).<\/p>\n<p>[\/et_pb_text][\/et_pb_column][\/et_pb_row][et_pb_row column_structure=&#8221;1_2,1_2&#8243; _builder_version=&#8221;4.9.3&#8243; _module_preset=&#8221;default&#8221;][et_pb_column type=&#8221;1_2&#8243; _builder_version=&#8221;4.9.3&#8243; _module_preset=&#8221;default&#8221;][et_pb_image src=&#8221;https:\/\/vida.org.pt\/wp-content\/uploads\/2025\/12\/DJINTIS-25_Abertura-oficial-18_11_25-1.jpeg&#8221; title_text=&#8221;DJINTIS 25_Abertura oficial 18_11_25 (1)&#8221; _builder_version=&#8221;4.9.3&#8243; _module_preset=&#8221;default&#8221;][\/et_pb_image][\/et_pb_column][et_pb_column type=&#8221;1_2&#8243; _builder_version=&#8221;4.9.3&#8243; _module_preset=&#8221;default&#8221;][et_pb_image src=&#8221;https:\/\/vida.org.pt\/wp-content\/uploads\/2025\/12\/DJINTIS-25_Abertura-oficial-18_11_25-2.jpeg&#8221; title_text=&#8221;DJINTIS 25_Abertura oficial 18_11_25 (2)&#8221; _builder_version=&#8221;4.9.3&#8243; _module_preset=&#8221;default&#8221;][\/et_pb_image][\/et_pb_column][\/et_pb_row][et_pb_row admin_label=&#8221;row&#8221; _builder_version=&#8221;3.25&#8243; background_size=&#8221;initial&#8221; background_position=&#8221;top_left&#8221; background_repeat=&#8221;repeat&#8221; custom_padding=&#8221;22px|||||&#8221;][et_pb_column type=&#8221;4_4&#8243; _builder_version=&#8221;3.25&#8243; custom_padding=&#8221;|||&#8221; custom_padding__hover=&#8221;|||&#8221;][et_pb_text admin_label=&#8221;Text&#8221; _builder_version=&#8221;4.9.3&#8243; text_font_size=&#8221;15px&#8221; background_size=&#8221;initial&#8221; background_position=&#8221;top_left&#8221; background_repeat=&#8221;repeat&#8221;]<\/p>\n<p>A <strong>abertura oficial do Festival, a 18 de novembro<\/strong>, marcou o in\u00edcio desta <strong>edi\u00e7\u00e3o dedicada \u00e0 Terra-Fogo<\/strong>, com a presen\u00e7a dos representantes da ONGD VIDA, do PNUD, e dos Embaixadores de Fran\u00e7a e Portugal, enquanto entidades parceiras do festival.<\/p>\n<p>A cerim\u00f3nia come\u00e7ou com os ritmos quentes e ancestrais do Grupo de Mandjuandadi Amizadi i ka facil, e, ap\u00f3s a apresenta\u00e7\u00e3o oficial da programa\u00e7\u00e3o, o p\u00fablico foi guiado para o exterior do espa\u00e7o Ur-GENTE, onde foi inaugurada a instala\u00e7\u00e3o \u201cKalunda \u2013 A Serpente Atl\u00e2ntica\u201d, criada por Nuno Tavares e pelo Coletivo Galeria Jovem, invocando o projeto \u201cRota dos Tambores do Atl\u00e2ntico\u201d. A rua ganhou movimento com a energia vibrante da Academia Fabondi, que trouxe tambores, acrobacias e dan\u00e7as tradicionais, exposi\u00e7\u00e3o de m\u00e1scaras, seguida da abertura da exposi\u00e7\u00e3o \u201cLinguagem da terra, corpo da festa\u201d, de Faustino Gomes.<\/p>\n<p>[\/et_pb_text][\/et_pb_column][\/et_pb_row][et_pb_row column_structure=&#8221;1_2,1_2&#8243; _builder_version=&#8221;4.9.3&#8243; _module_preset=&#8221;default&#8221;][et_pb_column type=&#8221;1_2&#8243; _builder_version=&#8221;4.9.3&#8243; _module_preset=&#8221;default&#8221;][et_pb_image src=&#8221;https:\/\/vida.org.pt\/wp-content\/uploads\/2025\/12\/DJINTIS-25_Abertura-oficial-18_11_25-4-1.jpeg&#8221; title_text=&#8221;DJINTIS 25_Abertura oficial 18_11_25 (4)&#8221; _builder_version=&#8221;4.9.3&#8243; _module_preset=&#8221;default&#8221;][\/et_pb_image][\/et_pb_column][et_pb_column type=&#8221;1_2&#8243; _builder_version=&#8221;4.9.3&#8243; _module_preset=&#8221;default&#8221;][et_pb_image src=&#8221;https:\/\/vida.org.pt\/wp-content\/uploads\/2025\/12\/DJINTIS-25_Abertura-oficial-18_11_25-3.jpeg&#8221; title_text=&#8221;DJINTIS 25_Abertura oficial 18_11_25 (3)&#8221; _builder_version=&#8221;4.9.3&#8243; _module_preset=&#8221;default&#8221;][\/et_pb_image][\/et_pb_column][\/et_pb_row][et_pb_row _builder_version=&#8221;4.9.3&#8243; _module_preset=&#8221;default&#8221;][et_pb_column type=&#8221;4_4&#8243; _builder_version=&#8221;4.9.3&#8243; _module_preset=&#8221;default&#8221;][et_pb_text admin_label=&#8221;Text&#8221; _builder_version=&#8221;4.9.3&#8243; text_font_size=&#8221;15px&#8221; background_size=&#8221;initial&#8221; background_position=&#8221;top_left&#8221; background_repeat=&#8221;repeat&#8221;]<\/p>\n<p><strong>Prolongando-se ao longo de 20 dias, at\u00e9 7 de dezembro, <\/strong>a <strong>programa\u00e7\u00e3o<\/strong>, dedicada a diferentes faixas et\u00e1rias, destacou-se pela sua <strong>diversidade de eventos, est\u00e9ticas, tem\u00e1ticas e naturezas<\/strong>, contando com <strong>espet\u00e1culos e performances<\/strong> de <strong>artistas e companhias internacionais<\/strong> que emocionaram e fizeram o p\u00fablico vibrar.<\/p>\n<p>Destacam-se: <em>A Caminhada dos Elefantes<\/em>, da Formiga At\u00f3mica (Portugal); <em>Dr. Raimundo<\/em>, do Coletivo Justina (Brasil); <em>Sacralidade<\/em> e <em>As seis mulheres de Am\u00edlcar<\/em>, da Companhia Raiz di Poilon (Cabo Verde); <em>L\u2019arbre et moi<\/em>, de Patrick Mohr\/Th\u00e9\u00e2tre Spiralle (Senegal\/Sui\u00e7a); <em>Racine des Vies<\/em>, de Shelly Ohene-Nyako (Gana\/Sui\u00e7a) e Babacar Man\u00e9 (Senegal); <em>Apeadeiro<\/em>, de Nuno Cardoso (Portugal); <em>Le Silence des Tabous,<\/em> da Youle Compagnie (Fran\u00e7a\/Rep\u00fablica do Congo); <em>Passa-Porte<\/em>, da Hotel Europa (Portugal); <em>Ritmo da Semente<\/em>, de Beatriz Teod\u00f3sio e Patr\u00edcia Fonseca (Portugal); e <em>Que nos voix r\u00e9sonnent<\/em>, de Cybelline de Souza\/Th\u00e9\u00e2tre au Compteur (Benim\/Sui\u00e7a).<\/p>\n<p>[\/et_pb_text][\/et_pb_column][\/et_pb_row][et_pb_row column_structure=&#8221;1_2,1_2&#8243; _builder_version=&#8221;4.9.3&#8243; _module_preset=&#8221;default&#8221;][et_pb_column type=&#8221;1_2&#8243; _builder_version=&#8221;4.9.3&#8243; _module_preset=&#8221;default&#8221;][et_pb_image src=&#8221;https:\/\/vida.org.pt\/wp-content\/uploads\/2025\/12\/LAbre-et-moi_PatrickMohr-4.jpeg&#8221; title_text=&#8221;L&#8217;Abre et moi_PatrickMohr (4)&#8221; _builder_version=&#8221;4.9.3&#8243; _module_preset=&#8221;default&#8221;][\/et_pb_image][et_pb_image src=&#8221;https:\/\/vida.org.pt\/wp-content\/uploads\/2025\/12\/Racine-des-Vies-4-1.jpeg&#8221; title_text=&#8221;Racine des Vies (4)&#8221; _builder_version=&#8221;4.9.3&#8243; _module_preset=&#8221;default&#8221;][\/et_pb_image][et_pb_image src=&#8221;https:\/\/vida.org.pt\/wp-content\/uploads\/2025\/12\/Que-nos-voix-resonnent_Cybelline-de-Souza-1.jpeg&#8221; title_text=&#8221;Que nos voix resonnent_Cybelline de Souza (1)&#8221; _builder_version=&#8221;4.9.3&#8243; _module_preset=&#8221;default&#8221;][\/et_pb_image][\/et_pb_column][et_pb_column type=&#8221;1_2&#8243; _builder_version=&#8221;4.9.3&#8243; _module_preset=&#8221;default&#8221;][et_pb_image src=&#8221;https:\/\/vida.org.pt\/wp-content\/uploads\/2025\/12\/ACaminhadaDosElefantes_FormigaAtomica-5-ONG-VIDA_Ur-GENTE.jpeg&#8221; title_text=&#8221;ACaminhadaDosElefantes_FormigaAtomica (5) ONG VIDA_Ur-GENTE&#8221; _builder_version=&#8221;4.9.3&#8243; _module_preset=&#8221;default&#8221;][\/et_pb_image][et_pb_image src=&#8221;https:\/\/vida.org.pt\/wp-content\/uploads\/2025\/12\/Le-Silence-des-Tabous_01-12-2025-2-1.jpeg&#8221; title_text=&#8221;Le Silence des Tabous_01-12-2025 (2)&#8221; _builder_version=&#8221;4.9.3&#8243; _module_preset=&#8221;default&#8221;][\/et_pb_image][et_pb_image src=&#8221;https:\/\/vida.org.pt\/wp-content\/uploads\/2025\/12\/Passa-porte_HotelEuropa-2.jpeg&#8221; title_text=&#8221;Passa-porte_HotelEuropa (2)&#8221; _builder_version=&#8221;4.9.3&#8243; _module_preset=&#8221;default&#8221;][\/et_pb_image][\/et_pb_column][\/et_pb_row][et_pb_row _builder_version=&#8221;4.9.3&#8243; _module_preset=&#8221;default&#8221;][et_pb_column type=&#8221;4_4&#8243; _builder_version=&#8221;4.9.3&#8243; _module_preset=&#8221;default&#8221;][et_pb_text admin_label=&#8221;Text&#8221; _builder_version=&#8221;4.9.3&#8243; text_font_size=&#8221;15px&#8221; background_size=&#8221;initial&#8221; background_position=&#8221;top_left&#8221; background_repeat=&#8221;repeat&#8221;]<\/p>\n<p>Para al\u00e9m das cria\u00e7\u00f5es internacionais, passaram tamb\u00e9m pelos palcos do DJINTIS, <strong>diversas cria\u00e7\u00f5es nacionais<\/strong>, em coprodu\u00e7\u00e3o com o Ur-GENTE, num <strong>Ciclo de Artistas Emergentes,<\/strong> que contemplaram performances como <em>Kali e a Caba\u00e7a<\/em>, do grupo Ami Ku Nha Sunhu; <em>Akotorbid\u00f3<\/em>, de Ismael Cassam\u00e1 e Idumo Lopes; <em>Entre Ra\u00edzes e Passos<\/em>, de Mariama San\u00e9 e Idumo Lopes; e <em>Falas e Falas<\/em>, de Baldir Bald\u00e9 e Ismael Cassam\u00e1.<\/p>\n<p>[\/et_pb_text][\/et_pb_column][\/et_pb_row][et_pb_row column_structure=&#8221;1_2,1_2&#8243; _builder_version=&#8221;4.9.3&#8243; _module_preset=&#8221;default&#8221;][et_pb_column type=&#8221;1_2&#8243; _builder_version=&#8221;4.9.3&#8243; _module_preset=&#8221;default&#8221;][et_pb_image src=&#8221;https:\/\/vida.org.pt\/wp-content\/uploads\/2025\/12\/Entre-Raizes-e-Passos-3.jpeg&#8221; title_text=&#8221;Entre Raizes e Passos (3)&#8221; _builder_version=&#8221;4.9.3&#8243; _module_preset=&#8221;default&#8221;][\/et_pb_image][\/et_pb_column][et_pb_column type=&#8221;1_2&#8243; _builder_version=&#8221;4.9.3&#8243; _module_preset=&#8221;default&#8221;][et_pb_image src=&#8221;https:\/\/vida.org.pt\/wp-content\/uploads\/2025\/12\/Kali-e-a-Cabaca_25-11-2025-9-2.jpeg&#8221; title_text=&#8221;Kali e a Cabaca_25-11-2025 (9)&#8221; _builder_version=&#8221;4.9.3&#8243; _module_preset=&#8221;default&#8221;][\/et_pb_image][\/et_pb_column][\/et_pb_row][et_pb_row _builder_version=&#8221;4.9.3&#8243; _module_preset=&#8221;default&#8221;][et_pb_column type=&#8221;4_4&#8243; _builder_version=&#8221;4.9.3&#8243; _module_preset=&#8221;default&#8221;][et_pb_text admin_label=&#8221;Text&#8221; _builder_version=&#8221;4.9.3&#8243; text_font_size=&#8221;15px&#8221; background_size=&#8221;initial&#8221; background_position=&#8221;top_left&#8221; background_repeat=&#8221;repeat&#8221; hover_enabled=&#8221;0&#8243; sticky_enabled=&#8221;0&#8243;]<\/p>\n<p>Outras sess\u00f5es inclu\u00edram a oficina para crian\u00e7as \u201cA Caminhada dos Elefantes\u201d, com a Formiga At\u00f3mica (Portugal); a Roda de Contos, em parceria com o projeto \u201cJovens Leitores\u201d (FEC); um Workshop de Cria\u00e7\u00e3o de Marionetas, com Atch\u00f4 Express (Guin\u00e9-Bissau); e a exibi\u00e7\u00e3o dos document\u00e1rios <em>Filhos do Meio \u2013 Hip Hop \u00e0 Margem<\/em> (parceria com a C\u00e2mara Municipal de Almada) e <em>Urson\u00e2ncias<\/em> (Companhia de M\u00fasica Teatral) que conta a jornada de forma\u00e7\u00e3o e cria\u00e7\u00e3o que deu vida ao projeto e espa\u00e7o Ur-GENTE.<\/p>\n<p>Foram tamb\u00e9m in\u00fameros os <strong>workshop formativos<\/strong>, abertos a jovens talentos e a todos os curiosos, que permitiram explorar novas linguagens, ferramentas e formas de cria\u00e7\u00e3o, contado com a participa\u00e7\u00e3o de <strong>110 formandos<\/strong>: <em>O Ator-Contador<\/em>, com Patrick Mohr\/Th\u00e9\u00e2tre Spiralle (Sui\u00e7a\/Senegal); <em>Arte Viva: Corpo, Dramaturgia e Comunidade<\/em> e <em>Forma\u00e7\u00e3o e Cria\u00e7\u00e3o em Territ\u00f3rio<\/em>, com Nuno Cardoso (Portugal); <em>Dramaturgias Emergentes<\/em>, com Takai\u00fana (Brasil); <em>Ser Humus\/Puls\u00e3o Vital<\/em>, com Ang\u00e9lica Riquelme (Chile); e <em>O Corpo como Dramaturgia<\/em>, com Cybelline de Souza (Benim\/Sui\u00e7a).<\/p>\n<p>[\/et_pb_text][\/et_pb_column][\/et_pb_row][et_pb_row column_structure=&#8221;1_2,1_2&#8243; _builder_version=&#8221;4.9.3&#8243; _module_preset=&#8221;default&#8221;][et_pb_column type=&#8221;1_2&#8243; _builder_version=&#8221;4.9.3&#8243; _module_preset=&#8221;default&#8221;][et_pb_image src=&#8221;https:\/\/vida.org.pt\/wp-content\/uploads\/2025\/12\/Formacao-e-Criacao-emTerritorio_NunoCardoso-5-1.jpeg&#8221; title_text=&#8221;Formacao e Criacao emTerritorio_NunoCardoso (5)&#8221; _builder_version=&#8221;4.9.3&#8243; _module_preset=&#8221;default&#8221;][\/et_pb_image][\/et_pb_column][et_pb_column type=&#8221;1_2&#8243; _builder_version=&#8221;4.9.3&#8243; _module_preset=&#8221;default&#8221;][et_pb_image src=&#8221;https:\/\/vida.org.pt\/wp-content\/uploads\/2025\/12\/Formacao-Ser-Humus_Angelica-Riquelme-1-1.jpeg&#8221; title_text=&#8221;Formacao Ser Humus_Angelica Riquelme (1)&#8221; _builder_version=&#8221;4.9.3&#8243; _module_preset=&#8221;default&#8221;][\/et_pb_image][\/et_pb_column][\/et_pb_row][et_pb_row _builder_version=&#8221;4.9.3&#8243; _module_preset=&#8221;default&#8221;][et_pb_column type=&#8221;4_4&#8243; _builder_version=&#8221;4.9.3&#8243; _module_preset=&#8221;default&#8221;][et_pb_text admin_label=&#8221;Text&#8221; _builder_version=&#8221;4.9.3&#8243; text_font_size=&#8221;15px&#8221; background_size=&#8221;initial&#8221; background_position=&#8221;top_left&#8221; background_repeat=&#8221;repeat&#8221;]<\/p>\n<p>O <strong>\u00faltimo dia, 7 de dezembro<\/strong>, condensou <strong>a energia, a diversidade e a criatividade transversais \u00e0 2\u00aa edi\u00e7\u00e3o<\/strong>. A tarde come\u00e7ou com a apresenta\u00e7\u00e3o vibrante do Grupo de Mandjuandadi Netos de Amizade de Cuntum, que encheu o espa\u00e7o com a for\u00e7a das vozes femininas, o compasso dos tambores e a alegria coletiva desta tradi\u00e7\u00e3o. O Flashmob \u201cComment \u00c7a-va\u201d trouxe ao espa\u00e7o uma atua\u00e7\u00e3o coreogr\u00e1fica pensada especialmente para o festival, ocupando o centro do recinto com movimento, ritmo e presen\u00e7a, e criando um momento de cumplicidade art\u00edstica entre os int\u00e9rpretes e quem assistia. Antes da atividade final do dia, o p\u00fablico foi ainda brindado com uma <em>Poetry Slam <\/em>\u2014 um momento em que a poesia ganhou corpo e voz para provocar, refletir e conectar.<\/p>\n<p>O Festival DJINTIS 2025 encerrou com o concerto ao vivo da lend\u00e1ria banda Furkuntunda, que trouxe ao palco a sua energia inconfund\u00edvel, unindo m\u00fasica, dan\u00e7a e consci\u00eancia social numa apresenta\u00e7\u00e3o que celebrou as ra\u00edzes e o futuro da m\u00fasica guineense. O concerto transformou a noite num grande encontro coletivo, onde tradi\u00e7\u00e3o e modernidade se cruzaram, criando um ambiente de festa, emo\u00e7\u00e3o e perten\u00e7a.<\/p>\n<p>[\/et_pb_text][\/et_pb_column][\/et_pb_row][et_pb_row column_structure=&#8221;1_2,1_2&#8243; _builder_version=&#8221;4.9.3&#8243; _module_preset=&#8221;default&#8221;][et_pb_column type=&#8221;1_2&#8243; _builder_version=&#8221;4.9.3&#8243; _module_preset=&#8221;default&#8221;][et_pb_image src=&#8221;https:\/\/vida.org.pt\/wp-content\/uploads\/2025\/12\/Furkuntunda_encerramento-2.jpeg&#8221; title_text=&#8221;Furkuntunda_encerramento (2)&#8221; _builder_version=&#8221;4.9.3&#8243; _module_preset=&#8221;default&#8221;][\/et_pb_image][et_pb_image src=&#8221;https:\/\/vida.org.pt\/wp-content\/uploads\/2025\/12\/Entrega-certificados-formandos-UrG-9.jpeg&#8221; title_text=&#8221;Entrega certificados formandos UrG (9)&#8221; _builder_version=&#8221;4.9.3&#8243; _module_preset=&#8221;default&#8221; hover_enabled=&#8221;0&#8243; sticky_enabled=&#8221;0&#8243;][\/et_pb_image][\/et_pb_column][et_pb_column type=&#8221;1_2&#8243; _builder_version=&#8221;4.9.3&#8243; _module_preset=&#8221;default&#8221;][et_pb_image src=&#8221;https:\/\/vida.org.pt\/wp-content\/uploads\/2025\/12\/Encerramento-Djintis-4.jpeg&#8221; title_text=&#8221;Encerramento Djintis (4)&#8221; _builder_version=&#8221;4.9.3&#8243; _module_preset=&#8221;default&#8221;][\/et_pb_image][et_pb_image src=&#8221;https:\/\/vida.org.pt\/wp-content\/uploads\/2025\/12\/Flashmob-Comment-ca-va-2.jpeg&#8221; title_text=&#8221;Flashmob Comment \u00e7a va (2)&#8221; _builder_version=&#8221;4.9.3&#8243; _module_preset=&#8221;default&#8221; hover_enabled=&#8221;0&#8243; sticky_enabled=&#8221;0&#8243;][\/et_pb_image][\/et_pb_column][\/et_pb_row][et_pb_row _builder_version=&#8221;4.9.3&#8243; _module_preset=&#8221;default&#8221;][et_pb_column type=&#8221;4_4&#8243; _builder_version=&#8221;4.9.3&#8243; _module_preset=&#8221;default&#8221;][et_pb_text admin_label=&#8221;Text&#8221; _builder_version=&#8221;4.9.3&#8243; text_font_size=&#8221;15px&#8221; background_size=&#8221;initial&#8221; background_position=&#8221;top_left&#8221; background_repeat=&#8221;repeat&#8221; hover_enabled=&#8221;0&#8243; sticky_enabled=&#8221;0&#8243;]<\/p>\n<p>As atividades que n\u00e3o puderam ser concretizadas ser\u00e3o reprogramadas, porque o DJINTIS n\u00e3o se esgota num calend\u00e1rio: \u00e9 um processo vivo, que insiste, regressa e promete. Em Bissau, mesmo quando o ch\u00e3o treme, a cria\u00e7\u00e3o permanece.<\/p>\n<p>Um agradecimento profundo e sorridente a todos os que fizeram deste festival uma hist\u00f3ria com mem\u00f3ria e futuro de se querer mais. Mais vale cedo ou tarde do que nunca: iniciou-se assim esta segunda edi\u00e7\u00e3o e, sob esse karma, j\u00e1 sonha o novembro pr\u00f3ximo, acrescentando \u00e0 Terra e ao Fogo a \u00c1gua, os amigos, os sonhos e as concretiza\u00e7\u00f5es. At\u00e9 breve.<\/p>\n<p><em><strong>\u201cA utopia est\u00e1 l\u00e1 no horizonte. Aproximo-me dois passos, ela afasta-se dois passos. Caminho dez passos e o horizonte corre dez passos. Por mais que eu caminhe, jamais a alcan\u00e7arei. Para que serve a utopia? Serve para isso: para caminhar.\u201d<\/strong><\/em> <em>Eduardo Galeano<\/em><\/p>\n<p>[\/et_pb_text][\/et_pb_column][\/et_pb_row][et_pb_row _builder_version=&#8221;4.9.3&#8243; _module_preset=&#8221;default&#8221;][et_pb_column type=&#8221;4_4&#8243; _builder_version=&#8221;4.9.3&#8243; _module_preset=&#8221;default&#8221;][et_pb_image src=&#8221;https:\/\/vida.org.pt\/wp-content\/uploads\/2025\/11\/Todos-logos@2x-1-scaled.png&#8221; title_text=&#8221;Todos logos@2x&#8221; _builder_version=&#8221;4.9.3&#8243; _module_preset=&#8221;default&#8221;][\/et_pb_image][\/et_pb_column][\/et_pb_row][\/et_pb_section]<\/p>\n","protected":false},"excerpt":{"rendered":"<p>[et_pb_section fb_built=&#8221;1&#8243; admin_label=&#8221;section&#8221; _builder_version=&#8221;3.22&#8243; custom_padding=&#8221;9px|||||&#8221;][et_pb_row _builder_version=&#8221;4.9.3&#8243; _module_preset=&#8221;default&#8221; custom_padding=&#8221;16px|||||&#8221;][et_pb_column type=&#8221;4_4&#8243; _builder_version=&#8221;4.9.3&#8243; _module_preset=&#8221;default&#8221;][et_pb_image src=&#8221;https:\/\/vida.org.pt\/wp-content\/uploads\/2025\/12\/LArbre-et-moi_Quinhamel_30-11-2025-2-1.jpeg&#8221; title_text=&#8221;L&#8217;Arbre et moi_Quinhamel_30-11-2025 (2)&#8221; _builder_version=&#8221;4.9.3&#8243; _module_preset=&#8221;default&#8221;][\/et_pb_image][\/et_pb_column][\/et_pb_row][et_pb_row admin_label=&#8221;row&#8221; _builder_version=&#8221;3.25&#8243; background_size=&#8221;initial&#8221; background_position=&#8221;top_left&#8221; background_repeat=&#8221;repeat&#8221;][et_pb_column type=&#8221;4_4&#8243; _builder_version=&#8221;3.25&#8243; custom_padding=&#8221;|||&#8221; custom_padding__hover=&#8221;|||&#8221;][et_pb_text admin_label=&#8221;Text&#8221; _builder_version=&#8221;4.9.3&#8243; text_font_size=&#8221;15px&#8221; background_size=&#8221;initial&#8221; background_position=&#8221;top_left&#8221; background_repeat=&#8221;repeat&#8221; custom_margin=&#8221;||20px|||&#8221; hover_enabled=&#8221;0&#8243; sticky_enabled=&#8221;0&#8243;] Entre voltas e reviravoltas, de 17 de novembro a 7 de dezembro de 2025, a 2.\u00aa edi\u00e7\u00e3o do DJINTIS [&hellip;]<\/p>\n","protected":false},"author":2,"featured_media":34921,"comment_status":"open","ping_status":"open","sticky":false,"template":"","format":"standard","meta":{"_et_pb_use_builder":"on","_et_pb_old_content":"<strong>Entre 17 de novembro e 7 de dezembro de 2025, a 2\u00aa edi\u00e7\u00e3o do DJINTIS - Festival Internacional de Artes C\u00e9nicas de Bissau, celebrou, de forma contagiante, a diversidade e a criatividade com programa\u00e7\u00e3o diversa para todos os p\u00fablicos. Ao longo de 20 dias, 40 eventos juntaram artistas e companhias de 10 nacionalidades e um total de XXXX participantes.<\/strong>","_et_gb_content_width":"","_monsterinsights_skip_tracking":false,"_monsterinsights_sitenote_active":false,"_monsterinsights_sitenote_note":"","_monsterinsights_sitenote_category":0,"footnotes":""},"categories":[10],"tags":[],"class_list":["post-34920","post","type-post","status-publish","format-standard","has-post-thumbnail","hentry","category-noticias"],"_links":{"self":[{"href":"https:\/\/vida.org.pt\/en\/wp-json\/wp\/v2\/posts\/34920","targetHints":{"allow":["GET"]}}],"collection":[{"href":"https:\/\/vida.org.pt\/en\/wp-json\/wp\/v2\/posts"}],"about":[{"href":"https:\/\/vida.org.pt\/en\/wp-json\/wp\/v2\/types\/post"}],"author":[{"embeddable":true,"href":"https:\/\/vida.org.pt\/en\/wp-json\/wp\/v2\/users\/2"}],"replies":[{"embeddable":true,"href":"https:\/\/vida.org.pt\/en\/wp-json\/wp\/v2\/comments?post=34920"}],"version-history":[{"count":7,"href":"https:\/\/vida.org.pt\/en\/wp-json\/wp\/v2\/posts\/34920\/revisions"}],"predecessor-version":[{"id":34954,"href":"https:\/\/vida.org.pt\/en\/wp-json\/wp\/v2\/posts\/34920\/revisions\/34954"}],"wp:featuredmedia":[{"embeddable":true,"href":"https:\/\/vida.org.pt\/en\/wp-json\/wp\/v2\/media\/34921"}],"wp:attachment":[{"href":"https:\/\/vida.org.pt\/en\/wp-json\/wp\/v2\/media?parent=34920"}],"wp:term":[{"taxonomy":"category","embeddable":true,"href":"https:\/\/vida.org.pt\/en\/wp-json\/wp\/v2\/categories?post=34920"},{"taxonomy":"post_tag","embeddable":true,"href":"https:\/\/vida.org.pt\/en\/wp-json\/wp\/v2\/tags?post=34920"}],"curies":[{"name":"wp","href":"https:\/\/api.w.org\/{rel}","templated":true}]}}