{"id":34645,"date":"2025-09-11T13:21:21","date_gmt":"2025-09-11T13:21:21","guid":{"rendered":"https:\/\/vida.org.pt\/?p=34645"},"modified":"2026-01-14T10:45:27","modified_gmt":"2026-01-14T10:45:27","slug":"linha-de-saude-24h-guine-bissau-primeiro-ano-funcionamento","status":"publish","type":"post","link":"https:\/\/vida.org.pt\/en\/linha-de-saude-24h-guine-bissau-primeiro-ano-funcionamento\/","title":{"rendered":"Linha de Sa\u00fade 24h: Mais de 11 mil chamadas recebidas no primeiro ano de funcionamento"},"content":{"rendered":"<p>[et_pb_section fb_built=&#8221;1&#8243; _builder_version=&#8221;4.9.3&#8243; _module_preset=&#8221;default&#8221; custom_padding=&#8221;12px||0px|||&#8221;][et_pb_row _builder_version=&#8221;4.9.3&#8243; _module_preset=&#8221;default&#8221; min_height=&#8221;135.6px&#8221; custom_padding=&#8221;||0px|||&#8221;][et_pb_column type=&#8221;4_4&#8243; _builder_version=&#8221;4.9.3&#8243; _module_preset=&#8221;default&#8221;][et_pb_image src=&#8221;https:\/\/vida.org.pt\/wp-content\/uploads\/2025\/09\/DSC_2583-scaled.jpg&#8221; title_text=&#8221;DSC_2583&#8243; _builder_version=&#8221;4.9.3&#8243; _module_preset=&#8221;default&#8221; custom_margin=&#8221;||36px|||&#8221;][\/et_pb_image][et_pb_text _builder_version=&#8221;4.9.3&#8243; _module_preset=&#8221;default&#8221; text_font_size=&#8221;15px&#8221; custom_margin=&#8221;||15px|||&#8221;]<\/p>\n<div class=\"xdj266r x11i5rnm xat24cr x1mh8g0r x1vvkbs x126k92a\">\n<div dir=\"auto\">\n<p><strong>Em julho de 2025, a Linha de Sa\u00fade 24h na Guin\u00e9-Bissau assinala o primeiro ano de funcionamento. Ao longo deste per\u00edodo, recebemos mais de 11 mil chamadas de utentes de todo<span class=\"html-span xdj266r x14z9mp xat24cr x1lziwak xexx8yu xyri2b x18d9i69 x1c1uobl x1hl2dhg x16tdsg8 x1vvkbs\"><a class=\"html-a xdj266r x14z9mp xat24cr x1lziwak xexx8yu xyri2b x18d9i69 x1c1uobl x1hl2dhg x16tdsg8 x1vvkbs\" tabindex=\"-1\"><\/a><\/span> o pa\u00eds.<\/strong><\/p>\n<p>Este servi\u00e7o telef\u00f3nico encontra-se dispon\u00edvel a toda a popula\u00e7\u00e3o da Guin\u00e9-Bissau de forma gratuita e acess\u00edvel 24h por dia.<\/p>\n<p>O projeto <em>\u201cLinha de Sa\u00fade 24h &#8211; Refor\u00e7o da disponibilidade e proximidade dos Servi\u00e7os de Sa\u00fade \u00e0 popula\u00e7\u00e3o da Guin\u00e9-Bissau\u201d<\/em>, iniciado em janeiro de 2024, quer alargar a disponibilidade de servi\u00e7os e de informa\u00e7\u00e3o em sa\u00fade a qualquer cidad\u00e3o, t\u00e9cnico de sa\u00fade ou agente de sa\u00fade comunit\u00e1ria em todo o territ\u00f3rio guineense.<\/p>\n<\/div>\n<\/div>\n<p>[\/et_pb_text][\/et_pb_column][\/et_pb_row][et_pb_row column_structure=&#8221;1_2,1_2&#8243; _builder_version=&#8221;4.9.3&#8243; _module_preset=&#8221;default&#8221;][et_pb_column type=&#8221;1_2&#8243; _builder_version=&#8221;4.9.3&#8243; _module_preset=&#8221;default&#8221;][et_pb_image src=&#8221;https:\/\/vida.org.pt\/wp-content\/uploads\/2025\/09\/DSC_2387-scaled.jpg&#8221; title_text=&#8221;DSC_2387&#8243; _builder_version=&#8221;4.9.3&#8243; _module_preset=&#8221;default&#8221;][\/et_pb_image][\/et_pb_column][et_pb_column type=&#8221;1_2&#8243; _builder_version=&#8221;4.9.3&#8243; _module_preset=&#8221;default&#8221;][et_pb_image src=&#8221;https:\/\/vida.org.pt\/wp-content\/uploads\/2025\/09\/DSC_2447-scaled.jpg&#8221; title_text=&#8221;DSC_2447&#8243; _builder_version=&#8221;4.9.3&#8243; _module_preset=&#8221;default&#8221;][\/et_pb_image][\/et_pb_column][\/et_pb_row][et_pb_row _builder_version=&#8221;4.9.3&#8243; _module_preset=&#8221;default&#8221; custom_padding=&#8221;16px||15px|||&#8221;][et_pb_column type=&#8221;4_4&#8243; _builder_version=&#8221;4.9.3&#8243; _module_preset=&#8221;default&#8221;][et_pb_divider color=&#8221;rgba(0,0,0,0.54)&#8221; _builder_version=&#8221;4.9.3&#8243; _module_preset=&#8221;default&#8221;][\/et_pb_divider][\/et_pb_column][\/et_pb_row][et_pb_row _builder_version=&#8221;4.9.3&#8243; _module_preset=&#8221;default&#8221; custom_padding=&#8221;0px||0px|||&#8221;][et_pb_column type=&#8221;4_4&#8243; _builder_version=&#8221;4.9.3&#8243; _module_preset=&#8221;default&#8221;][et_pb_text _builder_version=&#8221;4.9.3&#8243; _module_preset=&#8221;default&#8221; background_enable_color=&#8221;off&#8221; custom_margin=&#8221;0px|||||&#8221; custom_padding=&#8221;7px|||||&#8221;]<\/p>\n<h3 style=\"text-align: left;\">BALAN\u00c7O DO PRIMEIRO ANO DE FUNCIONAMENTO<\/h3>\n<h4 style=\"text-align: left;\">julho 2024 a julho 2025<\/h4>\n<p>[\/et_pb_text][et_pb_text _builder_version=&#8221;4.9.3&#8243; _module_preset=&#8221;default&#8221; text_font_size=&#8221;15px&#8221; custom_margin=&#8221;||12px|||&#8221; custom_padding=&#8221;11px||16px|||&#8221;]<\/p>\n<p>Entre julho de 2024 e julho de 2025, a equipa da Linha de Sa\u00fade 24h recebeu <strong>um total de 11 098 chamadas<\/strong>, o que equivale a uma m\u00e9dia mensal de 854 chamdas atendidas.<\/p>\n<p>Do total de chamadas,<strong>\u00a072% foram consideradas v\u00e1lidas<\/strong> no \u00e2mbito do servi\u00e7o prestado por este servi\u00e7o telef\u00f3nico, tendo sido<strong>\u00a0aconselhadas pelos profissionais de sa\u00fade da Linha (m\u00e9dicos\/as ou enfermeiros\/as) e\/ou encaminhadas <\/strong>para os respetivos servi\u00e7os\/autoridades competentes.<\/p>\n<p>[\/et_pb_text][\/et_pb_column][\/et_pb_row][et_pb_row column_structure=&#8221;1_3,1_3,1_3&#8243; _builder_version=&#8221;4.9.3&#8243; _module_preset=&#8221;default&#8221; background_enable_color=&#8221;off&#8221; custom_margin=&#8221;-16px|auto||auto||&#8221; custom_padding=&#8221;0px||0px|||&#8221;][et_pb_column type=&#8221;1_3&#8243; _builder_version=&#8221;4.9.3&#8243; _module_preset=&#8221;default&#8221;][et_pb_number_counter title=&#8221;Chamadas recebidas&#8221; number=&#8221;11 098&#8243; percent_sign=&#8221;off&#8221; _builder_version=&#8221;4.9.3&#8243; _module_preset=&#8221;default&#8221; title_text_color=&#8221;#16481e&#8221; title_font_size=&#8221;16px&#8221; number_font=&#8221;|700|||||||&#8221; number_text_color=&#8221;#16481e&#8221; number_font_size=&#8221;38px&#8221; custom_padding=&#8221;27px|||||&#8221;][\/et_pb_number_counter][\/et_pb_column][et_pb_column type=&#8221;1_3&#8243; _builder_version=&#8221;4.9.3&#8243; _module_preset=&#8221;default&#8221;][et_pb_number_counter title=&#8221;M\u00e9dia chamadas mensais&#8221; number=&#8221;854&#8243; percent_sign=&#8221;off&#8221; _builder_version=&#8221;4.9.3&#8243; _module_preset=&#8221;default&#8221; title_text_color=&#8221;#16481e&#8221; title_font_size=&#8221;16px&#8221; number_font=&#8221;|700|||||||&#8221; number_text_color=&#8221;#16481e&#8221; number_font_size=&#8221;38px&#8221; custom_padding=&#8221;27px|||||&#8221;][\/et_pb_number_counter][\/et_pb_column][et_pb_column type=&#8221;1_3&#8243; _builder_version=&#8221;4.9.3&#8243; _module_preset=&#8221;default&#8221;][et_pb_circle_counter title=&#8221;Chamadas v\u00e1lidas&#8221; number=&#8221;72&#8243; bar_bg_color=&#8221;#1b5600&#8243; circle_color=&#8221;rgba(27,86,0,0.68)&#8221; circle_color_alpha=&#8221;0.65&#8243; _builder_version=&#8221;4.9.3&#8243; _module_preset=&#8221;default&#8221; title_text_color=&#8221;#16481e&#8221; title_font_size=&#8221;17px&#8221; number_font=&#8221;|700|||||||&#8221; number_text_color=&#8221;#1b5600&#8243; number_font_size=&#8221;26px&#8221; max_width=&#8221;114px&#8221;][\/et_pb_circle_counter][\/et_pb_column][\/et_pb_row][et_pb_row _builder_version=&#8221;4.9.3&#8243; _module_preset=&#8221;default&#8221; custom_margin=&#8221;7px|auto|24px|auto||&#8221; custom_padding=&#8221;0px||0px|||&#8221;][et_pb_column type=&#8221;4_4&#8243; _builder_version=&#8221;4.9.3&#8243; _module_preset=&#8221;default&#8221;][et_pb_text _builder_version=&#8221;4.9.3&#8243; _module_preset=&#8221;default&#8221; background_color=&#8221;#D6D6D6&#8243; custom_margin=&#8221;13px|||||&#8221; custom_padding=&#8221;11px|||||&#8221;]<\/p>\n<h4 style=\"text-align: left;\">\u00c2mbito das chamadas<\/h4>\n<p>[\/et_pb_text][et_pb_text _builder_version=&#8221;4.9.3&#8243; _module_preset=&#8221;default&#8221; text_font_size=&#8221;15px&#8221; min_height=&#8221;95px&#8221; custom_padding=&#8221;0px||26px|||&#8221;]<\/p>\n<p>A maioria das chamadas foi realizada por <strong>motivos de Sa\u00fade (85,8%)<\/strong>, seguido de chamadas realizadas por <strong>t\u00e9cnicos\/as de sa\u00fade ou agentes de sa\u00fade comunit\u00e1ria (5,1%<\/strong>), ocorr\u00eancias encaminhadas para as autoridades de <strong>Prote\u00e7\u00e3o Civil (4,5%)<\/strong> como bombeiros, pol\u00edcia judici\u00e1ria, pol\u00edcia de ordem p\u00fablica e pol\u00edcia mar\u00edtima, e ainda <strong>den\u00fancias de atos il\u00edcitos (1,6%)<\/strong>.<\/p>\n<p>[\/et_pb_text][\/et_pb_column][\/et_pb_row][et_pb_row column_structure=&#8221;1_3,1_3,1_3&#8243; _builder_version=&#8221;4.9.3&#8243; _module_preset=&#8221;default&#8221; background_enable_color=&#8221;off&#8221; custom_margin=&#8221;-25px|auto||auto||&#8221; custom_padding=&#8221;32px||0px|||&#8221;][et_pb_column type=&#8221;1_3&#8243; _builder_version=&#8221;4.9.3&#8243; _module_preset=&#8221;default&#8221;][et_pb_circle_counter title=&#8221;Sa\u00fade&#8221; number=&#8221;86&#8243; bar_bg_color=&#8221;#1b5600&#8243; circle_color=&#8221;rgba(27,86,0,0.68)&#8221; circle_color_alpha=&#8221;0.65&#8243; _builder_version=&#8221;4.9.3&#8243; _module_preset=&#8221;default&#8221; title_text_color=&#8221;#16481e&#8221; title_font_size=&#8221;17px&#8221; number_font=&#8221;|700|||||||&#8221; number_text_color=&#8221;#1b5600&#8243; number_font_size=&#8221;26px&#8221; max_width=&#8221;114px&#8221;][\/et_pb_circle_counter][\/et_pb_column][et_pb_column type=&#8221;1_3&#8243; _builder_version=&#8221;4.9.3&#8243; _module_preset=&#8221;default&#8221;][et_pb_circle_counter title=&#8221;Apoio T\u00e9cnicos de Sa\u00fade \/ ASC&#8221; number=&#8221;5&#8243; bar_bg_color=&#8221;#1b5600&#8243; circle_color=&#8221;rgba(27,86,0,0.68)&#8221; circle_color_alpha=&#8221;0.65&#8243; _builder_version=&#8221;4.9.3&#8243; _module_preset=&#8221;default&#8221; title_text_color=&#8221;#16481e&#8221; title_font_size=&#8221;17px&#8221; number_font=&#8221;|700|||||||&#8221; number_text_color=&#8221;#1b5600&#8243; number_font_size=&#8221;26px&#8221; max_width=&#8221;114px&#8221;][\/et_pb_circle_counter][\/et_pb_column][et_pb_column type=&#8221;1_3&#8243; _builder_version=&#8221;4.9.3&#8243; _module_preset=&#8221;default&#8221;][et_pb_circle_counter title=&#8221;Prote\u00e7\u00e3o Civil&#8221; number=&#8221;4,5&#8243; bar_bg_color=&#8221;#1b5600&#8243; circle_color=&#8221;rgba(27,86,0,0.68)&#8221; circle_color_alpha=&#8221;0.65&#8243; _builder_version=&#8221;4.9.3&#8243; _module_preset=&#8221;default&#8221; title_text_color=&#8221;#16481e&#8221; title_font_size=&#8221;17px&#8221; number_font=&#8221;|700|||||||&#8221; number_text_color=&#8221;#1b5600&#8243; number_font_size=&#8221;26px&#8221; max_width=&#8221;114px&#8221;][\/et_pb_circle_counter][\/et_pb_column][\/et_pb_row][et_pb_row _builder_version=&#8221;4.9.3&#8243; _module_preset=&#8221;default&#8221; custom_padding=&#8221;38px||4px|||&#8221;][et_pb_column type=&#8221;4_4&#8243; _builder_version=&#8221;4.9.3&#8243; _module_preset=&#8221;default&#8221;][et_pb_divider color=&#8221;rgba(0,0,0,0.54)&#8221; _builder_version=&#8221;4.9.3&#8243; _module_preset=&#8221;default&#8221;][\/et_pb_divider][et_pb_text _builder_version=&#8221;4.9.3&#8243; _module_preset=&#8221;default&#8221; header_3_font_size=&#8221;20px&#8221; background_enable_color=&#8221;off&#8221; custom_margin=&#8221;0px|||||&#8221; custom_padding=&#8221;7px|||||&#8221;]<\/p>\n<h3 style=\"text-align: left;\">ENCONTRO DE COORDENA\u00c7\u00c3O ENTRE PARCEIROS DA LINHA DE SA\u00daDE 24H<\/h3>\n<h4 style=\"text-align: left;\">30 julho 2025<\/h4>\n<p>[\/et_pb_text][\/et_pb_column][\/et_pb_row][et_pb_row column_structure=&#8221;1_2,1_2&#8243; _builder_version=&#8221;4.9.3&#8243; _module_preset=&#8221;default&#8221;][et_pb_column type=&#8221;1_2&#8243; _builder_version=&#8221;4.9.3&#8243; _module_preset=&#8221;default&#8221;][et_pb_image src=&#8221;https:\/\/vida.org.pt\/wp-content\/uploads\/2025\/09\/WhatsApp-Image-2025-07-30-at-15.27.05.jpeg&#8221; title_text=&#8221;WhatsApp Image 2025-07-30 at 15.27.05&#8243; _builder_version=&#8221;4.9.3&#8243; _module_preset=&#8221;default&#8221;][\/et_pb_image][\/et_pb_column][et_pb_column type=&#8221;1_2&#8243; _builder_version=&#8221;4.9.3&#8243; _module_preset=&#8221;default&#8221;][et_pb_image src=&#8221;https:\/\/vida.org.pt\/wp-content\/uploads\/2025\/09\/WhatsApp-Image-2025-07-30-at-15.27.11.jpeg&#8221; title_text=&#8221;WhatsApp Image 2025-07-30 at 15.27.11&#8243; _builder_version=&#8221;4.9.3&#8243; _module_preset=&#8221;default&#8221;][\/et_pb_image][\/et_pb_column][\/et_pb_row][et_pb_row _builder_version=&#8221;4.9.3&#8243; _module_preset=&#8221;default&#8221; custom_padding=&#8221;24px||5px|||&#8221;][et_pb_column type=&#8221;4_4&#8243; _builder_version=&#8221;4.9.3&#8243; _module_preset=&#8221;default&#8221;][et_pb_text _builder_version=&#8221;4.9.3&#8243; _module_preset=&#8221;default&#8221; text_font_size=&#8221;15px&#8221; min_height=&#8221;100px&#8221; custom_margin=&#8221;-32px|||||&#8221; custom_padding=&#8221;11px||18px|||&#8221;]<\/p>\n<p><span>No dia 30 de julho de 2025, realiz\u00e1mos, em Bissau, um encontro de coordena\u00e7\u00e3o com todos os parceiros da Linha de Sa\u00fade 24h para um balan\u00e7o do primeiro<\/span> ano de funcionamento, refletindo sobre os pontos fortes e casos de sucesso, assim como os desafios e pontos de melhoria a serem trabalhados em conjunto.\u00a0<\/p>\n<p><span>O trabalho em rede e o contributo de todos os parceiros \u00e9 fundamental para o sucesso da Linha de Sa\u00fade 24h.<\/span><\/p>\n<p>[\/et_pb_text][et_pb_button button_url=&#8221;https:\/\/rtpafrica.rtp.pt\/noticias\/uine-bissau-linha-saude-24-ja-registou-mais-de-12-mil-chamadas\/&#8221; url_new_window=&#8221;on&#8221; button_text=&#8221;Ver a reportagem&#8221; button_alignment=&#8221;left&#8221; _builder_version=&#8221;4.9.3&#8243; _module_preset=&#8221;default&#8221; custom_button=&#8221;on&#8221; button_text_size=&#8221;15px&#8221; custom_margin=&#8221;12px|||||&#8221;][\/et_pb_button][\/et_pb_column][\/et_pb_row][et_pb_row _builder_version=&#8221;4.9.3&#8243; _module_preset=&#8221;default&#8221; min_height=&#8221;135.6px&#8221; custom_padding=&#8221;||0px|||&#8221;][et_pb_column type=&#8221;4_4&#8243; _builder_version=&#8221;4.9.3&#8243; _module_preset=&#8221;default&#8221;][et_pb_divider color=&#8221;rgba(0,0,0,0.54)&#8221; _builder_version=&#8221;4.9.3&#8243; _module_preset=&#8221;default&#8221; custom_margin=&#8221;13px||23px|||&#8221;][\/et_pb_divider][et_pb_text _builder_version=&#8221;4.9.3&#8243; _module_preset=&#8221;default&#8221; text_font_size=&#8221;15px&#8221; custom_margin=&#8221;||24px|||&#8221;]<\/p>\n<div class=\"xdj266r x11i5rnm xat24cr x1mh8g0r x1vvkbs x126k92a\">\n<div dir=\"auto\"><a href=\"\/\/vida.org.pt\/wp-content\/uploads\/2024\/01\/Ficha-tecnica_Linha-Saude-24h.pdf\"><em>A Linha de Sa\u00fade 24h \u00e9 coordenada pela ONGD VIDA, em estreita parceria com o Minist\u00e9rio da Sa\u00fade P\u00fablica da Guin\u00e9-Bissau, e conta com o financiamento do Cam\u00f5es I.P., PNUD, UNICEF Guin\u00e9-Bissau e Fundo para a Consolida\u00e7\u00e3o da Paz das Na\u00e7\u00f5es Unidas.<\/em><\/a><\/div>\n<\/div>\n<p>[\/et_pb_text][\/et_pb_column][\/et_pb_row][\/et_pb_section]<\/p>\n","protected":false},"excerpt":{"rendered":"<p>[et_pb_section fb_built=&#8221;1&#8243; _builder_version=&#8221;4.9.3&#8243; _module_preset=&#8221;default&#8221; custom_padding=&#8221;12px||0px|||&#8221;][et_pb_row _builder_version=&#8221;4.9.3&#8243; _module_preset=&#8221;default&#8221; min_height=&#8221;135.6px&#8221; custom_padding=&#8221;||0px|||&#8221;][et_pb_column type=&#8221;4_4&#8243; _builder_version=&#8221;4.9.3&#8243; _module_preset=&#8221;default&#8221;][et_pb_image src=&#8221;https:\/\/vida.org.pt\/wp-content\/uploads\/2025\/09\/DSC_2583-scaled.jpg&#8221; title_text=&#8221;DSC_2583&#8243; _builder_version=&#8221;4.9.3&#8243; _module_preset=&#8221;default&#8221; custom_margin=&#8221;||36px|||&#8221;][\/et_pb_image][et_pb_text _builder_version=&#8221;4.9.3&#8243; _module_preset=&#8221;default&#8221; text_font_size=&#8221;15px&#8221; custom_margin=&#8221;||15px|||&#8221;] Em julho de 2025, a Linha de Sa\u00fade 24h na Guin\u00e9-Bissau assinala o primeiro ano de funcionamento. Ao longo deste per\u00edodo, recebemos mais de 11 mil chamadas de utentes de todo o pa\u00eds. Este [&hellip;]<\/p>\n","protected":false},"author":2,"featured_media":33853,"comment_status":"open","ping_status":"open","sticky":false,"template":"","format":"standard","meta":{"_et_pb_use_builder":"on","_et_pb_old_content":"","_et_gb_content_width":"","_monsterinsights_skip_tracking":false,"_monsterinsights_sitenote_active":false,"_monsterinsights_sitenote_note":"","_monsterinsights_sitenote_category":0,"footnotes":""},"categories":[10],"tags":[],"class_list":["post-34645","post","type-post","status-publish","format-standard","has-post-thumbnail","hentry","category-noticias"],"_links":{"self":[{"href":"https:\/\/vida.org.pt\/en\/wp-json\/wp\/v2\/posts\/34645","targetHints":{"allow":["GET"]}}],"collection":[{"href":"https:\/\/vida.org.pt\/en\/wp-json\/wp\/v2\/posts"}],"about":[{"href":"https:\/\/vida.org.pt\/en\/wp-json\/wp\/v2\/types\/post"}],"author":[{"embeddable":true,"href":"https:\/\/vida.org.pt\/en\/wp-json\/wp\/v2\/users\/2"}],"replies":[{"embeddable":true,"href":"https:\/\/vida.org.pt\/en\/wp-json\/wp\/v2\/comments?post=34645"}],"version-history":[{"count":7,"href":"https:\/\/vida.org.pt\/en\/wp-json\/wp\/v2\/posts\/34645\/revisions"}],"predecessor-version":[{"id":34969,"href":"https:\/\/vida.org.pt\/en\/wp-json\/wp\/v2\/posts\/34645\/revisions\/34969"}],"wp:featuredmedia":[{"embeddable":true,"href":"https:\/\/vida.org.pt\/en\/wp-json\/wp\/v2\/media\/33853"}],"wp:attachment":[{"href":"https:\/\/vida.org.pt\/en\/wp-json\/wp\/v2\/media?parent=34645"}],"wp:term":[{"taxonomy":"category","embeddable":true,"href":"https:\/\/vida.org.pt\/en\/wp-json\/wp\/v2\/categories?post=34645"},{"taxonomy":"post_tag","embeddable":true,"href":"https:\/\/vida.org.pt\/en\/wp-json\/wp\/v2\/tags?post=34645"}],"curies":[{"name":"wp","href":"https:\/\/api.w.org\/{rel}","templated":true}]}}