{"id":34443,"date":"2025-06-23T10:38:33","date_gmt":"2025-06-23T10:38:33","guid":{"rendered":"https:\/\/vida.org.pt\/?p=34443"},"modified":"2026-02-12T14:38:05","modified_gmt":"2026-02-12T14:38:05","slug":"projeto-jovens-para-mudanca-reforca-o-compromisso-coletivo-pelo-futuro-sustentavel-no-matutuine-sustainable-development-summit","status":"publish","type":"post","link":"https:\/\/vida.org.pt\/en\/projeto-jovens-para-mudanca-reforca-o-compromisso-coletivo-pelo-futuro-sustentavel-no-matutuine-sustainable-development-summit\/","title":{"rendered":"Projeto \u201cJovens para Mudan\u00e7a\u201d refor\u00e7a o compromisso coletivo pelo futuro sustent\u00e1vel no Matutuine Sustainable Development Summit"},"content":{"rendered":"<p>[et_pb_section fb_built=&#8221;1&#8243; admin_label=&#8221;section&#8221; _builder_version=&#8221;3.22&#8243; custom_padding=&#8221;20px|||||&#8221;][et_pb_row _builder_version=&#8221;4.9.3&#8243; _module_preset=&#8221;default&#8221;][et_pb_column type=&#8221;4_4&#8243; _builder_version=&#8221;4.9.3&#8243; _module_preset=&#8221;default&#8221;][et_pb_image src=&#8221;https:\/\/vida.org.pt\/wp-content\/uploads\/2025\/06\/WhatsApp-Image-2025-06-22-at-11.58.09.jpg&#8221; title_text=&#8221;WhatsApp Image 2025-06-22 at 11.58.09&#8243; _builder_version=&#8221;4.9.3&#8243; _module_preset=&#8221;default&#8221;][\/et_pb_image][\/et_pb_column][\/et_pb_row][et_pb_row admin_label=&#8221;row&#8221; _builder_version=&#8221;3.25&#8243; background_size=&#8221;initial&#8221; background_position=&#8221;top_left&#8221; background_repeat=&#8221;repeat&#8221;][et_pb_column type=&#8221;4_4&#8243; _builder_version=&#8221;3.25&#8243; custom_padding=&#8221;|||&#8221; custom_padding__hover=&#8221;|||&#8221;][et_pb_text admin_label=&#8221;Text&#8221; _builder_version=&#8221;4.9.3&#8243; text_font_size=&#8221;15px&#8221; background_size=&#8221;initial&#8221; background_position=&#8221;top_left&#8221; background_repeat=&#8221;repeat&#8221;]<\/p>\n<p><strong>No \u00e2mbito do projeto &#8220;Jovens para Mudan\u00e7a\u201d, o Centro de Desenvolvimento Comunit\u00e1rio e Ambiental de Djabula, em Matutuine (Mo\u00e7ambique) acolheu no dia 20 de junho de 2025, um encontro distrital com o objetivo de debater os principais desafios e solu\u00e7\u00f5es para a constru\u00e7\u00e3o de um futuro mais verde, inclusivo e resiliente, reunindo estudantes do ensino secund\u00e1rio e t\u00e9cnico-profissional, professores, representantes governamentais e atores econ\u00f3micos e ambientais do distrito.<\/strong><\/p>\n<p>Intitulado Matutuine Sustainable Development Summit, o evento promoveu debates inspiradores sobre ecoturismo, agricultura sustent\u00e1vel, educa\u00e7\u00e3o ambiental e iniciativas de refloresta\u00e7\u00e3o, envolvendo desde lideran\u00e7as locais at\u00e9 jovens vision\u00e1rios\/as comprometidos\/as com a transforma\u00e7\u00e3o do seu territ\u00f3rio. Cont\u00e1mos com a presen\u00e7a de diversos atores como os Servi\u00e7os Distritais de Agricultura e Atividades Econ\u00f3micas e de Educa\u00e7\u00e3o (SDAAE Matutuine), Juventude e Tecnologia (SDEJT Matutuine) do Parque Nacional de Maputo e, ainda, da Confedera\u00e7\u00e3o de Associa\u00e7\u00f5es Econ\u00f3micas de Mo\u00e7ambique.<\/p>\n<p>[\/et_pb_text][\/et_pb_column][\/et_pb_row][et_pb_row column_structure=&#8221;1_2,1_2&#8243; _builder_version=&#8221;4.9.3&#8243; _module_preset=&#8221;default&#8221;][et_pb_column type=&#8221;1_2&#8243; _builder_version=&#8221;4.9.3&#8243; _module_preset=&#8221;default&#8221;][et_pb_image src=&#8221;https:\/\/vida.org.pt\/wp-content\/uploads\/2025\/06\/WhatsApp-Image-2025-06-22-at-11.57.50-1.jpg&#8221; title_text=&#8221;WhatsApp Image 2025-06-22 at 11.57.50 (1)&#8221; _builder_version=&#8221;4.9.3&#8243; _module_preset=&#8221;default&#8221;][\/et_pb_image][et_pb_image src=&#8221;https:\/\/vida.org.pt\/wp-content\/uploads\/2025\/06\/WhatsApp-Image-2025-06-22-at-11.58.06.jpg&#8221; title_text=&#8221;WhatsApp Image 2025-06-22 at 11.58.06&#8243; _builder_version=&#8221;4.9.3&#8243; _module_preset=&#8221;default&#8221;][\/et_pb_image][\/et_pb_column][et_pb_column type=&#8221;1_2&#8243; _builder_version=&#8221;4.9.3&#8243; _module_preset=&#8221;default&#8221;][et_pb_image src=&#8221;https:\/\/vida.org.pt\/wp-content\/uploads\/2025\/06\/WhatsApp-Image-2025-06-22-at-11.57.59-1.jpg&#8221; title_text=&#8221;WhatsApp Image 2025-06-22 at 11.57.59 (1)&#8221; _builder_version=&#8221;4.9.3&#8243; _module_preset=&#8221;default&#8221;][\/et_pb_image][et_pb_image src=&#8221;https:\/\/vida.org.pt\/wp-content\/uploads\/2025\/06\/WhatsApp-Image-2025-06-22-at-11.57.49-2.jpg&#8221; title_text=&#8221;WhatsApp Image 2025-06-22 at 11.57.49-2&#8243; _builder_version=&#8221;4.9.3&#8243; _module_preset=&#8221;default&#8221;][\/et_pb_image][\/et_pb_column][\/et_pb_row][et_pb_row column_structure=&#8221;1_2,1_2&#8243; _builder_version=&#8221;4.9.3&#8243; _module_preset=&#8221;default&#8221;][et_pb_column type=&#8221;1_2&#8243; _builder_version=&#8221;4.9.3&#8243; _module_preset=&#8221;default&#8221;][et_pb_image src=&#8221;https:\/\/vida.org.pt\/wp-content\/uploads\/2025\/06\/WhatsApp-Image-2025-06-22-at-11.58.00.jpg&#8221; title_text=&#8221;WhatsApp Image 2025-06-22 at 11.58.00&#8243; _builder_version=&#8221;4.9.3&#8243; _module_preset=&#8221;default&#8221;][\/et_pb_image][\/et_pb_column][et_pb_column type=&#8221;1_2&#8243; _builder_version=&#8221;4.9.3&#8243; _module_preset=&#8221;default&#8221;][et_pb_image src=&#8221;https:\/\/vida.org.pt\/wp-content\/uploads\/2025\/06\/WhatsApp-Image-2025-06-22-at-14.38.59-1.jpg&#8221; title_text=&#8221;WhatsApp Image 2025-06-22 at 14.38.59 (1)&#8221; _builder_version=&#8221;4.9.3&#8243; _module_preset=&#8221;default&#8221;][\/et_pb_image][\/et_pb_column][\/et_pb_row][et_pb_row admin_label=&#8221;row&#8221; _builder_version=&#8221;3.25&#8243; background_size=&#8221;initial&#8221; background_position=&#8221;top_left&#8221; background_repeat=&#8221;repeat&#8221;][et_pb_column type=&#8221;4_4&#8243; _builder_version=&#8221;3.25&#8243; custom_padding=&#8221;|||&#8221; custom_padding__hover=&#8221;|||&#8221;][et_pb_text admin_label=&#8221;Text&#8221; _builder_version=&#8221;4.9.3&#8243; text_font_size=&#8221;15px&#8221; background_size=&#8221;initial&#8221; background_position=&#8221;top_left&#8221; background_repeat=&#8221;repeat&#8221; hover_enabled=&#8221;0&#8243; sticky_enabled=&#8221;0&#8243;]<\/p>\n<p>Entre os momentos de destaque, estiveram a apresenta\u00e7\u00e3o do projeto &#8220;Ra\u00edzes do Futuro&#8221;, protagonizado por jovens estudantes de escolas secund\u00e1rias do distrito (envolvidas no projeto &#8220;Jovens para a Mudan\u00e7a&#8221;), e a planta\u00e7\u00e3o simb\u00f3lica de mudas de esp\u00e9cies nativas, um gesto que consolidou o compromisso de todos os atores com a regenera\u00e7\u00e3o ambiental. Houve tamb\u00e9m um momento de visita guiada ao Centro de Desenvolvimento Comunit\u00e1rio e Ambiental de Djabula.<\/p>\n<p>O coordenador do projeto afirmou que a constru\u00e7\u00e3o de um futuro verde e sustent\u00e1vel para Matutuine exige a articula\u00e7\u00e3o entre diferentes setores e gera\u00e7\u00f5es, com foco na valoriza\u00e7\u00e3o dos recursos naturais e humanos. Juntos\/as vamos construir um futuro verde para Matutuine!<\/p>\n<p>[\/et_pb_text][\/et_pb_column][\/et_pb_row][et_pb_row _builder_version=&#8221;4.9.3&#8243; _module_preset=&#8221;default&#8221;][et_pb_column type=&#8221;4_4&#8243; _builder_version=&#8221;4.9.3&#8243; _module_preset=&#8221;default&#8221;][et_pb_video src=&#8221;https:\/\/www.youtube.com\/watch?v=nrB2eVOcTb8&#8243; _builder_version=&#8221;4.9.3&#8243; _module_preset=&#8221;default&#8221;][\/et_pb_video][\/et_pb_column][\/et_pb_row][et_pb_row admin_label=&#8221;row&#8221; _builder_version=&#8221;3.25&#8243; background_size=&#8221;initial&#8221; background_position=&#8221;top_left&#8221; background_repeat=&#8221;repeat&#8221;][et_pb_column type=&#8221;4_4&#8243; _builder_version=&#8221;3.25&#8243; custom_padding=&#8221;|||&#8221; custom_padding__hover=&#8221;|||&#8221;][et_pb_text admin_label=&#8221;Text&#8221; _builder_version=&#8221;4.9.3&#8243; text_font_size=&#8221;15px&#8221; background_size=&#8221;initial&#8221; background_position=&#8221;top_left&#8221; background_repeat=&#8221;repeat&#8221;]<\/p>\n<p>Desde os \u00faltimos tr\u00eas anos, a VIDA encontra-se a trabalhar diretamente e em perman\u00eancia com <strong>360 estudantes e 8 professores nas 4 escolas<\/strong> (3 secund\u00e1rias e uma do ensino t\u00e9cnico-profissional), atrav\u00e9s dos N\u00facleos de Desenvolvimento Sustent\u00e1vel. Desenvolveu, ainda, atividades com <strong>500 fam\u00edlias vulner\u00e1veis na promo\u00e7\u00e3o da restaura\u00e7\u00e3o de sistemas agroflorestais<\/strong>, promovendo a conserva\u00e7\u00e3o da biodiversidade e o aumento da seguran\u00e7a alimentar das mesmas.\u00a0<\/p>\n<p>O Matutuine Sustainable Development Summit \u00e9, assim, fruto de um trabalho em rede com diversos atores que tem vindo a ser desenvolvido neste projeto com o objetivo de capacitar os jovens estudantes e gerar oportunidades futuras que contribuam para o desenvolvimento do seu distrito e para a melhoria das condi\u00e7\u00f5es de vida das fam\u00edlias.<\/p>\n<p>[\/et_pb_text][et_pb_text admin_label=&#8221;Text&#8221; _builder_version=&#8221;4.9.3&#8243; text_font_size=&#8221;15px&#8221; background_size=&#8221;initial&#8221; background_position=&#8221;top_left&#8221; background_repeat=&#8221;repeat&#8221;]<\/p>\n<p><em><strong>Projeto <a href=\"https:\/\/vida.org.pt\/wp-content\/uploads\/2023\/08\/Ficha-tecnica_Jovens-para-a-Mudanca.pdf\"><span style=\"text-decoration: underline;\">&#8220;Jovens para a Mudan\u00e7a &#8211; O desafio do desenvolvimento sustent\u00e1vel de Matutuine&#8221;<\/span><\/a> financiado pelo Cam\u00f5es, I.P., Fundo Nacional de Desenvolvimento Sustent\u00e1vel (Mo\u00e7ambique), e BIOFUND.<\/strong><\/em><\/p>\n<p>[\/et_pb_text][\/et_pb_column][\/et_pb_row][\/et_pb_section]<\/p>\n","protected":false},"excerpt":{"rendered":"<p>[et_pb_section fb_built=&#8221;1&#8243; admin_label=&#8221;section&#8221; _builder_version=&#8221;3.22&#8243; custom_padding=&#8221;20px|||||&#8221;][et_pb_row _builder_version=&#8221;4.9.3&#8243; _module_preset=&#8221;default&#8221;][et_pb_column type=&#8221;4_4&#8243; _builder_version=&#8221;4.9.3&#8243; _module_preset=&#8221;default&#8221;][et_pb_image src=&#8221;https:\/\/vida.org.pt\/wp-content\/uploads\/2025\/06\/WhatsApp-Image-2025-06-22-at-11.58.09.jpg&#8221; title_text=&#8221;WhatsApp Image 2025-06-22 at 11.58.09&#8243; _builder_version=&#8221;4.9.3&#8243; _module_preset=&#8221;default&#8221;][\/et_pb_image][\/et_pb_column][\/et_pb_row][et_pb_row admin_label=&#8221;row&#8221; _builder_version=&#8221;3.25&#8243; background_size=&#8221;initial&#8221; background_position=&#8221;top_left&#8221; background_repeat=&#8221;repeat&#8221;][et_pb_column type=&#8221;4_4&#8243; _builder_version=&#8221;3.25&#8243; custom_padding=&#8221;|||&#8221; custom_padding__hover=&#8221;|||&#8221;][et_pb_text admin_label=&#8221;Text&#8221; _builder_version=&#8221;4.9.3&#8243; text_font_size=&#8221;15px&#8221; background_size=&#8221;initial&#8221; background_position=&#8221;top_left&#8221; background_repeat=&#8221;repeat&#8221;] No \u00e2mbito do projeto &#8220;Jovens para Mudan\u00e7a\u201d, o Centro de Desenvolvimento Comunit\u00e1rio e Ambiental de Djabula, em Matutuine (Mo\u00e7ambique) acolheu no dia [&hellip;]<\/p>\n","protected":false},"author":2,"featured_media":34444,"comment_status":"open","ping_status":"open","sticky":false,"template":"","format":"standard","meta":{"_et_pb_use_builder":"on","_et_pb_old_content":"No \u00e2mbito do projeto \"Jovens para Mudan\u00e7a\u201d, o Centro de Desenvolvimento Comunit\u00e1rio e Ambiental de Djabula, em Matutuine (Mo\u00e7ambique) acolheu no dia 20 de junho, um encontro distrital com o objetivo de debater os principais desafios e solu\u00e7\u00f5es para a constru\u00e7\u00e3o de um futuro mais verde, inclusivo e resiliente, reunindo estudantes, professores, representantes governamentais e atores econ\u00f3micos e ambientais do distrito.\r\n\r\nIntitulado Matutuine Sustainable Development Summit, o evento promoveu debates inspiradores sobre ecoturismo, agricultura sustent\u00e1vel, educa\u00e7\u00e3o ambiental e iniciativas de refloresta\u00e7\u00e3o, envolvendo desde lideran\u00e7as locais at\u00e9 jovens vision\u00e1rios\/as comprometidos\/as com a transforma\u00e7\u00e3o do seu territ\u00f3rio.\r\n\r\nEntre os momentos de destaque, estiveram a apresenta\u00e7\u00e3o do projeto \"Ra\u00edzes do Futuro\", protagonizado por jovens estudantes de escolas secund\u00e1rias do distrito, e a planta\u00e7\u00e3o simb\u00f3lica de mudas de esp\u00e9cies nativas, um gesto que consolidou o compromisso de todos os atores com a regenera\u00e7\u00e3o ambiental.\r\n\r\nNa ocasi\u00e3o, o coordenador do projeto, Merson Muatiua, afirmou que a constru\u00e7\u00e3o de um futuro verde e sustent\u00e1vel para Matutuine exige a articula\u00e7\u00e3o entre diferentes setores e gera\u00e7\u00f5es, com foco na valoriza\u00e7\u00e3o dos recursos naturais e humanos. Juntos\/as vamos construir um futuro verde para Matutuine!\r\n\r\nProjeto \"Jovens para a Mudan\u00e7a - O desafio do desenvolvimento sustent\u00e1vel de Matutuine\" financiado pelo Cam\u00f5es, I.P., Fundo Nacional de Desenvolvimento Sustent\u00e1vel (Mo\u00e7ambique), e BIOFUND.\r\n\r\n&nbsp;\r\n\r\n&nbsp;","_et_gb_content_width":"","_monsterinsights_skip_tracking":false,"_monsterinsights_sitenote_active":false,"_monsterinsights_sitenote_note":"","_monsterinsights_sitenote_category":0,"footnotes":""},"categories":[10],"tags":[],"class_list":["post-34443","post","type-post","status-publish","format-standard","has-post-thumbnail","hentry","category-noticias"],"_links":{"self":[{"href":"https:\/\/vida.org.pt\/en\/wp-json\/wp\/v2\/posts\/34443","targetHints":{"allow":["GET"]}}],"collection":[{"href":"https:\/\/vida.org.pt\/en\/wp-json\/wp\/v2\/posts"}],"about":[{"href":"https:\/\/vida.org.pt\/en\/wp-json\/wp\/v2\/types\/post"}],"author":[{"embeddable":true,"href":"https:\/\/vida.org.pt\/en\/wp-json\/wp\/v2\/users\/2"}],"replies":[{"embeddable":true,"href":"https:\/\/vida.org.pt\/en\/wp-json\/wp\/v2\/comments?post=34443"}],"version-history":[{"count":6,"href":"https:\/\/vida.org.pt\/en\/wp-json\/wp\/v2\/posts\/34443\/revisions"}],"predecessor-version":[{"id":35068,"href":"https:\/\/vida.org.pt\/en\/wp-json\/wp\/v2\/posts\/34443\/revisions\/35068"}],"wp:featuredmedia":[{"embeddable":true,"href":"https:\/\/vida.org.pt\/en\/wp-json\/wp\/v2\/media\/34444"}],"wp:attachment":[{"href":"https:\/\/vida.org.pt\/en\/wp-json\/wp\/v2\/media?parent=34443"}],"wp:term":[{"taxonomy":"category","embeddable":true,"href":"https:\/\/vida.org.pt\/en\/wp-json\/wp\/v2\/categories?post=34443"},{"taxonomy":"post_tag","embeddable":true,"href":"https:\/\/vida.org.pt\/en\/wp-json\/wp\/v2\/tags?post=34443"}],"curies":[{"name":"wp","href":"https:\/\/api.w.org\/{rel}","templated":true}]}}