{"id":34234,"date":"2025-04-03T13:49:39","date_gmt":"2025-04-03T13:49:39","guid":{"rendered":"https:\/\/vida.org.pt\/?p=34234"},"modified":"2025-04-03T14:00:15","modified_gmt":"2025-04-03T14:00:15","slug":"entrega-de-equipamentos-para-campos-de-agroecologia-escolares-em-matutuine","status":"publish","type":"post","link":"https:\/\/vida.org.pt\/en\/entrega-de-equipamentos-para-campos-de-agroecologia-escolares-em-matutuine\/","title":{"rendered":"Entrega de equipamentos para campos de agroecologia escolares em Matutuine"},"content":{"rendered":"<p>[et_pb_section fb_built=&#8221;1&#8243; admin_label=&#8221;section&#8221; _builder_version=&#8221;3.22&#8243; custom_padding=&#8221;35px|||||&#8221;][et_pb_row admin_label=&#8221;row&#8221; _builder_version=&#8221;3.25&#8243; background_size=&#8221;initial&#8221; background_position=&#8221;top_left&#8221; background_repeat=&#8221;repeat&#8221; custom_padding=&#8221;13px|||||&#8221;][et_pb_column type=&#8221;4_4&#8243; _builder_version=&#8221;3.25&#8243; custom_padding=&#8221;|||&#8221; custom_padding__hover=&#8221;|||&#8221;][et_pb_image src=&#8221;https:\/\/vida.org.pt\/wp-content\/uploads\/2025\/04\/JM_entrega-materiais-agro-2-scaled.jpeg&#8221; _builder_version=&#8221;4.9.3&#8243; _module_preset=&#8221;default&#8221; title_text=&#8221;JM_entrega materiais agro 2&#8243; hover_enabled=&#8221;0&#8243; sticky_enabled=&#8221;0&#8243;][\/et_pb_image][et_pb_text admin_label=&#8221;Text&#8221; _builder_version=&#8221;4.9.3&#8243; background_size=&#8221;initial&#8221; background_position=&#8221;top_left&#8221; background_repeat=&#8221;repeat&#8221; hover_enabled=&#8221;0&#8243; text_font_size=&#8221;15px&#8221; text_line_height=&#8221;1.7em&#8221; sticky_enabled=&#8221;0&#8243; custom_padding=&#8221;31px|||||&#8221;]<\/p>\n<p>Continuando o compromisso com o desenvolvimento sustent\u00e1vel no distrito de Matutuine, em Mo\u00e7ambique, procedemos \u00e0 entrega de equipamentos de produ\u00e7\u00e3o agr\u00edcola para os campos de agroecologia nas 4 escolas envolvidas no projeto &#8220;Jovens para a Mudan\u00e7a&#8221;!<\/p>\n<p>Os materiais entregues incluem sementes e v\u00e1rios instrumentos indispens\u00e1veis para a produ\u00e7\u00e3o agr\u00edcola. Foi, ainda, entregue uma bomba solar de rega para a Escola Secund\u00e1rio de Zitundo e uma motobomba para o Instituto Agro-Industrial de Salamanga. Estes dois equipamentos ajudar\u00e3o a aumentar a produtividade, e a facilitar o transporte de \u00e1gua para \u00e1reas cultiv\u00e1veis, especialmente, nas regi\u00f5es onde a disponibilidade de energia el\u00e9trica e de \u00e1gua \u00e9 limitada.<\/p>\n<p>Ao priorizar aprendizagens pr\u00e1ticas, o projeto \u201cJovens para a Mudan\u00e7a\u201d visa capacitar os jovens para serem agentes de mudan\u00e7a nas suas comunidades, promovendo pr\u00e1ticas sustent\u00e1veis e criando oportunidades de autossufici\u00eancia.<\/p>\n<p>A entrega dos materiais refor\u00e7a o compromisso de impulsionar a participa\u00e7\u00e3o ativa dos\/as jovens na componente agr\u00edcola, preparando-os para enfrentar desafios e criar solu\u00e7\u00f5es inovadoras para o futuro.<\/p>\n<p>[\/et_pb_text][\/et_pb_column][\/et_pb_row][et_pb_row _builder_version=&#8221;4.9.3&#8243; _module_preset=&#8221;default&#8221; column_structure=&#8221;1_2,1_2&#8243;][et_pb_column _builder_version=&#8221;4.9.3&#8243; _module_preset=&#8221;default&#8221; type=&#8221;1_2&#8243;][et_pb_image src=&#8221;https:\/\/vida.org.pt\/wp-content\/uploads\/2025\/04\/JM_entrega-materiais-agro-3.jpeg&#8221; _builder_version=&#8221;4.9.3&#8243; _module_preset=&#8221;default&#8221; hover_enabled=&#8221;0&#8243; sticky_enabled=&#8221;0&#8243; title_text=&#8221;JM_entrega materiais agro 3&#8243;][\/et_pb_image][\/et_pb_column][et_pb_column _builder_version=&#8221;4.9.3&#8243; _module_preset=&#8221;default&#8221; type=&#8221;1_2&#8243;][et_pb_image src=&#8221;https:\/\/vida.org.pt\/wp-content\/uploads\/2025\/04\/JM_entrega-materiais-agro-4.jpeg&#8221; _builder_version=&#8221;4.9.3&#8243; _module_preset=&#8221;default&#8221; hover_enabled=&#8221;0&#8243; sticky_enabled=&#8221;0&#8243; title_text=&#8221;JM_entrega materiais agro 4&#8243;][\/et_pb_image][\/et_pb_column][\/et_pb_row][et_pb_row admin_label=&#8221;row&#8221; _builder_version=&#8221;3.25&#8243; background_size=&#8221;initial&#8221; background_position=&#8221;top_left&#8221; background_repeat=&#8221;repeat&#8221;][et_pb_column type=&#8221;4_4&#8243; _builder_version=&#8221;3.25&#8243; custom_padding=&#8221;|||&#8221; custom_padding__hover=&#8221;|||&#8221;][et_pb_text admin_label=&#8221;Text&#8221; _builder_version=&#8221;4.9.3&#8243; background_size=&#8221;initial&#8221; background_position=&#8221;top_left&#8221; background_repeat=&#8221;repeat&#8221; hover_enabled=&#8221;0&#8243; text_font_size=&#8221;15px&#8221; text_line_height=&#8221;1.7em&#8221; sticky_enabled=&#8221;0&#8243; custom_padding=&#8221;2px|||||&#8221;]<\/p>\n<p>O Projeto &#8220;Jovens para a Mudan\u00e7a&#8221; reflete um compromisso de tornar os\/as jovens estudantes mais competentes na implementa\u00e7\u00e3o de a\u00e7\u00f5es de adapta\u00e7\u00e3o e mitiga\u00e7\u00e3o das mudan\u00e7as clim\u00e1ticas, e incentivando a pr\u00e1tica da agroecologia para o desenvolvimento sustent\u00e1vel das comunidades do distrito de Matutuine.<\/p>\n<p>O projeto demonstra como a uni\u00e3o de esfor\u00e7os pode resultar em impacto duradouro, trazendo novas possibilidades, promovendo a sustentabilidade e garantindo o abastecimento de \u00e1gua para a transforma\u00e7\u00e3o ambiental.<\/p>\n<p><em>Projeto &#8220;Jovens para a Mudan\u00e7a &#8211; O desafio do desenvolvimento sustent\u00e1vel de Matutuine&#8221; financiado pelo Cam\u00f5es, I.P., Fundo Nacional de Desenvolvimento Sustent\u00e1vel e BIOFUND.<\/em><\/p>\n<p>[\/et_pb_text][\/et_pb_column][\/et_pb_row][\/et_pb_section]<\/p>\n","protected":false},"excerpt":{"rendered":"<p>[et_pb_section fb_built=&#8221;1&#8243; admin_label=&#8221;section&#8221; _builder_version=&#8221;3.22&#8243; custom_padding=&#8221;35px|||||&#8221;][et_pb_row admin_label=&#8221;row&#8221; _builder_version=&#8221;3.25&#8243; background_size=&#8221;initial&#8221; background_position=&#8221;top_left&#8221; background_repeat=&#8221;repeat&#8221; custom_padding=&#8221;13px|||||&#8221;][et_pb_column type=&#8221;4_4&#8243; _builder_version=&#8221;3.25&#8243; custom_padding=&#8221;|||&#8221; custom_padding__hover=&#8221;|||&#8221;][et_pb_image src=&#8221;https:\/\/vida.org.pt\/wp-content\/uploads\/2025\/04\/JM_entrega-materiais-agro-2-scaled.jpeg&#8221; _builder_version=&#8221;4.9.3&#8243; _module_preset=&#8221;default&#8221; title_text=&#8221;JM_entrega materiais agro 2&#8243; hover_enabled=&#8221;0&#8243; sticky_enabled=&#8221;0&#8243;][\/et_pb_image][et_pb_text admin_label=&#8221;Text&#8221; _builder_version=&#8221;4.9.3&#8243; background_size=&#8221;initial&#8221; background_position=&#8221;top_left&#8221; background_repeat=&#8221;repeat&#8221; hover_enabled=&#8221;0&#8243; text_font_size=&#8221;15px&#8221; text_line_height=&#8221;1.7em&#8221; sticky_enabled=&#8221;0&#8243; custom_padding=&#8221;31px|||||&#8221;] Continuando o compromisso com o desenvolvimento sustent\u00e1vel no distrito de Matutuine, em Mo\u00e7ambique, procedemos \u00e0 entrega de equipamentos de produ\u00e7\u00e3o agr\u00edcola [&hellip;]<\/p>\n","protected":false},"author":2,"featured_media":34235,"comment_status":"open","ping_status":"open","sticky":false,"template":"","format":"standard","meta":{"_et_pb_use_builder":"on","_et_pb_old_content":"Continuando o compromisso com o desenvolvimento sustent\u00e1vel em Matutuine, Mo\u00e7ambique, procedemos \u00e0 entrega de equipamentos de produ\u00e7\u00e3o agr\u00edcola e de irriga\u00e7\u00e3o para impulsionar a pr\u00e1tica agr\u00edcola nos campos de agroecologia nas escolas!\r\n\r\nOs materiais entregues incluem v\u00e1rios instrumentos indispens\u00e1veis para a produ\u00e7\u00e3o agr\u00edcola, assim como sementes. Foi, ainda, entregue uma bomba solar de rega para a Escola Secund\u00e1rio de Zitundo e uma motobomba para o Instituto Agro-Industrial de Salamanga. Estes dois equipamentos ajudar\u00e3o a aumentar a produtividade, e a facilitar o transporte de \u00e1gua para \u00e1reas cultiv\u00e1veis, especialmente, nas regi\u00f5es onde a disponibilidade de energia el\u00e9trica e de \u00e1gua \u00e9 limitada.\r\n\r\nAo priorizar as aprendizagens pr\u00e1ticas, o projeto \u201cJovens para a Mudan\u00e7a\u201d visa capacitar os jovens para serem agentes de mudan\u00e7a em suas comunidades, promovendo as pr\u00e1ticas sustent\u00e1veis e criando oportunidades de autossufici\u00eancia.\r\n\r\nA entrega dos materiais refor\u00e7a o compromisso de impulsionar a participa\u00e7\u00e3o activa dos\/as jovens na componente agr\u00edcola, preparando-os para enfrentar desafios e criar solu\u00e7\u00f5es inovadoras para o futuro.\r\n\r\nEste projeto n\u00e3o apenas promove a sustentabilidade ambiental ao enfrentar um dos maiores desafios agr\u00edcolas, mas reflete um compromisso de tornar os\/as jovens estudantes mais competentes, com vista a responder \u00e0s a\u00e7\u00f5es de adapta\u00e7\u00e3o e mitiga\u00e7\u00e3o das mudan\u00e7as clim\u00e1ticas, e incentivando a pr\u00e1tica agroecologia para o desenvolvimento sustent\u00e1vel das comunidades do distrito de Matutuine.\r\n\r\nO Projeto \u201cJovens para Mudan\u00e7a\u201d demonstra como a uni\u00e3o de esfor\u00e7os pode resultar em impacto duradouro, trazendo novas possibilidades, promovendo a sustentabilidade e garantindo o abastecimento de \u00e1gua para a transforma\u00e7\u00e3o ambiental.","_et_gb_content_width":"","_monsterinsights_skip_tracking":false,"_monsterinsights_sitenote_active":false,"_monsterinsights_sitenote_note":"","_monsterinsights_sitenote_category":0,"footnotes":""},"categories":[10],"tags":[],"class_list":["post-34234","post","type-post","status-publish","format-standard","has-post-thumbnail","hentry","category-noticias"],"_links":{"self":[{"href":"https:\/\/vida.org.pt\/en\/wp-json\/wp\/v2\/posts\/34234","targetHints":{"allow":["GET"]}}],"collection":[{"href":"https:\/\/vida.org.pt\/en\/wp-json\/wp\/v2\/posts"}],"about":[{"href":"https:\/\/vida.org.pt\/en\/wp-json\/wp\/v2\/types\/post"}],"author":[{"embeddable":true,"href":"https:\/\/vida.org.pt\/en\/wp-json\/wp\/v2\/users\/2"}],"replies":[{"embeddable":true,"href":"https:\/\/vida.org.pt\/en\/wp-json\/wp\/v2\/comments?post=34234"}],"version-history":[{"count":3,"href":"https:\/\/vida.org.pt\/en\/wp-json\/wp\/v2\/posts\/34234\/revisions"}],"predecessor-version":[{"id":34242,"href":"https:\/\/vida.org.pt\/en\/wp-json\/wp\/v2\/posts\/34234\/revisions\/34242"}],"wp:featuredmedia":[{"embeddable":true,"href":"https:\/\/vida.org.pt\/en\/wp-json\/wp\/v2\/media\/34235"}],"wp:attachment":[{"href":"https:\/\/vida.org.pt\/en\/wp-json\/wp\/v2\/media?parent=34234"}],"wp:term":[{"taxonomy":"category","embeddable":true,"href":"https:\/\/vida.org.pt\/en\/wp-json\/wp\/v2\/categories?post=34234"},{"taxonomy":"post_tag","embeddable":true,"href":"https:\/\/vida.org.pt\/en\/wp-json\/wp\/v2\/tags?post=34234"}],"curies":[{"name":"wp","href":"https:\/\/api.w.org\/{rel}","templated":true}]}}