{"id":34175,"date":"2025-03-12T15:48:58","date_gmt":"2025-03-12T15:48:58","guid":{"rendered":"https:\/\/vida.org.pt\/?p=34175"},"modified":"2025-03-12T16:07:26","modified_gmt":"2025-03-12T16:07:26","slug":"linha-de-saude-24h-da-guine-bissau-recebe-visita-da-delegacao-do-ministerio-da-saude-de-portugal","status":"publish","type":"post","link":"https:\/\/vida.org.pt\/en\/linha-de-saude-24h-da-guine-bissau-recebe-visita-da-delegacao-do-ministerio-da-saude-de-portugal\/","title":{"rendered":"Linha de Sa\u00fade 24h da Guin\u00e9-Bissau recebe visita da delega\u00e7\u00e3o do Minist\u00e9rio da Sa\u00fade de Portugal"},"content":{"rendered":"<p>[et_pb_section fb_built=&#8221;1&#8243; admin_label=&#8221;section&#8221; _builder_version=&#8221;3.22&#8243; custom_padding=&#8221;50px||5px|||&#8221;][et_pb_row _builder_version=&#8221;4.9.3&#8243; _module_preset=&#8221;default&#8221;][et_pb_column _builder_version=&#8221;4.9.3&#8243; _module_preset=&#8221;default&#8221; type=&#8221;4_4&#8243;][et_pb_image src=&#8221;https:\/\/vida.org.pt\/wp-content\/uploads\/2025\/03\/Visita-MinSaude-PT_LS24h-mar-2025.jpeg&#8221; _builder_version=&#8221;4.9.3&#8243; _module_preset=&#8221;default&#8221; hover_enabled=&#8221;0&#8243; sticky_enabled=&#8221;0&#8243; title_text=&#8221;Visita MinSaude PT_LS24h mar 2025&#8243;][\/et_pb_image][\/et_pb_column][\/et_pb_row][et_pb_row admin_label=&#8221;row&#8221; _builder_version=&#8221;3.25&#8243; background_size=&#8221;initial&#8221; background_position=&#8221;top_left&#8221; background_repeat=&#8221;repeat&#8221; custom_padding=&#8221;3px|||||&#8221;][et_pb_column type=&#8221;4_4&#8243; _builder_version=&#8221;3.25&#8243; custom_padding=&#8221;|||&#8221; custom_padding__hover=&#8221;|||&#8221;][et_pb_text admin_label=&#8221;Text&#8221; _builder_version=&#8221;4.9.3&#8243; background_size=&#8221;initial&#8221; background_position=&#8221;top_left&#8221; background_repeat=&#8221;repeat&#8221; hover_enabled=&#8221;0&#8243; text_font_size=&#8221;16px&#8221; text_line_height=&#8221;1.7em&#8221; sticky_enabled=&#8221;0&#8243;]<\/p>\n<div class=\"xdj266r x11i5rnm xat24cr x1mh8g0r x1vvkbs x126k92a\">\n<div dir=\"auto\"><strong>No dia 11 de mar\u00e7o de 2025, a delega\u00e7\u00e3o do Minist\u00e9rio da Sa\u00fade de Portugal visitou a Linha de Sa\u00fade 24h, implementado pela ONGD VIDA na Guin\u00e9-Bissau. O Ministro da Sa\u00fade P\u00fablica da Guin\u00e9-Bissau, Pedro Tipote, acompanhou esta visita, contribuindo para refor\u00e7ar a parceria estrat\u00e9gica entre os dois pa\u00edses no setor da sa\u00fade.<\/strong><\/div>\n<\/div>\n<p>[\/et_pb_text][et_pb_text admin_label=&#8221;Text&#8221; _builder_version=&#8221;4.9.3&#8243; background_size=&#8221;initial&#8221; background_position=&#8221;top_left&#8221; background_repeat=&#8221;repeat&#8221; hover_enabled=&#8221;0&#8243; text_font_size=&#8221;16px&#8221; text_line_height=&#8221;1.7em&#8221; sticky_enabled=&#8221;0&#8243;]<\/p>\n<div class=\"xdj266r x11i5rnm xat24cr x1mh8g0r x1vvkbs x126k92a\">\n<div dir=\"auto\">A delega\u00e7\u00e3o portuguesa teve oportunidade de conhecer a equipa e as instala\u00e7\u00f5es da Linha de Sa\u00fade 24h, e compreender o funcionamento deste servi\u00e7o telef\u00f3nico, dispon\u00edvel 24 horas por dia \u00e0 popula\u00e7\u00e3o em todo o territ\u00f3rio guineense.<\/div>\n<\/div>\n<p>[\/et_pb_text][et_pb_text admin_label=&#8221;Text&#8221; _builder_version=&#8221;4.9.3&#8243; background_size=&#8221;initial&#8221; background_position=&#8221;top_left&#8221; background_repeat=&#8221;repeat&#8221; hover_enabled=&#8221;0&#8243; text_font_size=&#8221;16px&#8221; text_line_height=&#8221;1.7em&#8221; sticky_enabled=&#8221;0&#8243;]<\/p>\n<div class=\"xdj266r x11i5rnm xat24cr x1mh8g0r x1vvkbs x126k92a\"><\/div>\n<div class=\"x11i5rnm xat24cr x1mh8g0r x1vvkbs xtlvy1s x126k92a\">\n<div dir=\"auto\">O Ministro da Sa\u00fade P\u00fablica da Guin\u00e9-Bissau, Pedro Tipote, destacou a relev\u00e2ncia do projeto para a melhoria da resposta do sistema de sa\u00fade guineense e a import\u00e2ncia da sua sustentabilidade a longo prazo.<\/div>\n<\/div>\n<p>[\/et_pb_text][et_pb_text admin_label=&#8221;Text&#8221; _builder_version=&#8221;4.9.3&#8243; background_size=&#8221;initial&#8221; background_position=&#8221;top_left&#8221; background_repeat=&#8221;repeat&#8221; hover_enabled=&#8221;0&#8243; text_font_size=&#8221;16px&#8221; text_line_height=&#8221;1.7em&#8221; sticky_enabled=&#8221;0&#8243;]<\/p>\n<div class=\"xdj266r x11i5rnm xat24cr x1mh8g0r x1vvkbs x126k92a\"><em>O projeto <a href=\"https:\/\/vida.org.pt\/wp-content\/uploads\/2024\/01\/Ficha-tecnica_Linha-Saude-24h.pdf\"><span style=\"text-decoration: underline;\">&#8220;Linha de Sa\u00fade 24h &#8211; Refor\u00e7o da disponibilidade e proximidade dos servi\u00e7os de sa\u00fade \u00e0 popula\u00e7\u00e3o da Guin\u00e9-Bissau&#8221;<\/span><\/a> \u00e9 financiado pelo Cam\u00f5es, I.P., PNUD Guin\u00e9-Bissau. UNICEF Guin\u00e9-Bissau e Peacebuilding Fund.<\/em><\/div>\n<p>[\/et_pb_text][\/et_pb_column][\/et_pb_row][\/et_pb_section]<\/p>\n","protected":false},"excerpt":{"rendered":"<p>[et_pb_section fb_built=&#8221;1&#8243; admin_label=&#8221;section&#8221; _builder_version=&#8221;3.22&#8243; custom_padding=&#8221;50px||5px|||&#8221;][et_pb_row _builder_version=&#8221;4.9.3&#8243; _module_preset=&#8221;default&#8221;][et_pb_column _builder_version=&#8221;4.9.3&#8243; _module_preset=&#8221;default&#8221; type=&#8221;4_4&#8243;][et_pb_image src=&#8221;https:\/\/vida.org.pt\/wp-content\/uploads\/2025\/03\/Visita-MinSaude-PT_LS24h-mar-2025.jpeg&#8221; _builder_version=&#8221;4.9.3&#8243; _module_preset=&#8221;default&#8221; hover_enabled=&#8221;0&#8243; sticky_enabled=&#8221;0&#8243; title_text=&#8221;Visita MinSaude PT_LS24h mar 2025&#8243;][\/et_pb_image][\/et_pb_column][\/et_pb_row][et_pb_row admin_label=&#8221;row&#8221; _builder_version=&#8221;3.25&#8243; background_size=&#8221;initial&#8221; background_position=&#8221;top_left&#8221; background_repeat=&#8221;repeat&#8221; custom_padding=&#8221;3px|||||&#8221;][et_pb_column type=&#8221;4_4&#8243; _builder_version=&#8221;3.25&#8243; custom_padding=&#8221;|||&#8221; custom_padding__hover=&#8221;|||&#8221;][et_pb_text admin_label=&#8221;Text&#8221; _builder_version=&#8221;4.9.3&#8243; background_size=&#8221;initial&#8221; background_position=&#8221;top_left&#8221; background_repeat=&#8221;repeat&#8221; hover_enabled=&#8221;0&#8243; text_font_size=&#8221;16px&#8221; text_line_height=&#8221;1.7em&#8221; sticky_enabled=&#8221;0&#8243;] No dia 11 de mar\u00e7o de 2025, a delega\u00e7\u00e3o do Minist\u00e9rio da Sa\u00fade de Portugal visitou [&hellip;]<\/p>\n","protected":false},"author":2,"featured_media":34176,"comment_status":"open","ping_status":"open","sticky":false,"template":"","format":"standard","meta":{"_et_pb_use_builder":"on","_et_pb_old_content":"<div class=\"xdj266r x11i5rnm xat24cr x1mh8g0r x1vvkbs x126k92a\">\r\n<div dir=\"auto\">A delega\u00e7\u00e3o do Minist\u00e9rio da Sa\u00fade de Portugal <span class=\"html-span xexx8yu x4uap5 x18d9i69 xkhd6sd x1hl2dhg x16tdsg8 x1vvkbs x3nfvp2 x1j61x8r x1fcty0u xdj266r xat24cr xgzva0m xhhsvwb xxymvpz xlup9mm x1kky2od\"><img class=\"xz74otr x168nmei x13lgxp2 x5pf9jr xo71vjh\" src=\"https:\/\/static.xx.fbcdn.net\/images\/emoji.php\/v9\/te8\/1\/16\/1f1f5_1f1f9.png\" alt=\"\" width=\"16\" height=\"16\" \/><\/span> visitou ontem a Linha de Sa\u00fade 24h, um dos principais projetos de refor\u00e7o da acessibilidade a servi\u00e7os de sa\u00fade na Guin\u00e9-Bissau <span class=\"html-span xexx8yu x4uap5 x18d9i69 xkhd6sd x1hl2dhg x16tdsg8 x1vvkbs x3nfvp2 x1j61x8r x1fcty0u xdj266r xat24cr xgzva0m xhhsvwb xxymvpz xlup9mm x1kky2od\"><img class=\"xz74otr x168nmei x13lgxp2 x5pf9jr xo71vjh\" src=\"https:\/\/static.xx.fbcdn.net\/images\/emoji.php\/v9\/t61\/1\/16\/1f1ec_1f1fc.png\" alt=\"\" width=\"16\" height=\"16\" \/><\/span>, implementado pela ONGD VIDA, financiado pelo Cam\u00f5es, Instituto da Coopera\u00e7\u00e3o e da L\u00edngua, I.P. e cofinanciado pelo Programa das Na\u00e7\u00f5es Unidas para o Desenvolvimento (PNUD) e pelo Fundo das Na\u00e7\u00f5es Unidas para a Inf\u00e2ncia (UNICEF).<\/div>\r\n<\/div>\r\n<div class=\"x11i5rnm xat24cr x1mh8g0r x1vvkbs xtlvy1s x126k92a\">\r\n<div dir=\"auto\">O Ministro da Sa\u00fade P\u00fablica da Guin\u00e9-Bissau acompanhou esta visita, que contribui para refor\u00e7ar a parceria estrat\u00e9gica entre os dois pa\u00edses no setor da sa\u00fade.<\/div>\r\n<\/div>\r\n<div class=\"x11i5rnm xat24cr x1mh8g0r x1vvkbs xtlvy1s x126k92a\">\r\n<div dir=\"auto\">Esta visita permitiu conhecer as instala\u00e7\u00f5es e compreender o funcionamento da central de atendimento, que opera 24 horas por dia. Os profissionais da Linha de Sa\u00fade 24h demonstraram como realizam a triagem e encaminhamento das chamadas, incluindo os casos de emerg\u00eancia m\u00e9dica, aconselhamento cl\u00ednico e apoio a agentes de sa\u00fade comunit\u00e1ria.<\/div>\r\n<\/div>\r\n<div class=\"x11i5rnm xat24cr x1mh8g0r x1vvkbs xtlvy1s x126k92a\">\r\n<div dir=\"auto\">O Ministro da Sa\u00fade P\u00fablica destacou a relev\u00e2ncia do projeto para a melhoria da resposta do sistema de sa\u00fade guineense e a import\u00e2ncia da sua sustentabilidade a longo prazo.<\/div>\r\n<\/div>\r\n<div class=\"x11i5rnm xat24cr x1mh8g0r x1vvkbs xtlvy1s x126k92a\">\r\n<div dir=\"auto\">Por sua vez, o Embaixador de Portugal destacou que o projeto Linha de Sa\u00fade 24h representa um avan\u00e7o significativo na digitaliza\u00e7\u00e3o e moderniza\u00e7\u00e3o dos servi\u00e7os de sa\u00fade na Guin\u00e9-Bissau, contribuindo para uma resposta mais \u00e1gil e eficiente \u00e0s necessidades da popula\u00e7\u00e3o.<\/div>\r\n<\/div>","_et_gb_content_width":"","_monsterinsights_skip_tracking":false,"_monsterinsights_sitenote_active":false,"_monsterinsights_sitenote_note":"","_monsterinsights_sitenote_category":0,"footnotes":""},"categories":[10],"tags":[],"class_list":["post-34175","post","type-post","status-publish","format-standard","has-post-thumbnail","hentry","category-noticias"],"_links":{"self":[{"href":"https:\/\/vida.org.pt\/en\/wp-json\/wp\/v2\/posts\/34175","targetHints":{"allow":["GET"]}}],"collection":[{"href":"https:\/\/vida.org.pt\/en\/wp-json\/wp\/v2\/posts"}],"about":[{"href":"https:\/\/vida.org.pt\/en\/wp-json\/wp\/v2\/types\/post"}],"author":[{"embeddable":true,"href":"https:\/\/vida.org.pt\/en\/wp-json\/wp\/v2\/users\/2"}],"replies":[{"embeddable":true,"href":"https:\/\/vida.org.pt\/en\/wp-json\/wp\/v2\/comments?post=34175"}],"version-history":[{"count":3,"href":"https:\/\/vida.org.pt\/en\/wp-json\/wp\/v2\/posts\/34175\/revisions"}],"predecessor-version":[{"id":34180,"href":"https:\/\/vida.org.pt\/en\/wp-json\/wp\/v2\/posts\/34175\/revisions\/34180"}],"wp:featuredmedia":[{"embeddable":true,"href":"https:\/\/vida.org.pt\/en\/wp-json\/wp\/v2\/media\/34176"}],"wp:attachment":[{"href":"https:\/\/vida.org.pt\/en\/wp-json\/wp\/v2\/media?parent=34175"}],"wp:term":[{"taxonomy":"category","embeddable":true,"href":"https:\/\/vida.org.pt\/en\/wp-json\/wp\/v2\/categories?post=34175"},{"taxonomy":"post_tag","embeddable":true,"href":"https:\/\/vida.org.pt\/en\/wp-json\/wp\/v2\/tags?post=34175"}],"curies":[{"name":"wp","href":"https:\/\/api.w.org\/{rel}","templated":true}]}}