{"id":34108,"date":"2025-02-03T10:16:37","date_gmt":"2025-02-03T10:16:37","guid":{"rendered":"https:\/\/vida.org.pt\/?p=34108"},"modified":"2025-03-17T12:22:47","modified_gmt":"2025-03-17T12:22:47","slug":"encontro-anual-da-linha-de-saude-24h-reune-em-bissau-parceiros-e-financiadores-para-lancamento-oficial","status":"publish","type":"post","link":"https:\/\/vida.org.pt\/en\/encontro-anual-da-linha-de-saude-24h-reune-em-bissau-parceiros-e-financiadores-para-lancamento-oficial\/","title":{"rendered":"Encontro Anual da Linha de Sa\u00fade 24h re\u00fane em Bissau parceiros e financiadores para lan\u00e7amento oficial"},"content":{"rendered":"<p>[et_pb_section fb_built=&#8221;1&#8243; _builder_version=&#8221;4.9.3&#8243; _module_preset=&#8221;default&#8221; custom_padding=&#8221;17px|||||&#8221;][et_pb_row _builder_version=&#8221;4.9.3&#8243; _module_preset=&#8221;default&#8221;][et_pb_column type=&#8221;4_4&#8243; _builder_version=&#8221;4.9.3&#8243; _module_preset=&#8221;default&#8221;][et_pb_image src=&#8221;https:\/\/vida.org.pt\/wp-content\/uploads\/2025\/02\/WhatsApp-Image-2025-02-03-at-10.38.50.jpg&#8221; title_text=&#8221;WhatsApp Image 2025-02-03 at 10.38.50&#8243; _builder_version=&#8221;4.9.3&#8243; _module_preset=&#8221;default&#8221;][\/et_pb_image][\/et_pb_column][\/et_pb_row][et_pb_row _builder_version=&#8221;4.9.3&#8243; _module_preset=&#8221;default&#8221;][et_pb_column type=&#8221;4_4&#8243; _builder_version=&#8221;4.9.3&#8243; _module_preset=&#8221;default&#8221;][et_pb_text _builder_version=&#8221;4.9.3&#8243; _module_preset=&#8221;default&#8221; text_font=&#8221;|700|||||||&#8221; text_font_size=&#8221;15px&#8221;]No dia de 30 de janeiro, realiz\u00e1mos o primeiro Encontro Anual da Linha de Sa\u00fade 24h, em Bissau, reunindo parceiros, financiadores e pontos focais de todas as regi\u00f5es da Guin\u00e9-Bissau. O Encontro realizou-se no espa\u00e7o Ur-GENTE, Centro de Artes C\u00e9nicas Transdisciplinar de Bissau, reabilitado no \u00e2mbito de um projeto implementado pela VIDA integrado no programa PROCULTURA.[\/et_pb_text][\/et_pb_column][\/et_pb_row][et_pb_row column_structure=&#8221;1_2,1_2&#8243; _builder_version=&#8221;4.9.3&#8243; _module_preset=&#8221;default&#8221;][et_pb_column type=&#8221;1_2&#8243; _builder_version=&#8221;4.9.3&#8243; _module_preset=&#8221;default&#8221;][et_pb_image src=&#8221;https:\/\/vida.org.pt\/wp-content\/uploads\/2025\/02\/WhatsApp-Image-2025-02-01-at-04.39.32-9.jpeg&#8221; title_text=&#8221;WhatsApp Image 2025-02-01 at 04.39.32 (9)&#8221; _builder_version=&#8221;4.9.3&#8243; _module_preset=&#8221;default&#8221;][\/et_pb_image][\/et_pb_column][et_pb_column type=&#8221;1_2&#8243; _builder_version=&#8221;4.9.3&#8243; _module_preset=&#8221;default&#8221;][et_pb_image src=&#8221;https:\/\/vida.org.pt\/wp-content\/uploads\/2025\/02\/WhatsApp-Image-2025-01-30-at-15.19.22-2.jpeg&#8221; title_text=&#8221;WhatsApp Image 2025-01-30 at 15.19.22 (2)&#8221; _builder_version=&#8221;4.9.3&#8243; _module_preset=&#8221;default&#8221;][\/et_pb_image][et_pb_text _builder_version=&#8221;4.9.3&#8243; _module_preset=&#8221;default&#8221; text_font=&#8221;||||||||&#8221; text_font_size=&#8221;12px&#8221; text_line_height=&#8221;1.4em&#8221;]Diretora Executiva da ONGD VIDA, Ana Gaspar Nunes[\/et_pb_text][\/et_pb_column][\/et_pb_row][et_pb_row _builder_version=&#8221;4.9.3&#8243; _module_preset=&#8221;default&#8221; custom_padding=&#8221;13px|||||&#8221;][et_pb_column type=&#8221;4_4&#8243; _builder_version=&#8221;4.9.3&#8243; _module_preset=&#8221;default&#8221;][et_pb_text _builder_version=&#8221;4.9.3&#8243; _module_preset=&#8221;default&#8221; text_font_size=&#8221;15px&#8221;]Na sess\u00e3o da manh\u00e3, realiz\u00e1mos o lan\u00e7amento oficial do projeto \u201cLinha de Sa\u00fade 24h\u201d, pela diretora executiva da VIDA, Ana Gaspar Nunes, e apresent\u00e1mos os resultados dos primeiros 6 meses de funcionamento. A Linha de Sa\u00fade 24h iniciou o atendimento a 8 de julho de 2024, embora o projeto tenha iniciado em novembro de 2023. Durante esse per\u00edodo, foi recrutada e formada a equipa operacional, criados os protocolos e fluxos de encaminhamento, desenhado e instalado o sistema inform\u00e1tico de suporte ao atendimento telef\u00f3nico. <\/p>\n<p>Crister Ocadaque, coordenador do projeto, destacou a articula\u00e7\u00e3o que tem sido feita com todos os parceiros (Minist\u00e9rio da Sa\u00fade, Prote\u00e7\u00e3o Civil, Pol\u00edcias, Bombeiros, assim como outras associa\u00e7\u00f5es da rede de parceiros sociais e terap\u00eauticos) e as respostas e encaminhamentos com sucesso realizados pela Linha de Sa\u00fade 24h, n\u00e3o s\u00f3 em quest\u00f5es de sa\u00fade, mas tamb\u00e9m no \u00e2mbito de outras emerg\u00eancias reportadas como inc\u00eandios, afogamentos, naufr\u00e1gios, situa\u00e7\u00f5es de viol\u00eancia, entre outras. <\/p>\n<p>Foi, ainda, apresentado o sistema de informa\u00e7\u00e3o que d\u00e1 suporte ao atendimento telef\u00f3nico, concebido e desenhado especificamente para esta finalidade numa parceria com o INESC TEC. Este sistema foi concebido, tendo em conta as particularidades do contexto da Guin\u00e9-Bissau.<\/p>\n<p>Durante a manh\u00e3, escut\u00e1mos, ainda, o ponto focal do Minist\u00e9rio da Sa\u00fade P\u00fablica para a LS24h, Alfadjo Ianga, e um grupo de operadores\/as, m\u00e9dicos\/as e enfermeiras\/as que fazem o atendimento telef\u00f3nico \u00e0 popula\u00e7\u00e3o, e que fizeram chegar hist\u00f3rias e testemunhos do seu trabalho de todos os dias.[\/et_pb_text][\/et_pb_column][\/et_pb_row][et_pb_row column_structure=&#8221;1_2,1_2&#8243; _builder_version=&#8221;4.9.3&#8243; _module_preset=&#8221;default&#8221;][et_pb_column type=&#8221;1_2&#8243; _builder_version=&#8221;4.9.3&#8243; _module_preset=&#8221;default&#8221;][et_pb_image src=&#8221;https:\/\/vida.org.pt\/wp-content\/uploads\/2025\/02\/WhatsApp-Image-2025-01-30-at-15.19.15-1.jpeg&#8221; title_text=&#8221;WhatsApp Image 2025-01-30 at 15.19.15 (1)&#8221; _builder_version=&#8221;4.9.3&#8243; _module_preset=&#8221;default&#8221;][\/et_pb_image][et_pb_text _builder_version=&#8221;4.9.3&#8243; _module_preset=&#8221;default&#8221; text_font=&#8221;||||||||&#8221; text_font_size=&#8221;12px&#8221; text_line_height=&#8221;1.4em&#8221;]Coordenador do projeto Linha de Sa\u00fade 24h, Crister Ocadaque[\/et_pb_text][et_pb_image src=&#8221;https:\/\/vida.org.pt\/wp-content\/uploads\/2025\/02\/WhatsApp-Image-2025-01-30-at-15.19.21-10.jpeg&#8221; title_text=&#8221;WhatsApp Image 2025-01-30 at 15.19.21 (10)&#8221; _builder_version=&#8221;4.9.3&#8243; _module_preset=&#8221;default&#8221; custom_margin=&#8221;30px|||||&#8221;][\/et_pb_image][\/et_pb_column][et_pb_column type=&#8221;1_2&#8243; _builder_version=&#8221;4.9.3&#8243; _module_preset=&#8221;default&#8221;][et_pb_image src=&#8221;https:\/\/vida.org.pt\/wp-content\/uploads\/2025\/02\/WhatsApp-Image-2025-01-30-at-15.19.22-5.jpeg&#8221; title_text=&#8221;WhatsApp Image 2025-01-30 at 15.19.22 (5)&#8221; _builder_version=&#8221;4.9.3&#8243; _module_preset=&#8221;default&#8221;][\/et_pb_image][et_pb_text _builder_version=&#8221;4.9.3&#8243; _module_preset=&#8221;default&#8221; text_font=&#8221;||||||||&#8221; text_font_size=&#8221;12px&#8221; text_line_height=&#8221;1.4em&#8221;]Professor do departamento de Inform\u00e1tica da UMinho e investigador do INESC TEC, Jo\u00e3o Marco Silva[\/et_pb_text][et_pb_image src=&#8221;https:\/\/vida.org.pt\/wp-content\/uploads\/2025\/02\/WhatsApp-Image-2025-01-30-at-15.19.22-7-1.jpeg&#8221; title_text=&#8221;WhatsApp Image 2025-01-30 at 15.19.22 (7)&#8221; _builder_version=&#8221;4.9.3&#8243; _module_preset=&#8221;default&#8221;][\/et_pb_image][\/et_pb_column][\/et_pb_row][et_pb_row _builder_version=&#8221;4.9.3&#8243; _module_preset=&#8221;default&#8221;][et_pb_column type=&#8221;4_4&#8243; _builder_version=&#8221;4.9.3&#8243; _module_preset=&#8221;default&#8221;][et_pb_text _builder_version=&#8221;4.9.3&#8243; _module_preset=&#8221;default&#8221; text_font_size=&#8221;15px&#8221;]Durante a tarde, os\/as participantes, em grupo, puderam debater em torno de alguns dos desafios da LS24h enfrenta, com o prop\u00f3sito de encontrar solu\u00e7\u00f5es conjuntas e novas estrat\u00e9gias para melhorar continuamente o funcionamento da Linha de Sa\u00fade 24h e o seu alcance e impacto junto da popula\u00e7\u00e3o que serve.<\/p>\n<p>Antes de encerrar, escut\u00e1mos o grupo Amizade Ka F\u00e1cil que criou uma m\u00fasica de sensibiliza\u00e7\u00e3o para a Linha de Sa\u00fade 24h, traduzida nas v\u00e1rias l\u00ednguas da Guin\u00e9-Bissau, e que se encontra a ser difundida por r\u00e1dios nacionais.<\/p>\n<p>Na mesa de encerramento, cont\u00e1mos com a presen\u00e7a do Ministro da Sa\u00fade P\u00fablica da Guin\u00e9-Bissau, Pedro Tipote, com o Embaixador de Portugal na Guin\u00e9-Bissau, Miguel Cruz Silvestre, a Representante do PNUD na Guin\u00e9-Bissau, Alessandra Casazza; o Representante do UNICEF na Guin\u00e9-Bissau, Inoussa Kabore; e da Vice-Presidente do Conselho de Administra\u00e7\u00e3o da VIDA, implementadora do projeto, Ana Gaspar Nunes, que destacaram a import\u00e2ncia do projeto para o acesso \u00e0 sa\u00fade em todo o territ\u00f3rio do pa\u00eds.[\/et_pb_text][\/et_pb_column][\/et_pb_row][et_pb_row _builder_version=&#8221;4.9.3&#8243; _module_preset=&#8221;default&#8221; custom_padding=&#8221;10px|||||&#8221;][et_pb_column type=&#8221;4_4&#8243; _builder_version=&#8221;4.9.3&#8243; _module_preset=&#8221;default&#8221;][et_pb_button button_text=&#8221;Veja a reportagem RTP \u00c1frica&#8221; _builder_version=&#8221;4.9.3&#8243; _module_preset=&#8221;default&#8221; button_url=&#8221;https:\/\/rtpafrica.rtp.pt\/noticias\/guine-bissau-linha-de-saude-24-recebeu-4-500-chamadas-em-meio-ano\/&#8221; admin_label=&#8221;Bot\u00e3o reportagem RTP Africa LS24h&#8221; custom_button=&#8221;on&#8221; button_text_size=&#8221;16px&#8221; button_font=&#8221;|600|||||||&#8221; hover_enabled=&#8221;0&#8243; sticky_enabled=&#8221;0&#8243;][\/et_pb_button][\/et_pb_column][\/et_pb_row][et_pb_row column_structure=&#8221;1_2,1_2&#8243; _builder_version=&#8221;4.9.3&#8243; _module_preset=&#8221;default&#8221; custom_padding=&#8221;8px|||||&#8221;][et_pb_column type=&#8221;1_2&#8243; _builder_version=&#8221;4.9.3&#8243; _module_preset=&#8221;default&#8221;][et_pb_image src=&#8221;https:\/\/vida.org.pt\/wp-content\/uploads\/2025\/02\/WhatsApp-Image-2025-02-01-at-03.57.18.jpeg&#8221; title_text=&#8221;WhatsApp Image 2025-02-01 at 03.57.18&#8243; _builder_version=&#8221;4.9.3&#8243; _module_preset=&#8221;default&#8221;][\/et_pb_image][et_pb_image src=&#8221;https:\/\/vida.org.pt\/wp-content\/uploads\/2025\/02\/WhatsApp-Image-2025-02-03-at-10.38.54.jpg&#8221; title_text=&#8221;WhatsApp Image 2025-02-03 at 10.38.54&#8243; _builder_version=&#8221;4.9.3&#8243; _module_preset=&#8221;default&#8221; custom_margin=&#8221;12px|||||&#8221;][\/et_pb_image][et_pb_image src=&#8221;https:\/\/vida.org.pt\/wp-content\/uploads\/2025\/02\/WhatsApp-Image-2025-02-01-at-04.39.26.jpeg&#8221; title_text=&#8221;WhatsApp Image 2025-02-01 at 04.39.26&#8243; _builder_version=&#8221;4.9.3&#8243; _module_preset=&#8221;default&#8221;][\/et_pb_image][et_pb_text _builder_version=&#8221;4.9.3&#8243; _module_preset=&#8221;default&#8221; text_font=&#8221;||||||||&#8221; text_font_size=&#8221;12px&#8221; text_line_height=&#8221;1.4em&#8221;]Ministro da Sa\u00fade P\u00fablica da Guin\u00e9-Bissau, Dr. Pedro Tipote[\/et_pb_text][\/et_pb_column][et_pb_column type=&#8221;1_2&#8243; _builder_version=&#8221;4.9.3&#8243; _module_preset=&#8221;default&#8221;][et_pb_image src=&#8221;https:\/\/vida.org.pt\/wp-content\/uploads\/2025\/02\/WhatsApp-Image-2025-02-01-at-04.00.53.jpeg&#8221; title_text=&#8221;WhatsApp Image 2025-02-01 at 04.00.53&#8243; _builder_version=&#8221;4.9.3&#8243; _module_preset=&#8221;default&#8221;][\/et_pb_image][et_pb_image src=&#8221;https:\/\/vida.org.pt\/wp-content\/uploads\/2025\/02\/WhatsApp-Image-2025-02-03-at-10.38.54-1.jpg&#8221; title_text=&#8221;WhatsApp Image 2025-02-03 at 10.38.54 (1)&#8221; _builder_version=&#8221;4.9.3&#8243; _module_preset=&#8221;default&#8221;][\/et_pb_image][et_pb_image src=&#8221;https:\/\/vida.org.pt\/wp-content\/uploads\/2025\/02\/WhatsApp-Image-2025-02-01-at-04.39.32-4.jpeg&#8221; title_text=&#8221;WhatsApp Image 2025-02-01 at 04.39.32 (4)&#8221; _builder_version=&#8221;4.9.3&#8243; _module_preset=&#8221;default&#8221;][\/et_pb_image][et_pb_text _builder_version=&#8221;4.9.3&#8243; _module_preset=&#8221;default&#8221; text_font=&#8221;||||||||&#8221; text_font_size=&#8221;12px&#8221; text_line_height=&#8221;1.4em&#8221;]Da esq. para dta: Ana Gaspar Nunes, Vice-Presidente do Conselho Administra\u00e7\u00e3o VIDA; Inoussa Kabore, Representante UNICEF; Pedro Tipote, Ministro da Sa\u00fade; Miguel Silvestre, Embaixador de Portugal na Guin\u00e9-Bissau; Alessandra Casazza, Representante PNUD.[\/et_pb_text][\/et_pb_column][\/et_pb_row][et_pb_row _builder_version=&#8221;4.9.3&#8243; _module_preset=&#8221;default&#8221; custom_padding=&#8221;10px|||||&#8221;][et_pb_column type=&#8221;4_4&#8243; _builder_version=&#8221;4.9.3&#8243; _module_preset=&#8221;default&#8221;][et_pb_text _builder_version=&#8221;4.9.3&#8243; _module_preset=&#8221;default&#8221; text_font=&#8221;|600|on||||||&#8221;]O projeto &#8220;Linha de Sa\u00fade 24h \u2013 Refor\u00e7o da disponibilidade e proximidade dos Servi\u00e7os de Sa\u00fade \u00e0 popula\u00e7\u00e3o da Guin\u00e9-Bissau&#8221; \u00e9 implementado pela ONGD VIDA, em estreita parceria com o Minist\u00e9rio da Sa\u00fade P\u00fablica da Guin\u00e9-Bissau, contando com o financiamento do Cam\u00f5es, I.P., do Programa das Na\u00e7\u00f5es Unidas para o Desenvolvimento (PNUD) e do Fundo das Na\u00e7\u00f5es Unidas para a Inf\u00e2ncia (UNICEF) Guin\u00e9-Bissau.[\/et_pb_text][\/et_pb_column][\/et_pb_row][\/et_pb_section]<\/p>\n","protected":false},"excerpt":{"rendered":"<p>[et_pb_section fb_built=&#8221;1&#8243; _builder_version=&#8221;4.9.3&#8243; _module_preset=&#8221;default&#8221; custom_padding=&#8221;17px|||||&#8221;][et_pb_row _builder_version=&#8221;4.9.3&#8243; _module_preset=&#8221;default&#8221;][et_pb_column type=&#8221;4_4&#8243; _builder_version=&#8221;4.9.3&#8243; _module_preset=&#8221;default&#8221;][et_pb_image src=&#8221;https:\/\/vida.org.pt\/wp-content\/uploads\/2025\/02\/WhatsApp-Image-2025-02-03-at-10.38.50.jpg&#8221; title_text=&#8221;WhatsApp Image 2025-02-03 at 10.38.50&#8243; _builder_version=&#8221;4.9.3&#8243; _module_preset=&#8221;default&#8221;][\/et_pb_image][\/et_pb_column][\/et_pb_row][et_pb_row _builder_version=&#8221;4.9.3&#8243; _module_preset=&#8221;default&#8221;][et_pb_column type=&#8221;4_4&#8243; _builder_version=&#8221;4.9.3&#8243; _module_preset=&#8221;default&#8221;][et_pb_text _builder_version=&#8221;4.9.3&#8243; _module_preset=&#8221;default&#8221; text_font=&#8221;|700|||||||&#8221; text_font_size=&#8221;15px&#8221;]No dia de 30 de janeiro, realiz\u00e1mos o primeiro Encontro Anual da Linha de Sa\u00fade 24h, em Bissau, reunindo parceiros, financiadores e pontos focais de todas as regi\u00f5es da [&hellip;]<\/p>\n","protected":false},"author":2,"featured_media":34109,"comment_status":"open","ping_status":"open","sticky":false,"template":"","format":"standard","meta":{"_et_pb_use_builder":"on","_et_pb_old_content":"","_et_gb_content_width":"","_monsterinsights_skip_tracking":false,"_monsterinsights_sitenote_active":false,"_monsterinsights_sitenote_note":"","_monsterinsights_sitenote_category":0,"footnotes":""},"categories":[10],"tags":[],"class_list":["post-34108","post","type-post","status-publish","format-standard","has-post-thumbnail","hentry","category-noticias"],"_links":{"self":[{"href":"https:\/\/vida.org.pt\/en\/wp-json\/wp\/v2\/posts\/34108","targetHints":{"allow":["GET"]}}],"collection":[{"href":"https:\/\/vida.org.pt\/en\/wp-json\/wp\/v2\/posts"}],"about":[{"href":"https:\/\/vida.org.pt\/en\/wp-json\/wp\/v2\/types\/post"}],"author":[{"embeddable":true,"href":"https:\/\/vida.org.pt\/en\/wp-json\/wp\/v2\/users\/2"}],"replies":[{"embeddable":true,"href":"https:\/\/vida.org.pt\/en\/wp-json\/wp\/v2\/comments?post=34108"}],"version-history":[{"count":4,"href":"https:\/\/vida.org.pt\/en\/wp-json\/wp\/v2\/posts\/34108\/revisions"}],"predecessor-version":[{"id":34200,"href":"https:\/\/vida.org.pt\/en\/wp-json\/wp\/v2\/posts\/34108\/revisions\/34200"}],"wp:featuredmedia":[{"embeddable":true,"href":"https:\/\/vida.org.pt\/en\/wp-json\/wp\/v2\/media\/34109"}],"wp:attachment":[{"href":"https:\/\/vida.org.pt\/en\/wp-json\/wp\/v2\/media?parent=34108"}],"wp:term":[{"taxonomy":"category","embeddable":true,"href":"https:\/\/vida.org.pt\/en\/wp-json\/wp\/v2\/categories?post=34108"},{"taxonomy":"post_tag","embeddable":true,"href":"https:\/\/vida.org.pt\/en\/wp-json\/wp\/v2\/tags?post=34108"}],"curies":[{"name":"wp","href":"https:\/\/api.w.org\/{rel}","templated":true}]}}