{"id":33957,"date":"2024-10-07T15:37:40","date_gmt":"2024-10-07T15:37:40","guid":{"rendered":"https:\/\/vida.org.pt\/?p=33957"},"modified":"2024-10-07T15:53:30","modified_gmt":"2024-10-07T15:53:30","slug":"vida-assina-protocolo-com-a-oei-para-novo-projeto-na-guine-bissau","status":"publish","type":"post","link":"https:\/\/vida.org.pt\/en\/vida-assina-protocolo-com-a-oei-para-novo-projeto-na-guine-bissau\/","title":{"rendered":"VIDA assina protocolo com a OEI para novo projeto na Guin\u00e9-Bissau"},"content":{"rendered":"<p>[et_pb_section fb_built=&#8221;1&#8243; _builder_version=&#8221;4.9.3&#8243; _module_preset=&#8221;default&#8221;][et_pb_row _builder_version=&#8221;4.9.3&#8243; _module_preset=&#8221;default&#8221; custom_margin=&#8221;-24px|auto||auto||&#8221;][et_pb_column _builder_version=&#8221;4.9.3&#8243; _module_preset=&#8221;default&#8221; type=&#8221;4_4&#8243;][et_pb_image src=&#8221;https:\/\/vida.org.pt\/wp-content\/uploads\/2024\/10\/Assinatura-Protocolo-VIDA-11-scaled.jpg&#8221; _builder_version=&#8221;4.9.3&#8243; _module_preset=&#8221;default&#8221; title_text=&#8221;Assinatura Protocolo VIDA-11&#8243; hover_enabled=&#8221;0&#8243; sticky_enabled=&#8221;0&#8243;][\/et_pb_image][\/et_pb_column][\/et_pb_row][et_pb_row _builder_version=&#8221;4.9.3&#8243; _module_preset=&#8221;default&#8221;][et_pb_column _builder_version=&#8221;4.9.3&#8243; _module_preset=&#8221;default&#8221; type=&#8221;4_4&#8243;][et_pb_text _builder_version=&#8221;4.9.3&#8243; _module_preset=&#8221;default&#8221; hover_enabled=&#8221;0&#8243; sticky_enabled=&#8221;0&#8243; text_font_size=&#8221;16px&#8221; text_line_height=&#8221;1.7em&#8221;]<\/p>\n<div class=\"xdj266r x11i5rnm xat24cr x1mh8g0r x1vvkbs x126k92a\">\n<div dir=\"auto\"><strong><span class=\"html-span xdj266r x11i5rnm xat24cr x1mh8g0r xexx8yu x4uap5 x18d9i69 xkhd6sd x1hl2dhg x16tdsg8 x1vvkbs\"><span class=\"xt0psk2\">A VIDA e a OEI Portugal<\/span><\/span> assinaram, no passado dia 25 de setembro de 2024, um protocolo de coopera\u00e7\u00e3o, no \u00e2mbito do projeto\u00a0<em>Rota dos Tambores do Atl\u00e2ntico. <\/em>Este acordo entre as duas institui\u00e7\u00f5es pretende impulsionar a cria\u00e7\u00e3o de uma rede de parceiros da Rota e desenvolver compet\u00eancias e servi\u00e7os na Guin\u00e9-Bissau, um dos pa\u00edses que acolhe a fase piloto do projeto.<\/strong><\/div>\n<\/div>\n<p>[\/et_pb_text][et_pb_text _builder_version=&#8221;4.9.3&#8243; _module_preset=&#8221;default&#8221; hover_enabled=&#8221;0&#8243; sticky_enabled=&#8221;0&#8243; text_font_size=&#8221;15px&#8221; text_line_height=&#8221;1.7em&#8221; header_3_font_size=&#8221;20px&#8221; custom_margin=&#8221;50px|||||&#8221;]<\/p>\n<div class=\"xdj266r x11i5rnm xat24cr x1mh8g0r x1vvkbs x126k92a\">\n<h3 dir=\"auto\"><b>ROTA DOS TAMBORES DO ATL\u00c2NTICO<\/b><\/h3>\n<div dir=\"auto\"><\/div>\n<div dir=\"auto\">O projeto <em>Rota dos Tambores do Atl\u00e2ntico<\/em> \u00e9 promovido pela Organiza\u00e7\u00e3o de Estados Ibero-americanos (OEI), com o financiamento do Cam\u00f5es, I.P., e o seu<strong> objetivo \u00e9 criar uma rota cultural assente em patrim\u00f3nio imaterial partilhado entre \u00c1frica e Am\u00e9rica Latina, a partir da rota atl\u00e2ntica percorrida por instrumentos de percuss\u00e3o ancestrais, tendo em vista a promo\u00e7\u00e3o do desenvolvimento socioecon\u00f3mico das comunidades e a valoriza\u00e7\u00e3o cultural e tur\u00edstica.<\/strong><\/div>\n<div dir=\"auto\"><strong><\/strong><\/div>\n<div dir=\"auto\"><\/div>\n<div dir=\"auto\">A interven\u00e7\u00e3o fundamenta-se no nexo cultura e desenvolvimento, e tem uma abordagem inovadora por se sustentar na utiliza\u00e7\u00e3o de um patrim\u00f3nio imaterial ancestral como motor de desenvolvimento social e econ\u00f3mico, de coes\u00e3o e de di\u00e1logo intercultural entre regi\u00f5es de diferentes continentes. O projeto tem como regi\u00f5es-piloto, em \u00c1frica, Angola e Guin\u00e9-Bissau, na Am\u00e9rica Latina, o Brasil e a Col\u00f4mbia, a partir da tradi\u00e7\u00e3o dos tambores Makupela, Djembe, de Tina e Bombolom.<\/div>\n<\/div>\n<p>[\/et_pb_text][\/et_pb_column][\/et_pb_row][et_pb_row _builder_version=&#8221;4.9.3&#8243; _module_preset=&#8221;default&#8221;][et_pb_column _builder_version=&#8221;4.9.3&#8243; _module_preset=&#8221;default&#8221; type=&#8221;4_4&#8243;][et_pb_image src=&#8221;https:\/\/vida.org.pt\/wp-content\/uploads\/2024\/10\/Assinatura-Protocolo-VIDA-7-scaled.jpg&#8221; _builder_version=&#8221;4.9.3&#8243; _module_preset=&#8221;default&#8221; title_text=&#8221;Assinatura Protocolo VIDA-7&#8243; hover_enabled=&#8221;0&#8243; sticky_enabled=&#8221;0&#8243;][\/et_pb_image][\/et_pb_column][\/et_pb_row][et_pb_row _builder_version=&#8221;4.9.3&#8243; _module_preset=&#8221;default&#8221;][et_pb_column _builder_version=&#8221;4.9.3&#8243; _module_preset=&#8221;default&#8221; type=&#8221;4_4&#8243;][et_pb_text _builder_version=&#8221;4.9.3&#8243; _module_preset=&#8221;default&#8221; hover_enabled=&#8221;0&#8243; sticky_enabled=&#8221;0&#8243; text_font_size=&#8221;15px&#8221; text_line_height=&#8221;1.7em&#8221; header_3_font_size=&#8221;20px&#8221; custom_margin=&#8221;3px|||||&#8221;]<\/p>\n<div class=\"xdj266r x11i5rnm xat24cr x1mh8g0r x1vvkbs x126k92a\">\n<h3 dir=\"auto\">PARCERIA COM A ONGD VIDA PARA A GUIN\u00c9-BISSAU<\/h3>\n<div dir=\"auto\">A parceria entre a OEI e a VIDA surge da experi\u00eancia de trabalho vivenciada pela VIDA nos \u00faltimos 30 anos na Guin\u00e9-Bissau, junto das comunidades, associa\u00e7\u00f5es e \u00f3rg\u00e3os da tutela e concretamente atrav\u00e9s do projeto e Espa\u00e7o Ur-GENTE nos \u00faltimos tr\u00eas anos. A VIDA ir\u00e1 implementar, na Guin\u00e9-Bissau, atividades que permitam que o itiner\u00e1rio da Rota dos Tambores do Atl\u00e2ntico seja valorizado e apropriado pelos artistas, fam\u00edlias e comunidades de origem dos Tambores.<\/div>\n<div dir=\"auto\">\n<div class=\"x11i5rnm xat24cr x1mh8g0r x1vvkbs xtlvy1s x126k92a\">\n<div dir=\"auto\"><\/div>\n<div dir=\"auto\">Na articula\u00e7\u00e3o de atividades em curso e futuras do Espa\u00e7o Ur-GENTE, a Rota dos Tambores do Atl\u00e2ntico ser\u00e1 integrada na programa\u00e7\u00e3o cultural e far\u00e1 parte da dinamiza\u00e7\u00e3o do plano de atividades, quer em Bissau, quer nas diferentes regi\u00f5es do pa\u00eds.<a href=\"https:\/\/vida.org.pt\/wp-content\/uploads\/2024\/10\/Ficha-tecnica_RTA-Guine-Bissau.pdf\"><em><\/em><\/a><\/div>\n<\/div>\n<\/div>\n<\/div>\n<p>[\/et_pb_text][et_pb_text _builder_version=&#8221;4.9.3&#8243; _module_preset=&#8221;default&#8221; hover_enabled=&#8221;0&#8243; sticky_enabled=&#8221;0&#8243; text_font_size=&#8221;15px&#8221; text_line_height=&#8221;1.7em&#8221; header_3_font_size=&#8221;20px&#8221; custom_margin=&#8221;29px|||||&#8221;]<\/p>\n<div class=\"xdj266r x11i5rnm xat24cr x1mh8g0r x1vvkbs x126k92a\">\n<div dir=\"auto\">\n<div class=\"x11i5rnm xat24cr x1mh8g0r x1vvkbs xtlvy1s x126k92a\">\n<div dir=\"auto\"><span style=\"text-decoration: underline;\"><strong><a href=\"https:\/\/vida.org.pt\/wp-content\/uploads\/2024\/10\/Ficha-tecnica_RTA-Guine-Bissau.pdf\"><em>Saiba mais sobre o projeto na ficha t\u00e9cnica &#8211; Rota dos Tambores do Atl\u00e2ntico na Guin\u00e9-Bissau.<\/em><\/a><\/strong><\/span><\/div>\n<\/div>\n<\/div>\n<\/div>\n<p>[\/et_pb_text][\/et_pb_column][\/et_pb_row][\/et_pb_section]<\/p>\n","protected":false},"excerpt":{"rendered":"<p>[et_pb_section fb_built=&#8221;1&#8243; _builder_version=&#8221;4.9.3&#8243; _module_preset=&#8221;default&#8221;][et_pb_row _builder_version=&#8221;4.9.3&#8243; _module_preset=&#8221;default&#8221; custom_margin=&#8221;-24px|auto||auto||&#8221;][et_pb_column _builder_version=&#8221;4.9.3&#8243; _module_preset=&#8221;default&#8221; type=&#8221;4_4&#8243;][et_pb_image src=&#8221;https:\/\/vida.org.pt\/wp-content\/uploads\/2024\/10\/Assinatura-Protocolo-VIDA-11-scaled.jpg&#8221; _builder_version=&#8221;4.9.3&#8243; _module_preset=&#8221;default&#8221; title_text=&#8221;Assinatura Protocolo VIDA-11&#8243; hover_enabled=&#8221;0&#8243; sticky_enabled=&#8221;0&#8243;][\/et_pb_image][\/et_pb_column][\/et_pb_row][et_pb_row _builder_version=&#8221;4.9.3&#8243; _module_preset=&#8221;default&#8221;][et_pb_column _builder_version=&#8221;4.9.3&#8243; _module_preset=&#8221;default&#8221; type=&#8221;4_4&#8243;][et_pb_text _builder_version=&#8221;4.9.3&#8243; _module_preset=&#8221;default&#8221; hover_enabled=&#8221;0&#8243; sticky_enabled=&#8221;0&#8243; text_font_size=&#8221;16px&#8221; text_line_height=&#8221;1.7em&#8221;] A VIDA e a OEI Portugal assinaram, no passado dia 25 de setembro de 2024, um protocolo de coopera\u00e7\u00e3o, no \u00e2mbito do projeto\u00a0Rota dos Tambores do [&hellip;]<\/p>\n","protected":false},"author":2,"featured_media":33963,"comment_status":"open","ping_status":"open","sticky":false,"template":"","format":"standard","meta":{"_et_pb_use_builder":"on","_et_pb_old_content":"","_et_gb_content_width":"","_monsterinsights_skip_tracking":false,"_monsterinsights_sitenote_active":false,"_monsterinsights_sitenote_note":"","_monsterinsights_sitenote_category":0,"footnotes":""},"categories":[10],"tags":[],"class_list":["post-33957","post","type-post","status-publish","format-standard","has-post-thumbnail","hentry","category-noticias"],"_links":{"self":[{"href":"https:\/\/vida.org.pt\/en\/wp-json\/wp\/v2\/posts\/33957","targetHints":{"allow":["GET"]}}],"collection":[{"href":"https:\/\/vida.org.pt\/en\/wp-json\/wp\/v2\/posts"}],"about":[{"href":"https:\/\/vida.org.pt\/en\/wp-json\/wp\/v2\/types\/post"}],"author":[{"embeddable":true,"href":"https:\/\/vida.org.pt\/en\/wp-json\/wp\/v2\/users\/2"}],"replies":[{"embeddable":true,"href":"https:\/\/vida.org.pt\/en\/wp-json\/wp\/v2\/comments?post=33957"}],"version-history":[{"count":3,"href":"https:\/\/vida.org.pt\/en\/wp-json\/wp\/v2\/posts\/33957\/revisions"}],"predecessor-version":[{"id":33965,"href":"https:\/\/vida.org.pt\/en\/wp-json\/wp\/v2\/posts\/33957\/revisions\/33965"}],"wp:featuredmedia":[{"embeddable":true,"href":"https:\/\/vida.org.pt\/en\/wp-json\/wp\/v2\/media\/33963"}],"wp:attachment":[{"href":"https:\/\/vida.org.pt\/en\/wp-json\/wp\/v2\/media?parent=33957"}],"wp:term":[{"taxonomy":"category","embeddable":true,"href":"https:\/\/vida.org.pt\/en\/wp-json\/wp\/v2\/categories?post=33957"},{"taxonomy":"post_tag","embeddable":true,"href":"https:\/\/vida.org.pt\/en\/wp-json\/wp\/v2\/tags?post=33957"}],"curies":[{"name":"wp","href":"https:\/\/api.w.org\/{rel}","templated":true}]}}