{"id":33934,"date":"2024-09-09T13:34:16","date_gmt":"2024-09-09T13:34:16","guid":{"rendered":"https:\/\/vida.org.pt\/?p=33934"},"modified":"2024-09-09T13:51:12","modified_gmt":"2024-09-09T13:51:12","slug":"produtores-e-extensionistas-rurais-de-matutuine-recebem-formacao-em-agrotecnia-do-caju","status":"publish","type":"post","link":"https:\/\/vida.org.pt\/en\/produtores-e-extensionistas-rurais-de-matutuine-recebem-formacao-em-agrotecnia-do-caju\/","title":{"rendered":"Produtores e extensionistas rurais de Matutuine recebem forma\u00e7\u00e3o em agrotecnia do caju"},"content":{"rendered":"<p>[et_pb_section fb_built=&#8221;1&#8243; _builder_version=&#8221;4.9.3&#8243; _module_preset=&#8221;default&#8221; custom_padding=&#8221;23px|||||&#8221;][et_pb_row _builder_version=&#8221;4.9.3&#8243; _module_preset=&#8221;default&#8221;][et_pb_column _builder_version=&#8221;4.9.3&#8243; _module_preset=&#8221;default&#8221; type=&#8221;4_4&#8243;][et_pb_image src=&#8221;https:\/\/vida.org.pt\/wp-content\/uploads\/2024\/09\/WhatsApp-Image-2024-09-07-at-16.57.03-1-scaled.jpg&#8221; _builder_version=&#8221;4.9.3&#8243; _module_preset=&#8221;default&#8221; title_text=&#8221;WhatsApp Image 2024-09-07 at 16.57.03 (1)&#8221; hover_enabled=&#8221;0&#8243; sticky_enabled=&#8221;0&#8243;][\/et_pb_image][\/et_pb_column][\/et_pb_row][et_pb_row _builder_version=&#8221;4.9.3&#8243; _module_preset=&#8221;default&#8221;][et_pb_column _builder_version=&#8221;4.9.3&#8243; _module_preset=&#8221;default&#8221; type=&#8221;4_4&#8243;][et_pb_text _builder_version=&#8221;4.9.3&#8243; _module_preset=&#8221;default&#8221; hover_enabled=&#8221;0&#8243; sticky_enabled=&#8221;0&#8243; text_font_size=&#8221;15px&#8221; text_line_height=&#8221;1.7em&#8221;]<\/p>\n<p><strong>Entre 4 e 6 de setembro de 2024, o Centro de Desenvolvimento Comunit\u00e1rio de Djabula acolheu a forma\u00e7\u00e3o em Agrotecnia de Caju, destinada a produtores locais e extensionistas rurais.<\/strong><\/p>\n<p>A forma\u00e7\u00e3o foi organizada pelo <a href=\"https:\/\/www.fnds.gov.mz\/index.php\/pt\/\"><span style=\"text-decoration: underline;\">Fundo Nacional do Desenvolvimento Sustent\u00e1vel<\/span> <\/a>(FNDS), atrav\u00e9s do Programa MOZBIO, e pelo <a href=\"https:\/\/iam.gov.mz\/\"><span style=\"text-decoration: underline;\">Instituto de Am\u00eandoas de Mo\u00e7ambique I.P. <\/span><\/a>(IAM) em parceria com a VIDA, no \u00e2mbito da campanha de restauro de paisagem e habitats a decorrer no distrito de Matutuine.<span><\/span><\/p>\n<p>[\/et_pb_text][\/et_pb_column][\/et_pb_row][et_pb_row _builder_version=&#8221;4.9.3&#8243; _module_preset=&#8221;default&#8221; column_structure=&#8221;1_2,1_2&#8243;][et_pb_column _builder_version=&#8221;4.9.3&#8243; _module_preset=&#8221;default&#8221; type=&#8221;1_2&#8243;][et_pb_image src=&#8221;https:\/\/vida.org.pt\/wp-content\/uploads\/2024\/09\/WhatsApp-Image-2024-09-07-at-16.56.58-scaled.jpg&#8221; _builder_version=&#8221;4.9.3&#8243; _module_preset=&#8221;default&#8221; title_text=&#8221;WhatsApp Image 2024-09-07 at 16.56.58&#8243; hover_enabled=&#8221;0&#8243; sticky_enabled=&#8221;0&#8243;][\/et_pb_image][\/et_pb_column][et_pb_column _builder_version=&#8221;4.9.3&#8243; _module_preset=&#8221;default&#8221; type=&#8221;1_2&#8243;][et_pb_image src=&#8221;https:\/\/vida.org.pt\/wp-content\/uploads\/2024\/09\/WhatsApp-Image-2024-09-07-at-16.57.02-1-scaled.jpg&#8221; _builder_version=&#8221;4.9.3&#8243; _module_preset=&#8221;default&#8221; title_text=&#8221;WhatsApp Image 2024-09-07 at 16.57.02 (1)&#8221; hover_enabled=&#8221;0&#8243; sticky_enabled=&#8221;0&#8243;][\/et_pb_image][\/et_pb_column][\/et_pb_row][et_pb_row _builder_version=&#8221;4.9.3&#8243; _module_preset=&#8221;default&#8221;][et_pb_column _builder_version=&#8221;4.9.3&#8243; _module_preset=&#8221;default&#8221; type=&#8221;4_4&#8243;][et_pb_text _builder_version=&#8221;4.9.3&#8243; _module_preset=&#8221;default&#8221; hover_enabled=&#8221;0&#8243; sticky_enabled=&#8221;0&#8243; text_font_size=&#8221;15px&#8221; text_line_height=&#8221;1.7em&#8221;]<\/p>\n<p>A forma\u00e7\u00e3o teve como objectivo capacitar produtores\/as e extensionistas em maneio integrado, procedimentos p\u00f3s colheita e processamento da p\u00eara e am\u00eandoa do caju, como forma de dotar de ferramentas essenciais para a produ\u00e7\u00e3o, processamento, comercializa\u00e7\u00e3o da castanha de caju e derivados, bem com promover o aproveitamento integral dos subprodutos do caju, garantindo aumento da renda dos\/as produtores\/as deste subsector.<\/p>\n<p>Contou com <strong>a participa\u00e7\u00e3o de 44 pessoas<\/strong> (produtores locais, extensionistas dos Servi\u00e7os Distritais de Atividades Econ\u00f3micas de Matutuine, t\u00e9cnicos do FNDS, t\u00e9cnicos do IAM e VIDA).<\/p>\n<p>[\/et_pb_text][\/et_pb_column][\/et_pb_row][et_pb_row _builder_version=&#8221;4.9.3&#8243; _module_preset=&#8221;default&#8221; column_structure=&#8221;1_2,1_2&#8243;][et_pb_column _builder_version=&#8221;4.9.3&#8243; _module_preset=&#8221;default&#8221; type=&#8221;1_2&#8243;][et_pb_image src=&#8221;https:\/\/vida.org.pt\/wp-content\/uploads\/2024\/09\/WhatsApp-Image-2024-09-07-at-16.57.04-scaled.jpg&#8221; _builder_version=&#8221;4.9.3&#8243; _module_preset=&#8221;default&#8221; title_text=&#8221;WhatsApp Image 2024-09-07 at 16.57.04&#8243; hover_enabled=&#8221;0&#8243; sticky_enabled=&#8221;0&#8243;][\/et_pb_image][\/et_pb_column][et_pb_column _builder_version=&#8221;4.9.3&#8243; _module_preset=&#8221;default&#8221; type=&#8221;1_2&#8243;][et_pb_image src=&#8221;https:\/\/vida.org.pt\/wp-content\/uploads\/2024\/09\/WhatsApp-Image-2024-09-07-at-16.56.56-1-scaled.jpg&#8221; _builder_version=&#8221;4.9.3&#8243; _module_preset=&#8221;default&#8221; title_text=&#8221;WhatsApp Image 2024-09-07 at 16.56.56 (1)&#8221; hover_enabled=&#8221;0&#8243; sticky_enabled=&#8221;0&#8243;][\/et_pb_image][\/et_pb_column][\/et_pb_row][et_pb_row _builder_version=&#8221;4.9.3&#8243; _module_preset=&#8221;default&#8221;][et_pb_column _builder_version=&#8221;4.9.3&#8243; _module_preset=&#8221;default&#8221; type=&#8221;4_4&#8243;][et_pb_text _builder_version=&#8221;4.9.3&#8243; _module_preset=&#8221;default&#8221; hover_enabled=&#8221;0&#8243; sticky_enabled=&#8221;0&#8243; text_font_size=&#8221;15px&#8221; text_line_height=&#8221;1.7em&#8221;]<\/p>\n<p>Esta forma\u00e7\u00e3o foi conduzida pela equipa t\u00e9cnica do Instituto de Am\u00eandoas de Mo\u00e7ambique e dividiu-se em dois momentos: primeiramente, a componente te\u00f3rica sobre v\u00e1rias tem\u00e1ticas de maneio integrado do caju (produ\u00e7\u00e3o de mudas atrav\u00e9s das sementes e enxertia, tecnologias p\u00f3s-colheita e comercializa\u00e7\u00e3o); em segundo, a componente pr\u00e1ticao com o o estabelecimento de um campo\/pomar de cajueiro, com a demarca\u00e7\u00e3o do campo e o estabelecimento das mudas, identifica\u00e7\u00e3o de pragas e doen\u00e7as, podas e tratamento fitossanit\u00e1rio, tendo encerrado com a distribui\u00e7\u00e3o de kits (equipamentos de prote\u00e7\u00e3o individual, tesouras e serrotes de poda, navalhas para enxertia e pulverizadores).<\/p>\n<p><em>Projeto \u201cJovens para a Mudan\u00e7a \u2013 O desafio do desenvolvimento sustent\u00e1vel de Matutuine\u201d financiado pelo Cam\u00f5es, IP, Fundo Nacional de Desenvolvimento Sustent\u00e1vel (FNDS) e Biofund.<\/em><\/p>\n<p>[\/et_pb_text][\/et_pb_column][\/et_pb_row][\/et_pb_section]<\/p>\n","protected":false},"excerpt":{"rendered":"<p>[et_pb_section fb_built=&#8221;1&#8243; _builder_version=&#8221;4.9.3&#8243; _module_preset=&#8221;default&#8221; custom_padding=&#8221;23px|||||&#8221;][et_pb_row _builder_version=&#8221;4.9.3&#8243; _module_preset=&#8221;default&#8221;][et_pb_column _builder_version=&#8221;4.9.3&#8243; _module_preset=&#8221;default&#8221; type=&#8221;4_4&#8243;][et_pb_image src=&#8221;https:\/\/vida.org.pt\/wp-content\/uploads\/2024\/09\/WhatsApp-Image-2024-09-07-at-16.57.03-1-scaled.jpg&#8221; _builder_version=&#8221;4.9.3&#8243; _module_preset=&#8221;default&#8221; title_text=&#8221;WhatsApp Image 2024-09-07 at 16.57.03 (1)&#8221; hover_enabled=&#8221;0&#8243; sticky_enabled=&#8221;0&#8243;][\/et_pb_image][\/et_pb_column][\/et_pb_row][et_pb_row _builder_version=&#8221;4.9.3&#8243; _module_preset=&#8221;default&#8221;][et_pb_column _builder_version=&#8221;4.9.3&#8243; _module_preset=&#8221;default&#8221; type=&#8221;4_4&#8243;][et_pb_text _builder_version=&#8221;4.9.3&#8243; _module_preset=&#8221;default&#8221; hover_enabled=&#8221;0&#8243; sticky_enabled=&#8221;0&#8243; text_font_size=&#8221;15px&#8221; text_line_height=&#8221;1.7em&#8221;] Entre 4 e 6 de setembro de 2024, o Centro de Desenvolvimento Comunit\u00e1rio de Djabula acolheu a forma\u00e7\u00e3o em Agrotecnia de Caju, destinada [&hellip;]<\/p>\n","protected":false},"author":2,"featured_media":33935,"comment_status":"open","ping_status":"open","sticky":false,"template":"","format":"standard","meta":{"_et_pb_use_builder":"on","_et_pb_old_content":"","_et_gb_content_width":"","_monsterinsights_skip_tracking":false,"_monsterinsights_sitenote_active":false,"_monsterinsights_sitenote_note":"","_monsterinsights_sitenote_category":0,"footnotes":""},"categories":[10],"tags":[],"class_list":["post-33934","post","type-post","status-publish","format-standard","has-post-thumbnail","hentry","category-noticias"],"_links":{"self":[{"href":"https:\/\/vida.org.pt\/en\/wp-json\/wp\/v2\/posts\/33934","targetHints":{"allow":["GET"]}}],"collection":[{"href":"https:\/\/vida.org.pt\/en\/wp-json\/wp\/v2\/posts"}],"about":[{"href":"https:\/\/vida.org.pt\/en\/wp-json\/wp\/v2\/types\/post"}],"author":[{"embeddable":true,"href":"https:\/\/vida.org.pt\/en\/wp-json\/wp\/v2\/users\/2"}],"replies":[{"embeddable":true,"href":"https:\/\/vida.org.pt\/en\/wp-json\/wp\/v2\/comments?post=33934"}],"version-history":[{"count":3,"href":"https:\/\/vida.org.pt\/en\/wp-json\/wp\/v2\/posts\/33934\/revisions"}],"predecessor-version":[{"id":33945,"href":"https:\/\/vida.org.pt\/en\/wp-json\/wp\/v2\/posts\/33934\/revisions\/33945"}],"wp:featuredmedia":[{"embeddable":true,"href":"https:\/\/vida.org.pt\/en\/wp-json\/wp\/v2\/media\/33935"}],"wp:attachment":[{"href":"https:\/\/vida.org.pt\/en\/wp-json\/wp\/v2\/media?parent=33934"}],"wp:term":[{"taxonomy":"category","embeddable":true,"href":"https:\/\/vida.org.pt\/en\/wp-json\/wp\/v2\/categories?post=33934"},{"taxonomy":"post_tag","embeddable":true,"href":"https:\/\/vida.org.pt\/en\/wp-json\/wp\/v2\/tags?post=33934"}],"curies":[{"name":"wp","href":"https:\/\/api.w.org\/{rel}","templated":true}]}}