{"id":33865,"date":"2024-07-29T15:15:50","date_gmt":"2024-07-29T15:15:50","guid":{"rendered":"https:\/\/vida.org.pt\/?p=33865"},"modified":"2024-07-29T16:32:57","modified_gmt":"2024-07-29T16:32:57","slug":"workshop-emprego-jovem-e-desenvolvimento-sustentavel-matutuine","status":"publish","type":"post","link":"https:\/\/vida.org.pt\/en\/workshop-emprego-jovem-e-desenvolvimento-sustentavel-matutuine\/","title":{"rendered":"Workshop sobre emprego jovem e desenvolvimento sustent\u00e1vel re\u00fane jovens e empres\u00e1rios do distrito de Matutuine"},"content":{"rendered":"<p>[et_pb_section fb_built=&#8221;1&#8243; admin_label=&#8221;section&#8221; _builder_version=&#8221;3.22&#8243; custom_padding=&#8221;38px||0px|||&#8221;][et_pb_row admin_label=&#8221;row&#8221; _builder_version=&#8221;3.25&#8243; background_size=&#8221;initial&#8221; background_position=&#8221;top_left&#8221; background_repeat=&#8221;repeat&#8221; custom_padding=&#8221;2px|||||&#8221;][et_pb_column type=&#8221;4_4&#8243; _builder_version=&#8221;3.25&#8243; custom_padding=&#8221;|||&#8221; custom_padding__hover=&#8221;|||&#8221;][et_pb_image src=&#8221;https:\/\/vida.org.pt\/wp-content\/uploads\/2024\/07\/WhatsApp-Image-2024-07-26-at-10.43.35-1-scaled.jpg&#8221; title_text=&#8221;WhatsApp Image 2024-07-26 at 10.43.35 (1)&#8221; _builder_version=&#8221;4.9.3&#8243; _module_preset=&#8221;default&#8221;][\/et_pb_image][et_pb_text admin_label=&#8221;Text&#8221; _builder_version=&#8221;4.9.3&#8243; text_font_size=&#8221;15px&#8221; background_size=&#8221;initial&#8221; background_position=&#8221;top_left&#8221; background_repeat=&#8221;repeat&#8221; custom_padding=&#8221;31px|||||&#8221; hover_enabled=&#8221;0&#8243; sticky_enabled=&#8221;0&#8243;]<\/p>\n<p>No \u00e2mbito do projeto &#8220;Jovens para Mudan\u00e7a &#8211; O Desafio do Desenvolvimento Sustent\u00e1vel de Matutuine&#8221;, <strong>jovens estudantes, professores\/as,\u00a0 operadores econ\u00f3micos locais e membros do governo participaram, no dia 26 de julho de 2024, no workshop sobre emprego jovem e desenvolvimento sustent\u00e1vel<\/strong> em Bela-Vista, a vila sede do distrito de Matutuine.<\/p>\n<p>Anualmente, os Servi\u00e7os Distritais de Atividades Econ\u00f3micas de Matutuine (SDAE), em conjunto com a Administra\u00e7\u00e3o do distrito, organizam uma Feira integrante das festividades do dia da vila de Bela-Vista. Assim, o projeto &#8220;Jovens para a Mudan\u00e7a&#8221; pretendeu <strong>potenciar o papel desta feira enquanto local de encontro entre v\u00e1rios atores dos setores econ\u00f3micos e agr\u00edcolas de Matutuine e comunidades, para difundir o trabalho realizado pelos\/as jovens<\/strong> nos N\u00facleos de Desenvolvimento Sustent\u00e1vel e Lideran\u00e7a e no Centro de Experimenta\u00e7\u00e3o Ambiental de Djabula.<\/p>\n<p>O evento, organizado pela VIDA, contou com<strong> mais de 90 participantes<\/strong> e teve como objetivo promover as atividades realizadas pela Organiza\u00e7\u00e3o, criar um <strong>espa\u00e7o para mostrar o trabalho desenvolvido pelos\/as jovens do projeto<\/strong>, bem como uma<strong> liga\u00e7\u00e3o com os operadores econ\u00f3micos e a administra\u00e7\u00e3o do distrito de Matutuine<\/strong>.<\/p>\n<p>[\/et_pb_text][\/et_pb_column][\/et_pb_row][et_pb_row _builder_version=&#8221;4.9.3&#8243; _module_preset=&#8221;default&#8221; custom_padding=&#8221;6px|||||&#8221;][et_pb_column type=&#8221;4_4&#8243; _builder_version=&#8221;4.9.3&#8243; _module_preset=&#8221;default&#8221;][et_pb_button button_url=&#8221;https:\/\/vida.org.pt\/wp-content\/uploads\/2024\/07\/Programa-WS-Jovens_Feira-de-Matutuine_2024.pdf&#8221; url_new_window=&#8221;on&#8221; button_text=&#8221;Conhe\u00e7a o Programa do Workshop&#8221; _builder_version=&#8221;4.9.3&#8243; _module_preset=&#8221;default&#8221; custom_button=&#8221;on&#8221; button_text_size=&#8221;15px&#8221; button_font=&#8221;|600|||||||&#8221;][\/et_pb_button][\/et_pb_column][\/et_pb_row][et_pb_row column_structure=&#8221;1_2,1_2&#8243; _builder_version=&#8221;4.9.3&#8243; _module_preset=&#8221;default&#8221; custom_padding=&#8221;11px|||||&#8221;][et_pb_column type=&#8221;1_2&#8243; _builder_version=&#8221;4.9.3&#8243; _module_preset=&#8221;default&#8221;][et_pb_image src=&#8221;https:\/\/vida.org.pt\/wp-content\/uploads\/2024\/07\/WhatsApp-Image-2024-07-26-at-15.27.38-scaled.jpg&#8221; title_text=&#8221;WhatsApp Image 2024-07-26 at 15.27.38&#8243; _builder_version=&#8221;4.9.3&#8243; _module_preset=&#8221;default&#8221;][\/et_pb_image][\/et_pb_column][et_pb_column type=&#8221;1_2&#8243; _builder_version=&#8221;4.9.3&#8243; _module_preset=&#8221;default&#8221;][et_pb_image src=&#8221;https:\/\/vida.org.pt\/wp-content\/uploads\/2024\/07\/WhatsApp-Image-2024-07-26-at-10.43.35-2-scaled.jpg&#8221; title_text=&#8221;WhatsApp Image 2024-07-26 at 10.43.35 (2)&#8221; _builder_version=&#8221;4.9.3&#8243; _module_preset=&#8221;default&#8221;][\/et_pb_image][\/et_pb_column][\/et_pb_row][et_pb_row _builder_version=&#8221;4.9.3&#8243; _module_preset=&#8221;default&#8221;][et_pb_column type=&#8221;4_4&#8243; _builder_version=&#8221;4.9.3&#8243; _module_preset=&#8221;default&#8221;][et_pb_text admin_label=&#8221;Text&#8221; _builder_version=&#8221;4.9.3&#8243; text_font_size=&#8221;15px&#8221; background_size=&#8221;initial&#8221; background_position=&#8221;top_left&#8221; background_repeat=&#8221;repeat&#8221; custom_padding=&#8221;3px|||||&#8221;]<\/p>\n<p>No ato da Abertura, o administrador do distrito de Matutuine, Calisto Cossa, sensibilizou aos jovens estudantes sobre a import\u00e2ncia de gest\u00e3o de recursos naturais e instou aos mesmos a continuarem empenhados\/as nas atividades de conserva\u00e7\u00e3o da riqueza existente no Distrito, assim como incentivou a pr\u00e1tica do empreendedorismo com vista a reduzir o \u00edndice de desemprego e contribuir para o Desenvolvimento Sustent\u00e1vel de Matutuine.<\/p>\n<p>Durante o workshop, foram abordados v\u00e1rios conte\u00fados, nomeadamente, a import\u00e2ncia de forma\u00e7\u00e3o dos\/as jovens, como atrair os\/as jovens formados\/as para o mundo rural, o seu papel na conserva\u00e7\u00e3o da biodiversidade, entre outros. Nesta ocasi\u00e3o,<strong> os\/as jovens dos N\u00facleos de Desenvolvimento Sustent\u00e1vel e Lideran\u00e7a<\/strong> (dinamizados em 3 escolas secund\u00e1rias e 1 instituto agro-industrial de Matutuine) <strong>tiveram a oportunidade de apresentar a sua carta de princ\u00edpios para o desenvolvimento sustent\u00e1vel do distrito e os seus planos\/ideias de neg\u00f3cio sustent\u00e1vel perante uma plateia atenta de diversos atores governamentais e n\u00e3o governamentais.<\/strong><\/p>\n<p>[\/et_pb_text][\/et_pb_column][\/et_pb_row][et_pb_row column_structure=&#8221;1_2,1_2&#8243; _builder_version=&#8221;4.9.3&#8243; _module_preset=&#8221;default&#8221; custom_padding=&#8221;11px|||||&#8221;][et_pb_column type=&#8221;1_2&#8243; _builder_version=&#8221;4.9.3&#8243; _module_preset=&#8221;default&#8221;][et_pb_image src=&#8221;https:\/\/vida.org.pt\/wp-content\/uploads\/2024\/07\/WhatsApp-Image-2024-07-26-at-10.43.34-1-scaled.jpg&#8221; title_text=&#8221;WhatsApp Image 2024-07-26 at 10.43.34 (1)&#8221; _builder_version=&#8221;4.9.3&#8243; _module_preset=&#8221;default&#8221;][\/et_pb_image][\/et_pb_column][et_pb_column type=&#8221;1_2&#8243; _builder_version=&#8221;4.9.3&#8243; _module_preset=&#8221;default&#8221;][et_pb_image src=&#8221;https:\/\/vida.org.pt\/wp-content\/uploads\/2024\/07\/WhatsApp-Image-2024-07-26-at-15.27.37-2-scaled.jpg&#8221; title_text=&#8221;WhatsApp Image 2024-07-26 at 15.27.37 (2)&#8221; _builder_version=&#8221;4.9.3&#8243; _module_preset=&#8221;default&#8221;][\/et_pb_image][\/et_pb_column][\/et_pb_row][et_pb_row _builder_version=&#8221;4.9.3&#8243; _module_preset=&#8221;default&#8221;][et_pb_column type=&#8221;4_4&#8243; _builder_version=&#8221;4.9.3&#8243; _module_preset=&#8221;default&#8221;][et_pb_text admin_label=&#8221;Text&#8221; _builder_version=&#8221;4.9.3&#8243; text_font_size=&#8221;15px&#8221; background_size=&#8221;initial&#8221; background_position=&#8221;top_left&#8221; background_repeat=&#8221;repeat&#8221; custom_padding=&#8221;3px|||||&#8221;]<\/p>\n<p>Ao longo dos dias da Feira de Matutuine, 26 a 28 de julho, estivemos igualmente presentes com a<strong> divulga\u00e7\u00e3o das atividades dinamizadas nas escolas envolvidas e de produtos agr\u00edcolas cultivados nos campos agroecol\u00f3gicos escolares, em forma de exposi\u00e7\u00e3o,<\/strong> criando conex\u00f5es valiosas com os visitantes que contribu\u00edram para enriquecer esta experi\u00eancia.<\/p>\n<p>[\/et_pb_text][\/et_pb_column][\/et_pb_row][et_pb_row column_structure=&#8221;1_2,1_2&#8243; _builder_version=&#8221;4.9.3&#8243; _module_preset=&#8221;default&#8221; custom_padding=&#8221;11px|||||&#8221;][et_pb_column type=&#8221;1_2&#8243; _builder_version=&#8221;4.9.3&#8243; _module_preset=&#8221;default&#8221;][et_pb_image src=&#8221;https:\/\/vida.org.pt\/wp-content\/uploads\/2024\/07\/Feira-Matutuine-scaled.jpg&#8221; title_text=&#8221;Feira Matutuine&#8221; _builder_version=&#8221;4.9.3&#8243; _module_preset=&#8221;default&#8221;][\/et_pb_image][et_pb_image src=&#8221;https:\/\/vida.org.pt\/wp-content\/uploads\/2024\/07\/WhatsApp-Image-2024-07-27-at-16.16.56-1-scaled.jpg&#8221; title_text=&#8221;WhatsApp Image 2024-07-27 at 16.16.56&#8243; _builder_version=&#8221;4.9.3&#8243; _module_preset=&#8221;default&#8221;][\/et_pb_image][\/et_pb_column][et_pb_column type=&#8221;1_2&#8243; _builder_version=&#8221;4.9.3&#8243; _module_preset=&#8221;default&#8221;][et_pb_image src=&#8221;https:\/\/vida.org.pt\/wp-content\/uploads\/2024\/07\/Feira-Matutuine-2-scaled.jpg&#8221; title_text=&#8221;Feira Matutuine 2&#8243; _builder_version=&#8221;4.9.3&#8243; _module_preset=&#8221;default&#8221;][\/et_pb_image][et_pb_image src=&#8221;https:\/\/vida.org.pt\/wp-content\/uploads\/2024\/07\/WhatsApp-Image-2024-07-27-at-16.17.05-scaled.jpg&#8221; title_text=&#8221;WhatsApp Image 2024-07-27 at 16.17.05&#8243; _builder_version=&#8221;4.9.3&#8243; _module_preset=&#8221;default&#8221;][\/et_pb_image][\/et_pb_column][\/et_pb_row][et_pb_row _builder_version=&#8221;4.9.3&#8243; _module_preset=&#8221;default&#8221;][et_pb_column type=&#8221;4_4&#8243; _builder_version=&#8221;4.9.3&#8243; _module_preset=&#8221;default&#8221;][et_pb_text admin_label=&#8221;Text&#8221; _builder_version=&#8221;4.9.3&#8243; text_font_size=&#8221;15px&#8221; background_size=&#8221;initial&#8221; background_position=&#8221;top_left&#8221; background_repeat=&#8221;repeat&#8221; custom_padding=&#8221;3px|||||&#8221;]<\/p>\n<p><strong><em>O projeto &#8220;Jovens para a Mudan\u00e7a &#8211; O desafio do Desenvolvimento Sustent\u00e1vel de Matutuine&#8221; \u00e9 financiado pelo Cam\u00f5es, IP, pelo Fundo Nacional de Desenvolvimento Sustent\u00e1vel (Mo\u00e7ambique) e pelo BIOFUND.<\/em><\/strong><\/p>\n<p>[\/et_pb_text][\/et_pb_column][\/et_pb_row][\/et_pb_section]<\/p>\n","protected":false},"excerpt":{"rendered":"<p>[et_pb_section fb_built=&#8221;1&#8243; admin_label=&#8221;section&#8221; _builder_version=&#8221;3.22&#8243; custom_padding=&#8221;38px||0px|||&#8221;][et_pb_row admin_label=&#8221;row&#8221; _builder_version=&#8221;3.25&#8243; background_size=&#8221;initial&#8221; background_position=&#8221;top_left&#8221; background_repeat=&#8221;repeat&#8221; custom_padding=&#8221;2px|||||&#8221;][et_pb_column type=&#8221;4_4&#8243; _builder_version=&#8221;3.25&#8243; custom_padding=&#8221;|||&#8221; custom_padding__hover=&#8221;|||&#8221;][et_pb_image src=&#8221;https:\/\/vida.org.pt\/wp-content\/uploads\/2024\/07\/WhatsApp-Image-2024-07-26-at-10.43.35-1-scaled.jpg&#8221; title_text=&#8221;WhatsApp Image 2024-07-26 at 10.43.35 (1)&#8221; _builder_version=&#8221;4.9.3&#8243; _module_preset=&#8221;default&#8221;][\/et_pb_image][et_pb_text admin_label=&#8221;Text&#8221; _builder_version=&#8221;4.9.3&#8243; text_font_size=&#8221;15px&#8221; background_size=&#8221;initial&#8221; background_position=&#8221;top_left&#8221; background_repeat=&#8221;repeat&#8221; custom_padding=&#8221;31px|||||&#8221; hover_enabled=&#8221;0&#8243; sticky_enabled=&#8221;0&#8243;] No \u00e2mbito do projeto &#8220;Jovens para Mudan\u00e7a &#8211; O Desafio do Desenvolvimento Sustent\u00e1vel de Matutuine&#8221;, jovens estudantes, professores\/as,\u00a0 operadores econ\u00f3micos locais e [&hellip;]<\/p>\n","protected":false},"author":2,"featured_media":33866,"comment_status":"open","ping_status":"open","sticky":false,"template":"","format":"standard","meta":{"_et_pb_use_builder":"on","_et_pb_old_content":"No \u00e2mbito do projeto \"Jovens para mudan\u00e7a\" O Desafio do Desenvolvimento Sustent\u00e1vel de Matutuine, no dia 26 de Julho de 2024, Jovens estudantes, professores, membros do governo e Operadores econ\u00f3micos locais participaram no workshop da feira de Emprego, Ambiente e alimenta\u00e7\u00e3o na Vila Sede do distrito de Matutuine.\r\n\r\nO evento Organizado pela VIDA ONGD, contou com mais de noventa (90) participantes e teve como objetivo promover as actividades realizadas pela Organiza\u00e7\u00e3o, mostrar a capacidade dos jovens do projecto \"Jovens para mudan\u00e7a\" bem como criar liga\u00e7\u00e3o com os operadores econ\u00f3micos e administra\u00e7\u00e3o do distrito de Matutuine.\r\n\r\nNo acto da Abertura, o administrador do distrito de Matutuine, Calisto Cossa sensibilizou aos jovens estudantes sobre a import\u00e2ncia de gest\u00e3o de recursos naturais e insta aos mesmos a continuarem empenhados nas actividades de conserva\u00e7\u00e3o da riqueza existe no Distrito, assim como, incentivou aos jovens a pr\u00e1tica do empreendedorismo com vista a reduzir o \u00edndice de desemprego e contribuir para o Desenvolvimento Sustent\u00e1vel de Matutuine.\r\n\r\nDurante o workshop foram abordados v\u00e1rios conte\u00fados, entre eles, a import\u00e2ncia de forma\u00e7\u00e3o dos jovens, como atrair os jovens formados para o mundo rural, o papel dos jovens na conserva\u00e7\u00e3o da biodiversidade entre outros. Na ocasi\u00e3o os jovens dos n\u00facleos de desenvolvimento tiveram a oportunidade de apresentar a carta de princ\u00edpios e os seus planos de neg\u00f3cio sustent\u00e1vel.\r\n\r\nEntre 26 e 28 julho, particip\u00e1mos na Feira do Emprego, Ambiente e Alimenta\u00e7\u00e3o de Matutuine, reuniu diversas empresas, empreendedores e organiza\u00e7\u00f5es a operar no distrito de Matutuine.\r\n\r\nEstivemos presentes com a divulga\u00e7\u00e3o das atividades dinamizadas nas 4 escolas envolvidas no projeto \u201cJovens para a Mudan\u00e7a\u201d e de produtos em forma de exposi\u00e7\u00e3o, criando conex\u00f5es valiosas com os visitantes que contribu\u00edram para enriquecer esta experi\u00eancia.\r\n\r\nNa sexta-feira, 26 julho, a VIDA organizou um momento do workshop que contou com mais de 90 participantes e que teve como objetivo promover as atividades realizadas no \u00e2mbito do projeto \u201cJovens para a Mudan\u00e7a\u201d, criar um espa\u00e7o para demostrar os trabalhos desenvolvidos pelos\/as jovens, bem como criar liga\u00e7\u00e3o com os operadores econ\u00f3micos e a administra\u00e7\u00e3o do distrito de Matutuine.","_et_gb_content_width":"","_monsterinsights_skip_tracking":false,"_monsterinsights_sitenote_active":false,"_monsterinsights_sitenote_note":"","_monsterinsights_sitenote_category":0,"footnotes":""},"categories":[10],"tags":[],"class_list":["post-33865","post","type-post","status-publish","format-standard","has-post-thumbnail","hentry","category-noticias"],"_links":{"self":[{"href":"https:\/\/vida.org.pt\/en\/wp-json\/wp\/v2\/posts\/33865","targetHints":{"allow":["GET"]}}],"collection":[{"href":"https:\/\/vida.org.pt\/en\/wp-json\/wp\/v2\/posts"}],"about":[{"href":"https:\/\/vida.org.pt\/en\/wp-json\/wp\/v2\/types\/post"}],"author":[{"embeddable":true,"href":"https:\/\/vida.org.pt\/en\/wp-json\/wp\/v2\/users\/2"}],"replies":[{"embeddable":true,"href":"https:\/\/vida.org.pt\/en\/wp-json\/wp\/v2\/comments?post=33865"}],"version-history":[{"count":15,"href":"https:\/\/vida.org.pt\/en\/wp-json\/wp\/v2\/posts\/33865\/revisions"}],"predecessor-version":[{"id":33904,"href":"https:\/\/vida.org.pt\/en\/wp-json\/wp\/v2\/posts\/33865\/revisions\/33904"}],"wp:featuredmedia":[{"embeddable":true,"href":"https:\/\/vida.org.pt\/en\/wp-json\/wp\/v2\/media\/33866"}],"wp:attachment":[{"href":"https:\/\/vida.org.pt\/en\/wp-json\/wp\/v2\/media?parent=33865"}],"wp:term":[{"taxonomy":"category","embeddable":true,"href":"https:\/\/vida.org.pt\/en\/wp-json\/wp\/v2\/categories?post=33865"},{"taxonomy":"post_tag","embeddable":true,"href":"https:\/\/vida.org.pt\/en\/wp-json\/wp\/v2\/tags?post=33865"}],"curies":[{"name":"wp","href":"https:\/\/api.w.org\/{rel}","templated":true}]}}