{"id":33720,"date":"2024-04-11T10:16:52","date_gmt":"2024-04-11T10:16:52","guid":{"rendered":"https:\/\/vida.org.pt\/?p=33720"},"modified":"2024-07-09T11:50:46","modified_gmt":"2024-07-09T11:50:46","slug":"novo-centro-de-artes-cenicas-inaugurado-em-bissau","status":"publish","type":"post","link":"https:\/\/vida.org.pt\/en\/novo-centro-de-artes-cenicas-inaugurado-em-bissau\/","title":{"rendered":"Novo Centro de Artes C\u00e9nicas inaugurado em Bissau"},"content":{"rendered":"<p>[et_pb_section fb_built=&#8221;1&#8243; admin_label=&#8221;section&#8221; _builder_version=&#8221;3.22&#8243;][et_pb_row _builder_version=&#8221;4.9.3&#8243; _module_preset=&#8221;default&#8221; custom_padding=&#8221;1px|||||&#8221;][et_pb_column _builder_version=&#8221;4.9.3&#8243; _module_preset=&#8221;default&#8221; type=&#8221;4_4&#8243;][et_pb_image src=&#8221;https:\/\/vida.org.pt\/wp-content\/uploads\/2024\/04\/IMG_3528-2-scaled.jpg&#8221; _builder_version=&#8221;4.9.3&#8243; _module_preset=&#8221;default&#8221; title_text=&#8221;IMG_3528-2&#8243; hover_enabled=&#8221;0&#8243; sticky_enabled=&#8221;0&#8243;][\/et_pb_image][\/et_pb_column][\/et_pb_row][et_pb_row admin_label=&#8221;row&#8221; _builder_version=&#8221;3.25&#8243; background_size=&#8221;initial&#8221; background_position=&#8221;top_left&#8221; background_repeat=&#8221;repeat&#8221; custom_padding=&#8221;14px|||||&#8221;][et_pb_column type=&#8221;4_4&#8243; _builder_version=&#8221;3.25&#8243; custom_padding=&#8221;|||&#8221; custom_padding__hover=&#8221;|||&#8221;][et_pb_text admin_label=&#8221;Text&#8221; _builder_version=&#8221;4.9.3&#8243; background_size=&#8221;initial&#8221; background_position=&#8221;top_left&#8221; background_repeat=&#8221;repeat&#8221; hover_enabled=&#8221;0&#8243; text_font_size=&#8221;15px&#8221; text_line_height=&#8221;1.7em&#8221; sticky_enabled=&#8221;0&#8243;]<\/p>\n<div class=\"xdj266r x11i5rnm xat24cr x1mh8g0r x1vvkbs x126k92a\">\n<div dir=\"auto\"><strong>No dia 25 de mar\u00e7o, inaugur\u00e1mos oficialmente Espa\u00e7o Ur-GENTE,\u00a0 o primeiro Centro de Artes C\u00e9nicas Transdisciplinar de Bissau, no \u00e2mbito do projeto com o mesmo nome &#8211;<a href=\"http:\/\/vida.org.pt\/wp-content\/uploads\/2022\/11\/Ficha-tecnica_Ur-GENTE_Bissau-1.pdf\" target=\"_blank\" rel=\"noopener\"><em> <\/em><\/a><span style=\"text-decoration: underline;\"><a href=\"http:\/\/vida.org.pt\/wp-content\/uploads\/2022\/11\/Ficha-tecnica_Ur-GENTE_Bissau-1.pdf\" target=\"_blank\" rel=\"noopener\"><em>Ur-GENTE, Centro de Artes C\u00e9nicas Transdisciplinar de Bissau<\/em><\/a><\/span>.<\/strong><\/div>\n<div dir=\"auto\"><\/div>\n<div dir=\"auto\">O evento contou com a presen\u00e7a do Ministro da Cultura, Juventude e Desportos da Guin\u00e9-Bissau, Augusto Gomes; do Embaixador da Uni\u00e3o Europeia na Guin\u00e9-Bissau, Artis Bertulis; do Embaixador de Portugal na Guin\u00e9-Bissau, Miguel Cruz Silvestre; e do Presidente da C\u00e2mara Municipal de Bissau, Jos\u00e9 Medina Lobato, que referiram a import\u00e2ncia deste espa\u00e7o no panorama da cultura e das artes no pa\u00eds, a par da import\u00e2ncia da arte, em geral, para a constru\u00e7\u00e3o de sociedades e comunidades mais s\u00e3s e plurais.<a class=\"x1i10hfl xjbqb8w x1ejq31n xd10rxx x1sy0etr x17r0tee x972fbf xcfux6l x1qhh985 xm0m39n x9f619 x1ypdohk xt0psk2 xe8uvvx xdj266r x11i5rnm xat24cr x1mh8g0r xexx8yu x4uap5 x18d9i69 xkhd6sd x16tdsg8 x1hl2dhg xggy1nq x1a2a7pz xt0b8zv x1fey0fg xo1l8bm\" role=\"link\" href=\"https:\/\/www.facebook.com\/hashtag\/guin%C3%A9bissau?__eep__=6&amp;__cft__[0]=AZXk_QcvYz_zP9gAKKfSJIVmCYumI_jkjZrKfKbhgdARGH_0yZ5ES_2IV85FYqO6dSKPKRAkVa-gRRvNp_9rN_kM-nn7u_1wS3xSoWwHnmk3lzk87eOGKdUbhAlOALLd4FekcnqkqGWkUoQDidVi0rpqW7xhR_zwKwfl5lq7OOqEX5q8CfYf9EgfrkBduE6Absk&amp;__tn__=*NK-R\" tabindex=\"0\"><\/a><\/div>\n<\/div>\n<p>[\/et_pb_text][\/et_pb_column][\/et_pb_row][et_pb_row _builder_version=&#8221;4.9.3&#8243; _module_preset=&#8221;default&#8221; column_structure=&#8221;1_2,1_2&#8243;][et_pb_column _builder_version=&#8221;4.9.3&#8243; _module_preset=&#8221;default&#8221; type=&#8221;1_2&#8243;][et_pb_image src=&#8221;https:\/\/vida.org.pt\/wp-content\/uploads\/2024\/04\/IMG_3567-2-scaled.jpg&#8221; _builder_version=&#8221;4.9.3&#8243; _module_preset=&#8221;default&#8221; title_text=&#8221;IMG_3567-2&#8243; hover_enabled=&#8221;0&#8243; sticky_enabled=&#8221;0&#8243;][\/et_pb_image][et_pb_text _builder_version=&#8221;4.9.3&#8243; _module_preset=&#8221;default&#8221; text_font_size=&#8221;11px&#8221; hover_enabled=&#8221;0&#8243; sticky_enabled=&#8221;0&#8243;]<\/p>\n<p>Ol\u00e1lio Trindade, Representante ONGD VIDA na Guin\u00e9-Bissau<\/p>\n<p>[\/et_pb_text][\/et_pb_column][et_pb_column _builder_version=&#8221;4.9.3&#8243; _module_preset=&#8221;default&#8221; type=&#8221;1_2&#8243;][et_pb_image src=&#8221;https:\/\/vida.org.pt\/wp-content\/uploads\/2024\/04\/IMG_3619-scaled.jpg&#8221; _builder_version=&#8221;4.9.3&#8243; _module_preset=&#8221;default&#8221; title_text=&#8221;IMG_3619&#8243; hover_enabled=&#8221;0&#8243; sticky_enabled=&#8221;0&#8243;][\/et_pb_image][et_pb_text _builder_version=&#8221;4.9.3&#8243; _module_preset=&#8221;default&#8221; text_font_size=&#8221;11px&#8221; hover_enabled=&#8221;0&#8243; sticky_enabled=&#8221;0&#8243; text_line_height=&#8221;1.4em&#8221;]<\/p>\n<p><em>Da esq. para dta.:<\/em> Embaixador da UE na Guin\u00e9-Bissau &#8211; Artis Bertulis; Ministro da Cultura da Guin\u00e9-Bissau &#8211; Augusto Gomes; Presidente da CM Bissau &#8211; Jos\u00e9 Lobato; Coordenadora do projeto (ONGD VIDA) &#8211; Carolina Rodrigues; Representante ONGD VIDA no pa\u00eds &#8211; Ol\u00e1lio Trindade; Embaixador de Portugal na Guin\u00e9-Bissau &#8211; Miguel Silvestre.<\/p>\n<p>[\/et_pb_text][\/et_pb_column][\/et_pb_row][et_pb_row admin_label=&#8221;row&#8221; _builder_version=&#8221;3.25&#8243; background_size=&#8221;initial&#8221; background_position=&#8221;top_left&#8221; background_repeat=&#8221;repeat&#8221; custom_padding=&#8221;14px||6px|||&#8221;][et_pb_column type=&#8221;4_4&#8243; _builder_version=&#8221;3.25&#8243; custom_padding=&#8221;|||&#8221; custom_padding__hover=&#8221;|||&#8221;][et_pb_text admin_label=&#8221;Text&#8221; _builder_version=&#8221;4.9.3&#8243; background_size=&#8221;initial&#8221; background_position=&#8221;top_left&#8221; background_repeat=&#8221;repeat&#8221; hover_enabled=&#8221;0&#8243; text_font_size=&#8221;15px&#8221; text_line_height=&#8221;1.7em&#8221; sticky_enabled=&#8221;0&#8243;]<\/p>\n<div class=\"xdj266r x11i5rnm xat24cr x1mh8g0r x1vvkbs x126k92a\">\n<div dir=\"auto\">Na inaugura\u00e7\u00e3o, cont\u00e1mos, ainda, com a presen\u00e7a dos parceiros do projeto Ur-GENTE &#8211; Academia Livre de Artes Integradas do Mindelo (Cabo Verde), Companhia de M\u00fasica Teatral (Portugal) e GTO Grupo de Teatro do Oprimido (Guin\u00e9-Bissau) &#8211; amigos e formandos\/as do projeto para completar esta celebra\u00e7\u00e3o.<\/div>\n<\/div>\n<div class=\"x11i5rnm xat24cr x1mh8g0r x1vvkbs xtlvy1s x126k92a\">\n<div dir=\"auto\"><\/div>\n<div dir=\"auto\">\n<p>Este <strong>Centro de Artes C\u00e9nicas Transdisciplinar <\/strong>pretende ser um espa\u00e7o dedicado \u00e0 promo\u00e7\u00e3o da arte, cultura e educa\u00e7\u00e3o, bem como \u00e0 forma\u00e7\u00e3o no campo art\u00edstico, cultural e art\u00edstico-comunit\u00e1rio. Entre 27 e 31 de mar\u00e7o, o Ur-GENTE foi o palco principal do <span style=\"text-decoration: underline;\"><a href=\"https:\/\/vida.org.pt\/bissau-foi-palco-do-djintis-o-1o-festival-internacional-de-artes-cenicas\/\" target=\"_blank\" rel=\"noopener\">DJINTIS, o primeiro Festival de Artes C\u00e9nicas de Bissau.<\/a><\/span><\/p>\n<p>&nbsp;<\/p>\n<\/div>\n<\/div>\n<div class=\"x11i5rnm xat24cr x1mh8g0r x1vvkbs xtlvy1s x126k92a\">\n<div dir=\"auto\"><em>A reabilita\u00e7\u00e3o e equipamento deste espa\u00e7o c\u00e9nico foi realizado no \u00e2mbito do projeto &#8220;Ur-GENTE, Centro de Artes C\u00e9nicas Transdisciplinar de Bissau&#8221;, apoiado pela a\u00e7\u00e3o PROCULTURA, financiado pela Uni\u00e3o Europeia, gerido e cofinanciado pelo Cam\u00f5es, I.P.<\/em><a class=\"x1i10hfl xjbqb8w x1ejq31n xd10rxx x1sy0etr x17r0tee x972fbf xcfux6l x1qhh985 xm0m39n x9f619 x1ypdohk xt0psk2 xe8uvvx xdj266r x11i5rnm xat24cr x1mh8g0r xexx8yu x4uap5 x18d9i69 xkhd6sd x16tdsg8 x1hl2dhg xggy1nq x1a2a7pz xt0b8zv x1fey0fg xo1l8bm\" role=\"link\" href=\"https:\/\/www.facebook.com\/hashtag\/guin%C3%A9bissau?__eep__=6&amp;__cft__[0]=AZXk_QcvYz_zP9gAKKfSJIVmCYumI_jkjZrKfKbhgdARGH_0yZ5ES_2IV85FYqO6dSKPKRAkVa-gRRvNp_9rN_kM-nn7u_1wS3xSoWwHnmk3lzk87eOGKdUbhAlOALLd4FekcnqkqGWkUoQDidVi0rpqW7xhR_zwKwfl5lq7OOqEX5q8CfYf9EgfrkBduE6Absk&amp;__tn__=*NK-R\" tabindex=\"0\"><\/a><\/div>\n<\/div>\n<p>[\/et_pb_text][\/et_pb_column][\/et_pb_row][et_pb_row _builder_version=&#8221;4.9.3&#8243; _module_preset=&#8221;default&#8221; column_structure=&#8221;1_2,1_2&#8243;][et_pb_column _builder_version=&#8221;4.9.3&#8243; _module_preset=&#8221;default&#8221; type=&#8221;1_2&#8243;][et_pb_image src=&#8221;https:\/\/vida.org.pt\/wp-content\/uploads\/2024\/04\/IMG_3594-2-scaled.jpg&#8221; _builder_version=&#8221;4.9.3&#8243; _module_preset=&#8221;default&#8221; title_text=&#8221;IMG_3594-2&#8243; hover_enabled=&#8221;0&#8243; sticky_enabled=&#8221;0&#8243;][\/et_pb_image][\/et_pb_column][et_pb_column _builder_version=&#8221;4.9.3&#8243; _module_preset=&#8221;default&#8221; type=&#8221;1_2&#8243;][et_pb_image src=&#8221;https:\/\/vida.org.pt\/wp-content\/uploads\/2024\/04\/IMG_3578-scaled.jpg&#8221; _builder_version=&#8221;4.9.3&#8243; _module_preset=&#8221;default&#8221; title_text=&#8221;IMG_3578&#8243; hover_enabled=&#8221;0&#8243; sticky_enabled=&#8221;0&#8243;][\/et_pb_image][\/et_pb_column][\/et_pb_row][et_pb_row _builder_version=&#8221;4.9.3&#8243; _module_preset=&#8221;default&#8221; column_structure=&#8221;1_2,1_2&#8243;][et_pb_column _builder_version=&#8221;4.9.3&#8243; _module_preset=&#8221;default&#8221; type=&#8221;1_2&#8243;][et_pb_image src=&#8221;https:\/\/vida.org.pt\/wp-content\/uploads\/2024\/04\/IMG_3547-scaled.jpg&#8221; _builder_version=&#8221;4.9.3&#8243; _module_preset=&#8221;default&#8221; title_text=&#8221;IMG_3547&#8243; hover_enabled=&#8221;0&#8243; sticky_enabled=&#8221;0&#8243;][\/et_pb_image][\/et_pb_column][et_pb_column _builder_version=&#8221;4.9.3&#8243; _module_preset=&#8221;default&#8221; type=&#8221;1_2&#8243;][et_pb_image src=&#8221;https:\/\/vida.org.pt\/wp-content\/uploads\/2024\/04\/IMG_3581-scaled.jpg&#8221; _builder_version=&#8221;4.9.3&#8243; _module_preset=&#8221;default&#8221; title_text=&#8221;IMG_3581&#8243; hover_enabled=&#8221;0&#8243; sticky_enabled=&#8221;0&#8243;][\/et_pb_image][\/et_pb_column][\/et_pb_row][et_pb_row _builder_version=&#8221;4.9.3&#8243; _module_preset=&#8221;default&#8221; custom_margin=&#8221;28px|auto||auto||&#8221;][et_pb_column _builder_version=&#8221;4.9.3&#8243; _module_preset=&#8221;default&#8221; type=&#8221;4_4&#8243;][et_pb_text _builder_version=&#8221;4.9.3&#8243; _module_preset=&#8221;default&#8221; text_font=&#8221;|700|||||||&#8221; text_font_size=&#8221;22px&#8221; hover_enabled=&#8221;0&#8243; sticky_enabled=&#8221;0&#8243;]<\/p>\n<p>Antes da reabilita\u00e7\u00e3o<\/p>\n<p>[\/et_pb_text][et_pb_text _builder_version=&#8221;4.9.3&#8243; _module_preset=&#8221;default&#8221; text_font=&#8221;||||||||&#8221; text_font_size=&#8221;15px&#8221; hover_enabled=&#8221;0&#8243; sticky_enabled=&#8221;0&#8243;]<\/p>\n<p>Saiba mais <span style=\"text-decoration: underline;\"><a href=\"https:\/\/www.facebook.com\/reel\/1142558567100457\" target=\"_blank\" rel=\"noopener\">aqui<\/a><\/span> e <span style=\"text-decoration: underline;\"><a href=\"https:\/\/urgentebissau.com\/2024\/01\/05\/abrimos-2024-em-celebracao\/\" target=\"_blank\" rel=\"noopener\">aqui.<\/a><\/span><\/p>\n<p>[\/et_pb_text][\/et_pb_column][\/et_pb_row][et_pb_row _builder_version=&#8221;4.9.3&#8243; _module_preset=&#8221;default&#8221; column_structure=&#8221;1_2,1_2&#8243; custom_padding=&#8221;0px|||||&#8221;][et_pb_column _builder_version=&#8221;4.9.3&#8243; _module_preset=&#8221;default&#8221; type=&#8221;1_2&#8243;][et_pb_image src=&#8221;https:\/\/vida.org.pt\/wp-content\/uploads\/2024\/04\/slider-ur-gente_2024_16.jpg&#8221; _builder_version=&#8221;4.9.3&#8243; _module_preset=&#8221;default&#8221; title_text=&#8221;slider ur-gente_2024_16&#8243; hover_enabled=&#8221;0&#8243; sticky_enabled=&#8221;0&#8243;][\/et_pb_image][\/et_pb_column][et_pb_column _builder_version=&#8221;4.9.3&#8243; _module_preset=&#8221;default&#8221; type=&#8221;1_2&#8243;][et_pb_image src=&#8221;https:\/\/vida.org.pt\/wp-content\/uploads\/2024\/04\/Espaco_Ur-GENTE_05-Mar-2024-2.jpg&#8221; _builder_version=&#8221;4.9.3&#8243; _module_preset=&#8221;default&#8221; title_text=&#8221;Espaco_Ur-GENTE_05-Mar-2024 (2)&#8221; hover_enabled=&#8221;0&#8243; sticky_enabled=&#8221;0&#8243;][\/et_pb_image][\/et_pb_column][\/et_pb_row][\/et_pb_section]<\/p>","protected":false},"excerpt":{"rendered":"<p>[et_pb_section fb_built=&#8221;1&#8243; admin_label=&#8221;section&#8221; _builder_version=&#8221;3.22&#8243;][et_pb_row _builder_version=&#8221;4.9.3&#8243; _module_preset=&#8221;default&#8221; custom_padding=&#8221;1px|||||&#8221;][et_pb_column _builder_version=&#8221;4.9.3&#8243; _module_preset=&#8221;default&#8221; type=&#8221;4_4&#8243;][et_pb_image src=&#8221;https:\/\/vida.org.pt\/wp-content\/uploads\/2024\/04\/IMG_3528-2-scaled.jpg&#8221; _builder_version=&#8221;4.9.3&#8243; _module_preset=&#8221;default&#8221; title_text=&#8221;IMG_3528-2&#8243; hover_enabled=&#8221;0&#8243; sticky_enabled=&#8221;0&#8243;][\/et_pb_image][\/et_pb_column][\/et_pb_row][et_pb_row admin_label=&#8221;row&#8221; _builder_version=&#8221;3.25&#8243; background_size=&#8221;initial&#8221; background_position=&#8221;top_left&#8221; background_repeat=&#8221;repeat&#8221; custom_padding=&#8221;14px|||||&#8221;][et_pb_column type=&#8221;4_4&#8243; _builder_version=&#8221;3.25&#8243; custom_padding=&#8221;|||&#8221; custom_padding__hover=&#8221;|||&#8221;][et_pb_text admin_label=&#8221;Text&#8221; _builder_version=&#8221;4.9.3&#8243; background_size=&#8221;initial&#8221; background_position=&#8221;top_left&#8221; background_repeat=&#8221;repeat&#8221; hover_enabled=&#8221;0&#8243; text_font_size=&#8221;15px&#8221; text_line_height=&#8221;1.7em&#8221; sticky_enabled=&#8221;0&#8243;] No dia 25 de mar\u00e7o, inaugur\u00e1mos oficialmente Espa\u00e7o Ur-GENTE,\u00a0 o primeiro Centro de Artes C\u00e9nicas Transdisciplinar de Bissau, no \u00e2mbito [&hellip;]<\/p>\n","protected":false},"author":2,"featured_media":33724,"comment_status":"open","ping_status":"open","sticky":false,"template":"","format":"standard","meta":{"_et_pb_use_builder":"on","_et_pb_old_content":"<div class=\"xdj266r x11i5rnm xat24cr x1mh8g0r x1vvkbs x126k92a\">\r\n<div dir=\"auto\">Hoje foi o dia! <span class=\"x3nfvp2 x1j61x8r x1fcty0u xdj266r xhhsvwb xat24cr xgzva0m xxymvpz xlup9mm x1kky2od\"><img class=\"xz74otr\" src=\"https:\/\/static.xx.fbcdn.net\/images\/emoji.php\/v9\/t46\/1\/16\/1f90e.png\" alt=\"\" width=\"16\" height=\"16\" \/><\/span> Inaugur\u00e1mos oficialmente o Centro de Artes C\u00e9nicas Transdisciplinar de Bissau, o Espa\u00e7o Ur-GENTE!<\/div>\r\n<\/div>\r\n<div class=\"x11i5rnm xat24cr x1mh8g0r x1vvkbs xtlvy1s x126k92a\">\r\n<div dir=\"auto\">O evento contou com a presen\u00e7a do Ministro da Cultura, Juventude e Desportos da Guin\u00e9-Bissau, Augusto Gomes, do Embaixador da Uni\u00e3o Europeia na Guin\u00e9-Bissau, Artis Bertulis, do Embaixador de Portugal na Guin\u00e9-Bissau, Miguel Silvestre, e do Presidente da C\u00e2mara Municipal de Bissau, Jos\u00e9 Medina Lobato, que referiram a import\u00e2ncia deste espa\u00e7o no panorama da cultura e das artes no pa\u00eds... assim como da import\u00e2ncia da arte, em geral, para a constru\u00e7\u00e3o de sociedades e comunidades mais s\u00e3s e plurais.<\/div>\r\n<\/div>\r\n<div class=\"x11i5rnm xat24cr x1mh8g0r x1vvkbs xtlvy1s x126k92a\">\r\n<div dir=\"auto\">Cont\u00e1mos, ainda, com os nossos parceiros, amigos e formandos Ur-GENTE para completar esta celebra\u00e7\u00e3o.<\/div>\r\n<div dir=\"auto\">Agradecemos aos financiadores, parceiros e amigos que permitiram a concretiza\u00e7\u00e3o deste espa\u00e7o \u00fanico no cora\u00e7\u00e3o de Bissau!<\/div>\r\n<\/div>\r\n<div class=\"x11i5rnm xat24cr x1mh8g0r x1vvkbs xtlvy1s x126k92a\">\r\n<div dir=\"auto\">Este espa\u00e7o est\u00e1 pronto a receber o <a class=\"x1i10hfl xjbqb8w x1ejq31n xd10rxx x1sy0etr x17r0tee x972fbf xcfux6l x1qhh985 xm0m39n x9f619 x1ypdohk xt0psk2 xe8uvvx xdj266r x11i5rnm xat24cr x1mh8g0r xexx8yu x4uap5 x18d9i69 xkhd6sd x16tdsg8 x1hl2dhg xggy1nq x1a2a7pz xt0b8zv x1fey0fg xo1l8bm\" tabindex=\"0\" role=\"link\" href=\"https:\/\/www.facebook.com\/hashtag\/djintis?__eep__=6&__cft__[0]=AZXk_QcvYz_zP9gAKKfSJIVmCYumI_jkjZrKfKbhgdARGH_0yZ5ES_2IV85FYqO6dSKPKRAkVa-gRRvNp_9rN_kM-nn7u_1wS3xSoWwHnmk3lzk87eOGKdUbhAlOALLd4FekcnqkqGWkUoQDidVi0rpqW7xhR_zwKwfl5lq7OOqEX5q8CfYf9EgfrkBduE6Absk&__tn__=*NK-R\">#DJINTIS<\/a>, 1\u00ba Festival de Artes C\u00e9nicas de Bissau, que iniciar\u00e1 no pr\u00f3ximo dia 27 de mar\u00e7o!<\/div>\r\n<\/div>\r\n<div class=\"x11i5rnm xat24cr x1mh8g0r x1vvkbs xtlvy1s x126k92a\">\r\n<div dir=\"auto\"><span class=\"x3nfvp2 x1j61x8r x1fcty0u xdj266r xhhsvwb xat24cr xgzva0m xxymvpz xlup9mm x1kky2od\"><img class=\"xz74otr\" src=\"https:\/\/static.xx.fbcdn.net\/images\/emoji.php\/v9\/tfe\/1\/16\/1f7e4.png\" alt=\"\" width=\"16\" height=\"16\" \/><\/span> Projeto apoiado pelo PROCULTURA, financiado pela Uni\u00e3o Europeia, gerido e cofinanciado pelo Cam\u00f5es, I.P.. Implementado pela VIDA ONGD.<\/div>\r\n<\/div>\r\n<div class=\"x11i5rnm xat24cr x1mh8g0r x1vvkbs xtlvy1s x126k92a\">\r\n<div dir=\"auto\"><a class=\"x1i10hfl xjbqb8w x1ejq31n xd10rxx x1sy0etr x17r0tee x972fbf xcfux6l x1qhh985 xm0m39n x9f619 x1ypdohk xt0psk2 xe8uvvx xdj266r x11i5rnm xat24cr x1mh8g0r xexx8yu x4uap5 x18d9i69 xkhd6sd x16tdsg8 x1hl2dhg xggy1nq x1a2a7pz xt0b8zv x1fey0fg\" tabindex=\"0\" role=\"link\" href=\"https:\/\/l.facebook.com\/l.php?u=https%3A%2F%2Fwww.instagram.com%2F_u%2Fprocultura.paloptl%3Ffbclid%3DIwAR0oCp3Wq2Ahut4SxTHgkoBtaO3U26ngeRO9jy9kt1UVp9HV-_C9fKn2sd4_aem_Adl525DXV_NOaxOhsphZYdljZhMeMy4P82zHl6x0LZH1_-M7zUwqIkj8LahNwR9JUfiIcdN5W4Ug3J59wdEyWHAD&h=AT31qVpkNfIpfEhuYvVgUVnSkxluJFVntDjCCazykzGgGWM1PexqaZEiR7QEAuzScy74gTa15VCSSwZTXZahuaA5x_pWRe6J8h9TBPGpKmMjtSq1-gFv-NNwfbAzk_k3h1iByycbBUR-94zDHapy&__tn__=-UK-R&c[0]=AT0i7hzQ-77FZpnakCeumIYqXUn4dEHfvMSo5KR9l61ZnSobKtuVaNKGeK4A0p2SWN7wVN6mZIgNbuDkIF0uPTwNgQgokx6ong8wa4loMc1frX_Y7OkmeKhpeXsL8KOtEiYfU2mTSoyuCaPJYWpWOqe40WZIAqZdECNIkza6o_dlkCC0wnQkUtAItUj1DrK5BVLUJxGzsb7Z\" target=\"_blank\" rel=\"nofollow noopener noreferrer\">@procultura.paloptl<\/a> <a class=\"x1i10hfl xjbqb8w x1ejq31n xd10rxx x1sy0etr x17r0tee x972fbf xcfux6l x1qhh985 xm0m39n x9f619 x1ypdohk xt0psk2 xe8uvvx xdj266r x11i5rnm xat24cr x1mh8g0r xexx8yu x4uap5 x18d9i69 xkhd6sd x16tdsg8 x1hl2dhg xggy1nq x1a2a7pz xt0b8zv x1fey0fg\" tabindex=\"0\" role=\"link\" href=\"https:\/\/l.facebook.com\/l.php?u=https%3A%2F%2Fwww.instagram.com%2F_u%2Feu_moz%3Ffbclid%3DIwAR2WjqUbTYgdFIkUdnzxNfR1Eht_r9SN7rrYSGrZXcx5bkcILW2U79Aa6Pg_aem_AdkpXlCYSDQFTJf04csfGLXhAb2yu42BlyYJXR5Bc2bap80r41nV0JPD3VJHYMxcCQOELHGS-uEK8OZsOQydTQ_q&h=AT3VrEONvlycjpgtVjF51w36Jn1MAP8V_X87Rugz1--ZQol5PDQGpaQY2F0xPMIQUZAmlVyFVxhUGKI2P0MI18kUfE6tvJLJFjUwjoN89dRpkNDDQ0zE0mp8UtKm2_Nw3ugDjogNHnginLFyi8i7&__tn__=-UK-R&c[0]=AT0i7hzQ-77FZpnakCeumIYqXUn4dEHfvMSo5KR9l61ZnSobKtuVaNKGeK4A0p2SWN7wVN6mZIgNbuDkIF0uPTwNgQgokx6ong8wa4loMc1frX_Y7OkmeKhpeXsL8KOtEiYfU2mTSoyuCaPJYWpWOqe40WZIAqZdECNIkza6o_dlkCC0wnQkUtAItUj1DrK5BVLUJxGzsb7Z\" target=\"_blank\" rel=\"nofollow noopener noreferrer\">@eu_moz<\/a> <a class=\"x1i10hfl xjbqb8w x1ejq31n xd10rxx x1sy0etr x17r0tee x972fbf xcfux6l x1qhh985 xm0m39n x9f619 x1ypdohk xt0psk2 xe8uvvx xdj266r x11i5rnm xat24cr x1mh8g0r xexx8yu x4uap5 x18d9i69 xkhd6sd x16tdsg8 x1hl2dhg xggy1nq x1a2a7pz xt0b8zv x1fey0fg\" tabindex=\"0\" role=\"link\" href=\"https:\/\/www.instagram.com\/_u\/camoesip?fbclid=IwAR0vCi4iIASJWy9DTHQvFeBYm475nsCM31ycNfgeS_QoMYrn69gyKm7BXYA_aem_AdlW7SNjMBwV5_BjxvgpRa9MRRTAVkMSnBvdqe-bDhB7sVko4b-iHq4lJTdOaBz2ft67zKI8tfujCPLQ-BuSftSl\" target=\"_blank\" rel=\"nofollow noopener noreferrer\">@camoesip<\/a> <a class=\"x1i10hfl xjbqb8w x1ejq31n xd10rxx x1sy0etr x17r0tee x972fbf xcfux6l x1qhh985 xm0m39n x9f619 x1ypdohk xt0psk2 xe8uvvx xdj266r x11i5rnm xat24cr x1mh8g0r xexx8yu x4uap5 x18d9i69 xkhd6sd x16tdsg8 x1hl2dhg xggy1nq x1a2a7pz xt0b8zv x1fey0fg\" tabindex=\"0\" role=\"link\" href=\"https:\/\/l.facebook.com\/l.php?u=https%3A%2F%2Fwww.instagram.com%2F_u%2Fvidaongd%3Ffbclid%3DIwAR2QhXcyXOsrgfNRlg2iMHQ-GDVH39r4kLHkjAWFhbFcqYYjAVu6fVqm2lc_aem_AdksxurQ9IgafLUxX4oxOmiXysLEZbMvP027afpH0oIPvnOD-TWv5k4G0pezw9BMU3cY4RjAWaOL7hAc7UtVFhX6&h=AT2AraKC2wyADT3wyhBHhnXNJkbqryUIMK8X8KnYvvMN-1d_9PoISEMHb4vgUTOfb8dNCaS9zhCaiZYOG-QoU9rnZg-LUjj5xneemiQ_PS7hrxyDSbPpy7u6XMhxhyMGWmqdJHCaErdZp-xnUP2l&__tn__=-UK-R&c[0]=AT0i7hzQ-77FZpnakCeumIYqXUn4dEHfvMSo5KR9l61ZnSobKtuVaNKGeK4A0p2SWN7wVN6mZIgNbuDkIF0uPTwNgQgokx6ong8wa4loMc1frX_Y7OkmeKhpeXsL8KOtEiYfU2mTSoyuCaPJYWpWOqe40WZIAqZdECNIkza6o_dlkCC0wnQkUtAItUj1DrK5BVLUJxGzsb7Z\" target=\"_blank\" rel=\"nofollow noopener noreferrer\">@vidaongd<\/a> <a class=\"x1i10hfl xjbqb8w x1ejq31n xd10rxx x1sy0etr x17r0tee x972fbf xcfux6l x1qhh985 xm0m39n x9f619 x1ypdohk xt0psk2 xe8uvvx xdj266r x11i5rnm xat24cr x1mh8g0r xexx8yu x4uap5 x18d9i69 xkhd6sd x16tdsg8 x1hl2dhg xggy1nq x1a2a7pz xt0b8zv x1fey0fg\" tabindex=\"0\" role=\"link\" href=\"https:\/\/l.facebook.com\/l.php?u=https%3A%2F%2Fwww.instagram.com%2F_u%2Fembportugalguinebissau%3Ffbclid%3DIwAR0rbB3l6pMmB9ir-yt4EUf1z9mlPQvoRoGYkdhv_EGPouTQDkhJzFX-OcI_aem_Adn8Zf59JAYJAfoloc3vWnyE4tkhdBmxJEEe9Vb74fZY_VkFr9anzIktKoDzB2nxRzwOlzmxOsnBmvOq1dHYlrYM&h=AT0k6NwWeh8C8vdbL_LbQN992cVmejeQ7YU5J-wATDNr2e8RGltNC11MS2GuErA8Ki8LvZ_CNWqYv0XVuRD5m8uLoqZH0c8qUaJdWdEbVeWryb79cpZpx-pmc5QXGVeQqirgez9VQm1Js9iuMk7k&__tn__=-UK-R&c[0]=AT0i7hzQ-77FZpnakCeumIYqXUn4dEHfvMSo5KR9l61ZnSobKtuVaNKGeK4A0p2SWN7wVN6mZIgNbuDkIF0uPTwNgQgokx6ong8wa4loMc1frX_Y7OkmeKhpeXsL8KOtEiYfU2mTSoyuCaPJYWpWOqe40WZIAqZdECNIkza6o_dlkCC0wnQkUtAItUj1DrK5BVLUJxGzsb7Z\" target=\"_blank\" rel=\"nofollow noopener noreferrer\">@embportugalguinebissau<\/a> <a class=\"x1i10hfl xjbqb8w x1ejq31n xd10rxx x1sy0etr x17r0tee x972fbf xcfux6l x1qhh985 xm0m39n x9f619 x1ypdohk xt0psk2 xe8uvvx xdj266r x11i5rnm xat24cr x1mh8g0r xexx8yu x4uap5 x18d9i69 xkhd6sd x16tdsg8 x1hl2dhg xggy1nq x1a2a7pz xt0b8zv x1fey0fg\" tabindex=\"0\" role=\"link\" href=\"https:\/\/l.facebook.com\/l.php?u=https%3A%2F%2Fwww.instagram.com%2F_u%2Fcompanhia.de.musica.teatral%3Ffbclid%3DIwAR3tXTge892TJmnQN1kJCJ5kio9L6cVMa-OecN1SMqjvypp7G5g2pLHBq78_aem_AdnbRljfpeOXEbTHlyxQE0EWgseNcls-YBdRnkNa1widRgQnfXJXjz5IpuNxf1apjPtuCKcfzckipX2HUvqfNuoP&h=AT39YLh37S2DNSlt7H1-36PuO60xXiTVi1RDwrIO7KW6oneFQ7mbzZTnCw1Go7NghE6iB2PSp6zA6Pk1iE_1kwPrNci15dxZlPThPdVjyNLcqUCwLBKAYFoqMt-N4ktplGQAPJWn7BA5lCfnWt6g&__tn__=-UK-R&c[0]=AT0i7hzQ-77FZpnakCeumIYqXUn4dEHfvMSo5KR9l61ZnSobKtuVaNKGeK4A0p2SWN7wVN6mZIgNbuDkIF0uPTwNgQgokx6ong8wa4loMc1frX_Y7OkmeKhpeXsL8KOtEiYfU2mTSoyuCaPJYWpWOqe40WZIAqZdECNIkza6o_dlkCC0wnQkUtAItUj1DrK5BVLUJxGzsb7Z\" target=\"_blank\" rel=\"nofollow noopener noreferrer\">@companhia.de.musica.teatral<\/a><\/div>\r\n<div dir=\"auto\"><a class=\"x1i10hfl xjbqb8w x1ejq31n xd10rxx x1sy0etr x17r0tee x972fbf xcfux6l x1qhh985 xm0m39n x9f619 x1ypdohk xt0psk2 xe8uvvx xdj266r x11i5rnm xat24cr x1mh8g0r xexx8yu x4uap5 x18d9i69 xkhd6sd x16tdsg8 x1hl2dhg xggy1nq x1a2a7pz xt0b8zv x1fey0fg\" tabindex=\"0\" role=\"link\" href=\"https:\/\/l.facebook.com\/l.php?u=https%3A%2F%2Fwww.instagram.com%2F_u%2Falaim_mindelo%3Ffbclid%3DIwAR2dWfAguA96CMxqrSQDfyKRZ58rhorNS4ShQzI16flYxyotuRHGc4ljETY_aem_AdlpP0KIVKGn24wCOGK1zJv2auNO_wcpoUu320Zn6oLlS449q1p2aF9ssQjUp8KyHFDCyH4gyNw1ekWqW-l3Re5o&h=AT0NwlZ4r2YF2qPjoxz1SfmOBwTKviL7_E3wccCyV6oOL19Z0meZ2kJquEPdAx_hx0AhOItlmw1HuCoGe33P9oSzSGufp6GnQhXHBwZpH9X4ZvzC_sqfaDInAOOD6uqqzxdIk5Q71bq24vyvDHi4&__tn__=-UK-R&c[0]=AT0i7hzQ-77FZpnakCeumIYqXUn4dEHfvMSo5KR9l61ZnSobKtuVaNKGeK4A0p2SWN7wVN6mZIgNbuDkIF0uPTwNgQgokx6ong8wa4loMc1frX_Y7OkmeKhpeXsL8KOtEiYfU2mTSoyuCaPJYWpWOqe40WZIAqZdECNIkza6o_dlkCC0wnQkUtAItUj1DrK5BVLUJxGzsb7Z\" target=\"_blank\" rel=\"nofollow noopener noreferrer\">@alaim_mindelo<\/a><\/div>\r\n<\/div>\r\n<div class=\"x11i5rnm xat24cr x1mh8g0r x1vvkbs xtlvy1s x126k92a\">\r\n<div dir=\"auto\"><a class=\"x1i10hfl xjbqb8w x1ejq31n xd10rxx x1sy0etr x17r0tee x972fbf xcfux6l x1qhh985 xm0m39n x9f619 x1ypdohk xt0psk2 xe8uvvx xdj266r x11i5rnm xat24cr x1mh8g0r xexx8yu x4uap5 x18d9i69 xkhd6sd x16tdsg8 x1hl2dhg xggy1nq x1a2a7pz xt0b8zv x1fey0fg xo1l8bm\" tabindex=\"0\" role=\"link\" href=\"https:\/\/www.facebook.com\/hashtag\/ur_gente?__eep__=6&__cft__[0]=AZXk_QcvYz_zP9gAKKfSJIVmCYumI_jkjZrKfKbhgdARGH_0yZ5ES_2IV85FYqO6dSKPKRAkVa-gRRvNp_9rN_kM-nn7u_1wS3xSoWwHnmk3lzk87eOGKdUbhAlOALLd4FekcnqkqGWkUoQDidVi0rpqW7xhR_zwKwfl5lq7OOqEX5q8CfYf9EgfrkBduE6Absk&__tn__=*NK-R\">#Ur_GENTE<\/a> <a class=\"x1i10hfl xjbqb8w x1ejq31n xd10rxx x1sy0etr x17r0tee x972fbf xcfux6l x1qhh985 xm0m39n x9f619 x1ypdohk xt0psk2 xe8uvvx xdj266r x11i5rnm xat24cr x1mh8g0r xexx8yu x4uap5 x18d9i69 xkhd6sd x16tdsg8 x1hl2dhg xggy1nq x1a2a7pz xt0b8zv x1fey0fg xo1l8bm\" tabindex=\"0\" role=\"link\" href=\"https:\/\/www.facebook.com\/hashtag\/proculturapaloptl?__eep__=6&__cft__[0]=AZXk_QcvYz_zP9gAKKfSJIVmCYumI_jkjZrKfKbhgdARGH_0yZ5ES_2IV85FYqO6dSKPKRAkVa-gRRvNp_9rN_kM-nn7u_1wS3xSoWwHnmk3lzk87eOGKdUbhAlOALLd4FekcnqkqGWkUoQDidVi0rpqW7xhR_zwKwfl5lq7OOqEX5q8CfYf9EgfrkBduE6Absk&__tn__=*NK-R\">#PROCULTURApaloptl<\/a> <a class=\"x1i10hfl xjbqb8w x1ejq31n xd10rxx x1sy0etr x17r0tee x972fbf xcfux6l x1qhh985 xm0m39n x9f619 x1ypdohk xt0psk2 xe8uvvx xdj266r x11i5rnm xat24cr x1mh8g0r xexx8yu x4uap5 x18d9i69 xkhd6sd x16tdsg8 x1hl2dhg xggy1nq x1a2a7pz xt0b8zv x1fey0fg xo1l8bm\" tabindex=\"0\" role=\"link\" href=\"https:\/\/www.facebook.com\/hashtag\/ueemmoz?__eep__=6&__cft__[0]=AZXk_QcvYz_zP9gAKKfSJIVmCYumI_jkjZrKfKbhgdARGH_0yZ5ES_2IV85FYqO6dSKPKRAkVa-gRRvNp_9rN_kM-nn7u_1wS3xSoWwHnmk3lzk87eOGKdUbhAlOALLd4FekcnqkqGWkUoQDidVi0rpqW7xhR_zwKwfl5lq7OOqEX5q8CfYf9EgfrkBduE6Absk&__tn__=*NK-R\">#ueemmoz<\/a> <a class=\"x1i10hfl xjbqb8w x1ejq31n xd10rxx x1sy0etr x17r0tee x972fbf xcfux6l x1qhh985 xm0m39n x9f619 x1ypdohk xt0psk2 xe8uvvx xdj266r x11i5rnm xat24cr x1mh8g0r xexx8yu x4uap5 x18d9i69 xkhd6sd x16tdsg8 x1hl2dhg xggy1nq x1a2a7pz xt0b8zv x1fey0fg xo1l8bm\" tabindex=\"0\" role=\"link\" href=\"https:\/\/www.facebook.com\/hashtag\/cam%C3%B5esip?__eep__=6&__cft__[0]=AZXk_QcvYz_zP9gAKKfSJIVmCYumI_jkjZrKfKbhgdARGH_0yZ5ES_2IV85FYqO6dSKPKRAkVa-gRRvNp_9rN_kM-nn7u_1wS3xSoWwHnmk3lzk87eOGKdUbhAlOALLd4FekcnqkqGWkUoQDidVi0rpqW7xhR_zwKwfl5lq7OOqEX5q8CfYf9EgfrkBduE6Absk&__tn__=*NK-R\">#cam\u00f5esip<\/a> <a class=\"x1i10hfl xjbqb8w x1ejq31n xd10rxx x1sy0etr x17r0tee x972fbf xcfux6l x1qhh985 xm0m39n x9f619 x1ypdohk xt0psk2 xe8uvvx xdj266r x11i5rnm xat24cr x1mh8g0r xexx8yu x4uap5 x18d9i69 xkhd6sd x16tdsg8 x1hl2dhg xggy1nq x1a2a7pz xt0b8zv x1fey0fg xo1l8bm\" tabindex=\"0\" role=\"link\" href=\"https:\/\/www.facebook.com\/hashtag\/vidaongd?__eep__=6&__cft__[0]=AZXk_QcvYz_zP9gAKKfSJIVmCYumI_jkjZrKfKbhgdARGH_0yZ5ES_2IV85FYqO6dSKPKRAkVa-gRRvNp_9rN_kM-nn7u_1wS3xSoWwHnmk3lzk87eOGKdUbhAlOALLd4FekcnqkqGWkUoQDidVi0rpqW7xhR_zwKwfl5lq7OOqEX5q8CfYf9EgfrkBduE6Absk&__tn__=*NK-R\">#vidaongd<\/a> <a class=\"x1i10hfl xjbqb8w x1ejq31n xd10rxx x1sy0etr x17r0tee x972fbf xcfux6l x1qhh985 xm0m39n x9f619 x1ypdohk xt0psk2 xe8uvvx xdj266r x11i5rnm xat24cr x1mh8g0r xexx8yu x4uap5 x18d9i69 xkhd6sd x16tdsg8 x1hl2dhg xggy1nq x1a2a7pz xt0b8zv x1fey0fg xo1l8bm\" tabindex=\"0\" role=\"link\" href=\"https:\/\/www.facebook.com\/hashtag\/artesc%C3%A9nicas?__eep__=6&__cft__[0]=AZXk_QcvYz_zP9gAKKfSJIVmCYumI_jkjZrKfKbhgdARGH_0yZ5ES_2IV85FYqO6dSKPKRAkVa-gRRvNp_9rN_kM-nn7u_1wS3xSoWwHnmk3lzk87eOGKdUbhAlOALLd4FekcnqkqGWkUoQDidVi0rpqW7xhR_zwKwfl5lq7OOqEX5q8CfYf9EgfrkBduE6Absk&__tn__=*NK-R\">#artesc\u00e9nicas<\/a> <a class=\"x1i10hfl xjbqb8w x1ejq31n xd10rxx x1sy0etr x17r0tee x972fbf xcfux6l x1qhh985 xm0m39n x9f619 x1ypdohk xt0psk2 xe8uvvx xdj266r x11i5rnm xat24cr x1mh8g0r xexx8yu x4uap5 x18d9i69 xkhd6sd x16tdsg8 x1hl2dhg xggy1nq x1a2a7pz xt0b8zv x1fey0fg xo1l8bm\" tabindex=\"0\" role=\"link\" href=\"https:\/\/www.facebook.com\/hashtag\/guin%C3%A9bissau?__eep__=6&__cft__[0]=AZXk_QcvYz_zP9gAKKfSJIVmCYumI_jkjZrKfKbhgdARGH_0yZ5ES_2IV85FYqO6dSKPKRAkVa-gRRvNp_9rN_kM-nn7u_1wS3xSoWwHnmk3lzk87eOGKdUbhAlOALLd4FekcnqkqGWkUoQDidVi0rpqW7xhR_zwKwfl5lq7OOqEX5q8CfYf9EgfrkBduE6Absk&__tn__=*NK-R\">#guin\u00e9bissau<\/a><\/div>\r\n<\/div>","_et_gb_content_width":"","_monsterinsights_skip_tracking":false,"_monsterinsights_sitenote_active":false,"_monsterinsights_sitenote_note":"","_monsterinsights_sitenote_category":0,"footnotes":""},"categories":[10],"tags":[],"class_list":["post-33720","post","type-post","status-publish","format-standard","has-post-thumbnail","hentry","category-noticias"],"_links":{"self":[{"href":"https:\/\/vida.org.pt\/en\/wp-json\/wp\/v2\/posts\/33720","targetHints":{"allow":["GET"]}}],"collection":[{"href":"https:\/\/vida.org.pt\/en\/wp-json\/wp\/v2\/posts"}],"about":[{"href":"https:\/\/vida.org.pt\/en\/wp-json\/wp\/v2\/types\/post"}],"author":[{"embeddable":true,"href":"https:\/\/vida.org.pt\/en\/wp-json\/wp\/v2\/users\/2"}],"replies":[{"embeddable":true,"href":"https:\/\/vida.org.pt\/en\/wp-json\/wp\/v2\/comments?post=33720"}],"version-history":[{"count":4,"href":"https:\/\/vida.org.pt\/en\/wp-json\/wp\/v2\/posts\/33720\/revisions"}],"predecessor-version":[{"id":33761,"href":"https:\/\/vida.org.pt\/en\/wp-json\/wp\/v2\/posts\/33720\/revisions\/33761"}],"wp:featuredmedia":[{"embeddable":true,"href":"https:\/\/vida.org.pt\/en\/wp-json\/wp\/v2\/media\/33724"}],"wp:attachment":[{"href":"https:\/\/vida.org.pt\/en\/wp-json\/wp\/v2\/media?parent=33720"}],"wp:term":[{"taxonomy":"category","embeddable":true,"href":"https:\/\/vida.org.pt\/en\/wp-json\/wp\/v2\/categories?post=33720"},{"taxonomy":"post_tag","embeddable":true,"href":"https:\/\/vida.org.pt\/en\/wp-json\/wp\/v2\/tags?post=33720"}],"curies":[{"name":"wp","href":"https:\/\/api.w.org\/{rel}","templated":true}]}}