{"id":32879,"date":"2023-10-16T10:05:41","date_gmt":"2023-10-16T10:05:41","guid":{"rendered":"https:\/\/vida.org.pt\/?p=32879"},"modified":"2024-01-17T17:26:20","modified_gmt":"2024-01-17T17:26:20","slug":"campanha-de-restauro-de-habitats-avanca-no-distrito-de-matutuine","status":"publish","type":"post","link":"https:\/\/vida.org.pt\/en\/campanha-de-restauro-de-habitats-avanca-no-distrito-de-matutuine\/","title":{"rendered":"Campanha de restauro de habitats avan\u00e7a no distrito de Matutuine"},"content":{"rendered":"<p>[et_pb_section fb_built=&#8221;1&#8243; admin_label=&#8221;section&#8221; _builder_version=&#8221;3.22&#8243; custom_padding=&#8221;31px||17px|||&#8221;][et_pb_row admin_label=&#8221;row&#8221; _builder_version=&#8221;4.9.3&#8243; background_size=&#8221;initial&#8221; background_position=&#8221;top_left&#8221; background_repeat=&#8221;repeat&#8221; custom_padding=&#8221;0px||14px|||&#8221;][et_pb_column type=&#8221;4_4&#8243; _builder_version=&#8221;3.25&#8243; custom_padding=&#8221;|||&#8221; custom_padding__hover=&#8221;|||&#8221;][et_pb_image src=&#8221;https:\/\/vida.org.pt\/wp-content\/uploads\/2024\/01\/WhatsApp-Image-2023-12-01-at-12.11.26.jpg&#8221; title_text=&#8221;WhatsApp Image 2023-12-01 at 12.11.26&#8243; _builder_version=&#8221;4.9.3&#8243; _module_preset=&#8221;default&#8221; hover_enabled=&#8221;0&#8243; sticky_enabled=&#8221;0&#8243;][\/et_pb_image][et_pb_text admin_label=&#8221;Text&#8221; _builder_version=&#8221;4.9.3&#8243; text_font_size=&#8221;15px&#8221; background_size=&#8221;initial&#8221; background_position=&#8221;top_left&#8221; background_repeat=&#8221;repeat&#8221; min_height=&#8221;154px&#8221; custom_margin=&#8221;36px|||||&#8221; hover_enabled=&#8221;0&#8243; sticky_enabled=&#8221;0&#8243; text_line_height=&#8221;1.7em&#8221;]<\/p>\n<p>No in\u00edcio de outubro de 2023, inici\u00e1mos a <strong>campanha de restauro da paisagem e de habitats no distrito de Matutuine<\/strong>, em Mo\u00e7ambique, com uma primeira fase de distribui\u00e7\u00e3o de estacas\/manivas de mandioca \u00e0s <strong>500 fam\u00edlias benefici\u00e1rias \u200d\u200dda a\u00e7\u00e3o<\/strong>. A entrega foi complementada com a demonstra\u00e7\u00e3o do plantio, sendo que as fam\u00edlias receber\u00e3o, ainda, forma\u00e7\u00e3o e acompanhamento t\u00e9cnico ao longo do tempo por parte da equipa VIDA.<\/p>\n<p>Atrav\u00e9s da implementa\u00e7\u00e3o de <strong>sistemas agroflorestais<\/strong> junto das fam\u00edlias, estamos a promover o <strong>restauro de habitats<\/strong>, a <strong>conserva\u00e7\u00e3o da biodiversidade<\/strong> e a <strong>produ\u00e7\u00e3o diversificada de alimentos nutritivos<\/strong>. A \u00e1rea total restaurada ser\u00e1 de 500 hectares (1 hectare por fam\u00edlia) e abrange 16 povoados deste distrito.<\/p>\n<p>A entrega do restante kit ser\u00e1 faseada conforme o calend\u00e1rio agr\u00edcola e inclui \u00e1rvores de fruto, leguminosas e cereais.<\/p>\n<p>[\/et_pb_text][\/et_pb_column][\/et_pb_row][et_pb_row column_structure=&#8221;1_2,1_2&#8243; _builder_version=&#8221;4.9.3&#8243; _module_preset=&#8221;default&#8221; custom_padding=&#8221;7px|||||&#8221;][et_pb_column type=&#8221;1_2&#8243; _builder_version=&#8221;4.9.3&#8243; _module_preset=&#8221;default&#8221;][et_pb_image src=&#8221;https:\/\/vida.org.pt\/wp-content\/uploads\/2023\/10\/DSCN7681-2-scaled.jpg&#8221; title_text=&#8221;DSCN7681 (2)&#8221; _builder_version=&#8221;4.9.3&#8243; _module_preset=&#8221;default&#8221;][\/et_pb_image][\/et_pb_column][et_pb_column type=&#8221;1_2&#8243; _builder_version=&#8221;4.9.3&#8243; _module_preset=&#8221;default&#8221;][et_pb_image src=&#8221;https:\/\/vida.org.pt\/wp-content\/uploads\/2023\/10\/DSCN7747-2-scaled.jpg&#8221; title_text=&#8221;DSCN7747 (2)&#8221; _builder_version=&#8221;4.9.3&#8243; _module_preset=&#8221;default&#8221;][\/et_pb_image][\/et_pb_column][\/et_pb_row][et_pb_row _builder_version=&#8221;4.9.3&#8243; _module_preset=&#8221;default&#8221; custom_padding=&#8221;17px|||||&#8221; custom_margin=&#8221;|auto|-16px|auto||&#8221;][et_pb_column _builder_version=&#8221;4.9.3&#8243; _module_preset=&#8221;default&#8221; type=&#8221;4_4&#8243;][et_pb_text _builder_version=&#8221;4.9.3&#8243; _module_preset=&#8221;default&#8221; hover_enabled=&#8221;0&#8243; sticky_enabled=&#8221;0&#8243; text_font_size=&#8221;15px&#8221; text_line_height=&#8221;1.7em&#8221;]<\/p>\n<p>Durante o m\u00eas de novembro de 2023, foi realizada uma segunda de <strong>distribui\u00e7\u00e3o de sementes de amendoim, feij\u00e3o, mudas de cajueiro e de nativas nos 16 povoados benefici\u00e1rios<\/strong>, e prosseguiu-se com a implementa\u00e7\u00e3o, em cada povoado, de modelos de campos agroflorestais, atrav\u00e9s do plantio de mudas de cajueiro e de nativas.<\/p>\n<p>[\/et_pb_text][\/et_pb_column][\/et_pb_row][et_pb_row column_structure=&#8221;1_2,1_2&#8243; _builder_version=&#8221;4.9.3&#8243; _module_preset=&#8221;default&#8221; custom_padding=&#8221;32px|||||&#8221;][et_pb_column type=&#8221;1_2&#8243; _builder_version=&#8221;4.9.3&#8243; _module_preset=&#8221;default&#8221;][et_pb_image src=&#8221;https:\/\/vida.org.pt\/wp-content\/uploads\/2024\/01\/WhatsApp-Image-2023-12-01-at-12.11.25-2.jpg&#8221; _builder_version=&#8221;4.9.3&#8243; _module_preset=&#8221;default&#8221; title_text=&#8221;WhatsApp Image 2023-12-01 at 12.11.25 (2)&#8221; hover_enabled=&#8221;0&#8243; sticky_enabled=&#8221;0&#8243;][\/et_pb_image][\/et_pb_column][et_pb_column type=&#8221;1_2&#8243; _builder_version=&#8221;4.9.3&#8243; _module_preset=&#8221;default&#8221;][et_pb_image src=&#8221;https:\/\/vida.org.pt\/wp-content\/uploads\/2024\/01\/WhatsApp-Image-2023-12-01-at-12.11.25-1.jpg&#8221; _builder_version=&#8221;4.9.3&#8243; _module_preset=&#8221;default&#8221; title_text=&#8221;WhatsApp Image 2023-12-01 at 12.11.25 (1)&#8221; hover_enabled=&#8221;0&#8243; sticky_enabled=&#8221;0&#8243;][\/et_pb_image][\/et_pb_column][\/et_pb_row][et_pb_row _builder_version=&#8221;4.9.3&#8243; _module_preset=&#8221;default&#8221;][et_pb_column _builder_version=&#8221;4.9.3&#8243; _module_preset=&#8221;default&#8221; type=&#8221;4_4&#8243;][et_pb_image src=&#8221;https:\/\/vida.org.pt\/wp-content\/uploads\/2024\/01\/WhatsApp-Image-2023-12-01-at-12.11.16.jpg&#8221; title_text=&#8221;WhatsApp Image 2023-12-01 at 12.11.16&#8243; _builder_version=&#8221;4.9.3&#8243; _module_preset=&#8221;default&#8221; hover_enabled=&#8221;0&#8243; sticky_enabled=&#8221;0&#8243;][\/et_pb_image][\/et_pb_column][\/et_pb_row][et_pb_row admin_label=&#8221;row&#8221; _builder_version=&#8221;3.25&#8243; background_size=&#8221;initial&#8221; background_position=&#8221;top_left&#8221; background_repeat=&#8221;repeat&#8221; hover_enabled=&#8221;0&#8243; sticky_enabled=&#8221;0&#8243;][et_pb_column type=&#8221;4_4&#8243; _builder_version=&#8221;3.25&#8243; custom_padding=&#8221;|||&#8221; custom_padding__hover=&#8221;|||&#8221;][et_pb_text admin_label=&#8221;Text&#8221; _builder_version=&#8221;4.9.3&#8243; text_font_size=&#8221;15px&#8221; background_size=&#8221;initial&#8221; background_position=&#8221;top_left&#8221; background_repeat=&#8221;repeat&#8221; hover_enabled=&#8221;0&#8243; text_line_height=&#8221;1.7em&#8221; sticky_enabled=&#8221;0&#8243;]<\/p>\n<p>Esta a\u00e7\u00e3o \u00e9 realizada em parceria com o <a href=\"https:\/\/www.fnds.gov.mz\/index.php\/pt\/\">Fundo Nacional de Desenvolvimento Sustent\u00e1vel (FNDS Mo\u00e7ambique)<\/a> no \u00e2mbito do projeto <a href=\"https:\/\/www.fnds.gov.mz\/index.php\/pt\/nossos-projectos\/listagem-de-projectos\/mozbio\">MozBio 2<\/a> que visa aumentar a efic\u00e1cia da gest\u00e3o das \u00e1reas de conserva\u00e7\u00e3o e melhorar as condi\u00e7\u00f5es de vida das comunidades dentro e ao redor das mesmas.<\/p>\n<p><em>O projeto <a href=\"chrome-extension:\/\/efaidnbmnnnibpcajpcglclefindmkaj\/https:\/\/vida.org.pt\/wp-content\/uploads\/2023\/08\/Ficha-tecnica_Jovens-para-a-Mudanca.pdf\">&#8220;Jovens para a Mudan\u00e7a &#8211; O desafio do desenvolvimento sustent\u00e1vel do distrito de Matutuine&#8221;<\/a> \u00e9 financiado pelo Cam\u00f5es, IP, Fundo Nacional de Desenvolvimento Sustent\u00e1vel e Biofund.\u00a0<\/em><\/p>\n<p>[\/et_pb_text][\/et_pb_column][\/et_pb_row][\/et_pb_section]<\/p>\n","protected":false},"excerpt":{"rendered":"<p>[et_pb_section fb_built=&#8221;1&#8243; admin_label=&#8221;section&#8221; _builder_version=&#8221;3.22&#8243; custom_padding=&#8221;31px||17px|||&#8221;][et_pb_row admin_label=&#8221;row&#8221; _builder_version=&#8221;4.9.3&#8243; background_size=&#8221;initial&#8221; background_position=&#8221;top_left&#8221; background_repeat=&#8221;repeat&#8221; custom_padding=&#8221;0px||14px|||&#8221;][et_pb_column type=&#8221;4_4&#8243; _builder_version=&#8221;3.25&#8243; custom_padding=&#8221;|||&#8221; custom_padding__hover=&#8221;|||&#8221;][et_pb_image src=&#8221;https:\/\/vida.org.pt\/wp-content\/uploads\/2024\/01\/WhatsApp-Image-2023-12-01-at-12.11.26.jpg&#8221; title_text=&#8221;WhatsApp Image 2023-12-01 at 12.11.26&#8243; _builder_version=&#8221;4.9.3&#8243; _module_preset=&#8221;default&#8221; hover_enabled=&#8221;0&#8243; sticky_enabled=&#8221;0&#8243;][\/et_pb_image][et_pb_text admin_label=&#8221;Text&#8221; _builder_version=&#8221;4.9.3&#8243; text_font_size=&#8221;15px&#8221; background_size=&#8221;initial&#8221; background_position=&#8221;top_left&#8221; background_repeat=&#8221;repeat&#8221; min_height=&#8221;154px&#8221; custom_margin=&#8221;36px|||||&#8221; hover_enabled=&#8221;0&#8243; sticky_enabled=&#8221;0&#8243; text_line_height=&#8221;1.7em&#8221;] No in\u00edcio de outubro de 2023, inici\u00e1mos a campanha de restauro da paisagem e de habitats no distrito de [&hellip;]<\/p>\n","protected":false},"author":2,"featured_media":33135,"comment_status":"open","ping_status":"open","sticky":false,"template":"","format":"standard","meta":{"_et_pb_use_builder":"on","_et_pb_old_content":"Inici\u00e1mos a campanha de restauro da paisagem e de habitats no distrito de Matutuine, em #Mo\u00e7ambique, com a distribui\u00e7\u00e3o de estacas\/manivas de mandioca \u00e0s 500 fam\u00edlias benefici\u00e1rias \u200d\u200d da a\u00e7\u00e3o. A entrega foi complementada com a demonstra\u00e7\u00e3o do plantio, e as fam\u00edlias receber\u00e3o, ainda, forma\u00e7\u00e3o e acompanhamento t\u00e9cnico.\r\n Atrav\u00e9s da implementa\u00e7\u00e3o de sistemas #agroflorestais junto das fam\u00edlias, promovemos o restauro de habitats, a conserva\u00e7\u00e3o da biodiversidade e a produ\u00e7\u00e3o diversificada de alimentos nutritivos.\r\n A \u00e1rea total restaurada ser\u00e1 de 500 hectares (1 ha por fam\u00edlia) e abrange 16 povoados. Ser\u00e1, ainda, entregue o restante kit que inclui \u00e1rvores de fruto, leguminosas e cereais.\r\n Esta a\u00e7\u00e3o \u00e9 realizada em parceria com o @fnds.moz no \u00e2mbito do projeto MozBio 2, que visa aumentar a efic\u00e1cia da gest\u00e3o das \u00e1reas de conserva\u00e7\u00e3o e melhorar as condi\u00e7\u00f5es de vida das comunidades dentro e ao redor das mesmas.\r\nProjeto \"Jovens para a Mudan\u00e7a - O desafio do desenvolvimento sustent\u00e1vel do distrito de Matutuine\" financiado pelo @camoesip, @fnds.moz e Biofund.\r\n#JovensparaaMudan\u00e7a #desenvolvimentosustent\u00e1vel #mozbio #agrofloresta #conserva\u00e7\u00e3obiodiversidade #vidaongd","_et_gb_content_width":"","_monsterinsights_skip_tracking":false,"_monsterinsights_sitenote_active":false,"_monsterinsights_sitenote_note":"","_monsterinsights_sitenote_category":0,"footnotes":""},"categories":[10],"tags":[],"class_list":["post-32879","post","type-post","status-publish","format-standard","has-post-thumbnail","hentry","category-noticias"],"_links":{"self":[{"href":"https:\/\/vida.org.pt\/en\/wp-json\/wp\/v2\/posts\/32879","targetHints":{"allow":["GET"]}}],"collection":[{"href":"https:\/\/vida.org.pt\/en\/wp-json\/wp\/v2\/posts"}],"about":[{"href":"https:\/\/vida.org.pt\/en\/wp-json\/wp\/v2\/types\/post"}],"author":[{"embeddable":true,"href":"https:\/\/vida.org.pt\/en\/wp-json\/wp\/v2\/users\/2"}],"replies":[{"embeddable":true,"href":"https:\/\/vida.org.pt\/en\/wp-json\/wp\/v2\/comments?post=32879"}],"version-history":[{"count":4,"href":"https:\/\/vida.org.pt\/en\/wp-json\/wp\/v2\/posts\/32879\/revisions"}],"predecessor-version":[{"id":33137,"href":"https:\/\/vida.org.pt\/en\/wp-json\/wp\/v2\/posts\/32879\/revisions\/33137"}],"wp:featuredmedia":[{"embeddable":true,"href":"https:\/\/vida.org.pt\/en\/wp-json\/wp\/v2\/media\/33135"}],"wp:attachment":[{"href":"https:\/\/vida.org.pt\/en\/wp-json\/wp\/v2\/media?parent=32879"}],"wp:term":[{"taxonomy":"category","embeddable":true,"href":"https:\/\/vida.org.pt\/en\/wp-json\/wp\/v2\/categories?post=32879"},{"taxonomy":"post_tag","embeddable":true,"href":"https:\/\/vida.org.pt\/en\/wp-json\/wp\/v2\/tags?post=32879"}],"curies":[{"name":"wp","href":"https:\/\/api.w.org\/{rel}","templated":true}]}}