{"id":32803,"date":"2023-08-28T09:30:09","date_gmt":"2023-08-28T09:30:09","guid":{"rendered":"https:\/\/vida.org.pt\/?p=32803"},"modified":"2023-10-16T09:53:48","modified_gmt":"2023-10-16T09:53:48","slug":"estudantes-do-distrito-de-matutuine-participam-na-semana-ativa-green-camp","status":"publish","type":"post","link":"https:\/\/vida.org.pt\/en\/estudantes-do-distrito-de-matutuine-participam-na-semana-ativa-green-camp\/","title":{"rendered":"Estudantes do distrito de Matutuine participam na Semana Ativa &#8211; Green Camp"},"content":{"rendered":"<p>[et_pb_section fb_built=&#8221;1&#8243; _builder_version=&#8221;4.9.3&#8243; _module_preset=&#8221;default&#8221;][et_pb_row _builder_version=&#8221;4.9.3&#8243; _module_preset=&#8221;default&#8221; custom_margin=&#8221;-41px|auto||auto||&#8221;][et_pb_column type=&#8221;4_4&#8243; _builder_version=&#8221;4.9.3&#8243; _module_preset=&#8221;default&#8221;][et_pb_image src=&#8221;https:\/\/vida.org.pt\/wp-content\/uploads\/2023\/08\/Semana-ativa_foto-destaque-site-2.jpg&#8221; title_text=&#8221;Semana ativa_foto destaque site-2&#8243; _builder_version=&#8221;4.9.3&#8243; _module_preset=&#8221;default&#8221;][\/et_pb_image][\/et_pb_column][\/et_pb_row][et_pb_row _builder_version=&#8221;4.9.3&#8243; _module_preset=&#8221;default&#8221; custom_margin=&#8221;|auto|-26px|auto||&#8221;][et_pb_column type=&#8221;4_4&#8243; _builder_version=&#8221;4.9.3&#8243; _module_preset=&#8221;default&#8221;][et_pb_text _builder_version=&#8221;4.9.3&#8243; _module_preset=&#8221;default&#8221; text_font_size=&#8221;15px&#8221;]<\/p>\n<div class=\"xdj266r x11i5rnm xat24cr x1mh8g0r x1vvkbs x126k92a\">\n<div dir=\"auto\">\n<div class=\"xdj266r x11i5rnm xat24cr x1mh8g0r x1vvkbs x126k92a\">\n<div dir=\"auto\">Entre <strong>21 e 25 de agosto<\/strong>, o <strong>Centro de Desenvolvimento Comunit\u00e1rio de Djabula recebeu 24 jovens do ensino secund\u00e1rio do distrito de Matutuine para a Semana Ativa &#8211; Green Camp<\/strong>, um programa formativo de eventos did\u00e1ticos &#8211; palestras, debates, din\u00e2micas e atividades de campo &#8211; em torno de temas como a conserva\u00e7\u00e3o da biodiversidade, agroecologia, turismo sustent\u00e1vel e gest\u00e3o de pequeno neg\u00f3cio.<\/div>\n<\/div>\n<\/div>\n<\/div>\n<p>[\/et_pb_text][et_pb_text _builder_version=&#8221;4.9.3&#8243; _module_preset=&#8221;default&#8221; text_font_size=&#8221;15px&#8221;]<\/p>\n<div class=\"xdj266r x11i5rnm xat24cr x1mh8g0r x1vvkbs x126k92a\">\n<div dir=\"auto\">\n<div class=\"xdj266r x11i5rnm xat24cr x1mh8g0r x1vvkbs x126k92a\">\n<div dir=\"auto\">Participaram <strong>24 estudantes dos N\u00facleos de Desenvolvimento Sustent\u00e1vel e Lideran\u00e7a<\/strong> das quatro escolas secund\u00e1rias do distrito de Matutuine (seis por cada escola secund\u00e1ria de Matutuine) acompanhados por professores (um por escola).\u00a0Ao longo dos dias, o programa foi diverso e muito participado:<\/div>\n<\/div>\n<\/div>\n<\/div>\n<p>[\/et_pb_text][et_pb_text _builder_version=&#8221;4.9.3&#8243; _module_preset=&#8221;default&#8221; text_font_size=&#8221;15px&#8221;]<\/p>\n<div class=\"xdj266r x11i5rnm xat24cr x1mh8g0r x1vvkbs x126k92a\">\n<div dir=\"auto\">\n<div class=\"xdj266r x11i5rnm xat24cr x1mh8g0r x1vvkbs x126k92a\">\n<ul>\n<li dir=\"auto\">No primeiro dia, recebemos a <a tabindex=\"-1\"><\/a>Dr.\u00aa Celma Issufo, presidente do CTA Matutuine (Confedera\u00e7\u00e3o das Associa\u00e7\u00f5es Econ\u00f3micas de Mo\u00e7ambique) que partilhou com os\/as jovens a sua trajet\u00f3ria, experi\u00eancias em gest\u00e3o de neg\u00f3cios nos setores do Com\u00e9rcio, Restaura\u00e7\u00e3o, Hotelaria, assim como no desenvolvimento de ideias e empreendimentos empresariais.<\/li>\n<li dir=\"auto\">No segundo dia, os\/as jovens estudantes participaram numa forma\u00e7\u00e3o sobre Plano de Neg\u00f3cios, na qual contactaram com o conceito de um plano de neg\u00f3cio e as suas etapas, e tiveram oportunidade de elaborar, em grupos, um pequeno plano de neg\u00f3cio. Foi, ainda, realizado um workshop sobre Produ\u00e7\u00e3o de Mel e Fruteiras Mel\u00edferas, dinamizado pelo director t\u00e9cnico da <a class=\"x1i10hfl xjbqb8w x6umtig x1b1mbwd xaqea5y xav7gou x9f619 x1ypdohk xt0psk2 xe8uvvx xdj266r x11i5rnm xat24cr x1mh8g0r xexx8yu x4uap5 x18d9i69 xkhd6sd x16tdsg8 x1hl2dhg xggy1nq x1a2a7pz xt0b8zv x1qq9wsj xo1l8bm\" href=\"https:\/\/www.facebook.com\/Frutimelmoz?__cft__[0]=AZVjI0fUG_dJMFbSADGdx1JaacYi-MIGtFAO778g9KIGhyZ1jtjCAfmJW36pZN1wm80gGCRd-Me2CXLBLn7A3MvFrBwuJUK_4wQJ7su47V_rzzaAcxRd-t7XbYXcMg7UkRHAdYltaryRsjc4v1gscVkFAxQO_oim2djB9_AS5BgBAL8_cATlhPQ_IxiXRGP97_g&amp;__tn__=-]K-R\" role=\"link\" tabindex=\"0\"><span class=\"xt0psk2\"><\/span><\/a><a class=\"x1i10hfl xjbqb8w x6umtig x1b1mbwd xaqea5y xav7gou x9f619 x1ypdohk xt0psk2 xe8uvvx xdj266r x11i5rnm xat24cr x1mh8g0r xexx8yu x4uap5 x18d9i69 xkhd6sd x16tdsg8 x1hl2dhg xggy1nq x1a2a7pz xt0b8zv x1qq9wsj xo1l8bm\" href=\"https:\/\/www.facebook.com\/Frutimelmoz?__cft__[0]=AZVjI0fUG_dJMFbSADGdx1JaacYi-MIGtFAO778g9KIGhyZ1jtjCAfmJW36pZN1wm80gGCRd-Me2CXLBLn7A3MvFrBwuJUK_4wQJ7su47V_rzzaAcxRd-t7XbYXcMg7UkRHAdYltaryRsjc4v1gscVkFAxQO_oim2djB9_AS5BgBAL8_cATlhPQ_IxiXRGP97_g&amp;__tn__=-]K-R\" role=\"link\" tabindex=\"0\"><span class=\"xt0psk2\"><\/span><\/a><a tabindex=\"-1\"><\/a>Frutimel, o apicultor Jos\u00e9 Alcobia, que partilhou com os\/as estudantes e professores as t\u00e9cnicas de extra\u00e7\u00e3o de mel, a demonstra\u00e7\u00e3o de funcionamento de uma sala de processamento de mel e as suas experi\u00eancias de longos anos na Apicultura.<\/li>\n<\/ul>\n<\/div>\n<\/div>\n<\/div>\n<p>[\/et_pb_text][\/et_pb_column][\/et_pb_row][et_pb_row column_structure=&#8221;1_2,1_2&#8243; _builder_version=&#8221;4.9.3&#8243; _module_preset=&#8221;default&#8221;][et_pb_column type=&#8221;1_2&#8243; _builder_version=&#8221;4.9.3&#8243; _module_preset=&#8221;default&#8221;][et_pb_image src=&#8221;https:\/\/vida.org.pt\/wp-content\/uploads\/2023\/08\/22-ago_Semana-ativa-6.jpg&#8221; title_text=&#8221;22 ago_Semana ativa (6)&#8221; _builder_version=&#8221;4.9.3&#8243; _module_preset=&#8221;default&#8221;][\/et_pb_image][\/et_pb_column][et_pb_column type=&#8221;1_2&#8243; _builder_version=&#8221;4.9.3&#8243; _module_preset=&#8221;default&#8221;][et_pb_image src=&#8221;https:\/\/vida.org.pt\/wp-content\/uploads\/2023\/08\/22-ago_Semana-ativa-12.jpg&#8221; title_text=&#8221;22 ago_Semana ativa (12)&#8221; _builder_version=&#8221;4.9.3&#8243; _module_preset=&#8221;default&#8221;][\/et_pb_image][\/et_pb_column][\/et_pb_row][et_pb_row column_structure=&#8221;1_2,1_2&#8243; _builder_version=&#8221;4.9.3&#8243; _module_preset=&#8221;default&#8221;][et_pb_column type=&#8221;1_2&#8243; _builder_version=&#8221;4.9.3&#8243; _module_preset=&#8221;default&#8221;][et_pb_image src=&#8221;https:\/\/vida.org.pt\/wp-content\/uploads\/2023\/08\/22-ago_Semana-ativa-17.jpg&#8221; title_text=&#8221;22 ago_Semana ativa (17)&#8221; _builder_version=&#8221;4.9.3&#8243; _module_preset=&#8221;default&#8221;][\/et_pb_image][\/et_pb_column][et_pb_column type=&#8221;1_2&#8243; _builder_version=&#8221;4.9.3&#8243; _module_preset=&#8221;default&#8221;][et_pb_image src=&#8221;https:\/\/vida.org.pt\/wp-content\/uploads\/2023\/08\/Semana-ativa_21-08-2023-28.jpg&#8221; title_text=&#8221;Semana ativa_21-08-2023 (28)&#8221; _builder_version=&#8221;4.9.3&#8243; _module_preset=&#8221;default&#8221;][\/et_pb_image][\/et_pb_column][\/et_pb_row][et_pb_row _builder_version=&#8221;4.9.3&#8243; _module_preset=&#8221;default&#8221;][et_pb_column _builder_version=&#8221;4.9.3&#8243; _module_preset=&#8221;default&#8221; type=&#8221;4_4&#8243;][et_pb_video src=&#8221;https:\/\/youtu.be\/HxCAkk_dpOg&#8221; _builder_version=&#8221;4.9.3&#8243; _module_preset=&#8221;default&#8221; hover_enabled=&#8221;0&#8243; sticky_enabled=&#8221;0&#8243;][\/et_pb_video][\/et_pb_column][\/et_pb_row][et_pb_row _builder_version=&#8221;4.9.3&#8243; _module_preset=&#8221;default&#8221;][et_pb_column type=&#8221;4_4&#8243; _builder_version=&#8221;4.9.3&#8243; _module_preset=&#8221;default&#8221;][et_pb_text _builder_version=&#8221;4.9.3&#8243; _module_preset=&#8221;default&#8221; text_font_size=&#8221;15px&#8221; custom_padding=&#8221;||0px|||&#8221;]<\/p>\n<div class=\"xdj266r x11i5rnm xat24cr x1mh8g0r x1vvkbs x126k92a\">\n<div dir=\"auto\">\n<div class=\"xdj266r x11i5rnm xat24cr x1mh8g0r x1vvkbs x126k92a\">\n<ul>\n<li dir=\"auto\">O terceiro dia foi dedicado \u00e0 forma\u00e7\u00e3o em Turismo Sustent\u00e1vel, dinamizada pelo especialista em desenvolvimento comunit\u00e1rio No\u00e9 Langa. Foi introduzido o conceito do turismo sustent\u00e1vel e seus pilares, e de que forma pode ser uma ferramenta de desenvolvimento comunit\u00e1rio. Existiu, ainda, um momento pr\u00e1tico em que os\/as jovens puderam pensar e elaborar ideias de projetos.<\/li>\n<li dir=\"auto\">No quarto dia, os\/as jovens receberam uma forma\u00e7\u00e3o sobre Biodiversidade, dinamizada pela VIDA, em que foram abordados diferentes conte\u00fados sobre a riqueza e a diversidade biol\u00f3gica do distrito de Matutuine. De seguida, tiveram oportunidade de contactar com a Associa\u00e7\u00e3o Pfukani Djabula, detentora da Marca Djabula. Atrav\u00e9s de v\u00e1rios workshop, aprenderam a produzir cestaria tradicional, cadernos e papel reciclado a partir de recursos localmente dispon\u00edveis.<\/li>\n<li dir=\"auto\">No \u00faltimo dia, foi realizada a forma\u00e7\u00e3o em Agroecologia, dinamizada pela VIDA e pelos jovens estagi\u00e1rios do Instituto Agro-Industrial de Salamanga. Foram realizadas diversas atividades de campo como a montagem de canteiros ecol\u00f3gicos, pilha de compostagem, produ\u00e7\u00e3o de biopesticidas, tendo sido, ainda, realizado o plantio de mudas de Margosa.<\/li>\n<\/ul>\n<\/div>\n<\/div>\n<\/div>\n<p>[\/et_pb_text][\/et_pb_column][\/et_pb_row][et_pb_row column_structure=&#8221;1_3,1_3,1_3&#8243; _builder_version=&#8221;4.9.3&#8243; _module_preset=&#8221;default&#8221; custom_margin=&#8221;-32px|auto||auto||&#8221;][et_pb_column type=&#8221;1_3&#8243; _builder_version=&#8221;4.9.3&#8243; _module_preset=&#8221;default&#8221;][et_pb_image src=&#8221;https:\/\/vida.org.pt\/wp-content\/uploads\/2023\/08\/SemanaAtiva_24-ago_AssocDjabula-6.jpeg&#8221; title_text=&#8221;SemanaAtiva_24 ago_AssocDjabula (6)&#8221; _builder_version=&#8221;4.9.3&#8243; _module_preset=&#8221;default&#8221;][\/et_pb_image][et_pb_image src=&#8221;https:\/\/vida.org.pt\/wp-content\/uploads\/2023\/08\/SemanaAtiva_25-ago_Agroecologia-18.jpeg&#8221; title_text=&#8221;SemanaAtiva_25 ago_Agroecologia (18)&#8221; _builder_version=&#8221;4.9.3&#8243; _module_preset=&#8221;default&#8221;][\/et_pb_image][\/et_pb_column][et_pb_column type=&#8221;1_3&#8243; _builder_version=&#8221;4.9.3&#8243; _module_preset=&#8221;default&#8221;][et_pb_image src=&#8221;https:\/\/vida.org.pt\/wp-content\/uploads\/2023\/08\/SemanaAtiva_24-ago_AssocDjabula-7.jpeg&#8221; title_text=&#8221;SemanaAtiva_24 ago_AssocDjabula (7)&#8221; _builder_version=&#8221;4.9.3&#8243; _module_preset=&#8221;default&#8221;][\/et_pb_image][et_pb_image src=&#8221;https:\/\/vida.org.pt\/wp-content\/uploads\/2023\/08\/SemanaAtiva_25-ago_Agroecologia-3.jpeg&#8221; title_text=&#8221;SemanaAtiva_25 ago_Agroecologia (3)&#8221; _builder_version=&#8221;4.9.3&#8243; _module_preset=&#8221;default&#8221; custom_margin=&#8221;||-379px|||&#8221;][\/et_pb_image][\/et_pb_column][et_pb_column type=&#8221;1_3&#8243; _builder_version=&#8221;4.9.3&#8243; _module_preset=&#8221;default&#8221;][et_pb_image src=&#8221;https:\/\/vida.org.pt\/wp-content\/uploads\/2023\/08\/SemanaAtiva_24-ago_AssocDjabula-1.jpeg&#8221; title_text=&#8221;SemanaAtiva_24 ago_AssocDjabula (1)&#8221; _builder_version=&#8221;4.9.3&#8243; _module_preset=&#8221;default&#8221;][\/et_pb_image][et_pb_image src=&#8221;https:\/\/vida.org.pt\/wp-content\/uploads\/2023\/08\/SemanaAtiva_25-ago_Agroecologia-4.jpeg&#8221; title_text=&#8221;SemanaAtiva_25 ago_Agroecologia (4)&#8221; _builder_version=&#8221;4.9.3&#8243; _module_preset=&#8221;default&#8221;][\/et_pb_image][\/et_pb_column][\/et_pb_row][et_pb_row _builder_version=&#8221;4.9.3&#8243; _module_preset=&#8221;default&#8221;][et_pb_column type=&#8221;4_4&#8243; _builder_version=&#8221;4.9.3&#8243; _module_preset=&#8221;default&#8221;][et_pb_text _builder_version=&#8221;4.9.3&#8243; _module_preset=&#8221;default&#8221; text_font_size=&#8221;15px&#8221;]<\/p>\n<div class=\"xdj266r x11i5rnm xat24cr x1mh8g0r x1vvkbs x126k92a\">\n<div dir=\"auto\">\n<div class=\"xdj266r x11i5rnm xat24cr x1mh8g0r x1vvkbs x126k92a\">\n<p><em><span class=\"x3nfvp2 x1j61x8r x1fcty0u xdj266r xhhsvwb xat24cr xgzva0m xxymvpz xlup9mm x1kky2od\">O<\/span> Projeto<a href=\"https:\/\/vida.org.pt\/wp-content\/uploads\/2023\/08\/Ficha-tecnica_Jovens-para-a-Mudanca.pdf\"> &#8220;Jovens para a Mudan\u00e7a &#8211; O desafio do desenvolvimento sustent\u00e1vel de Matutuine&#8221;<\/a> \u00e9 financiado por <a class=\"x1i10hfl xjbqb8w x6umtig x1b1mbwd xaqea5y xav7gou x9f619 x1ypdohk xt0psk2 xe8uvvx xdj266r x11i5rnm xat24cr x1mh8g0r xexx8yu x4uap5 x18d9i69 xkhd6sd x16tdsg8 x1hl2dhg xggy1nq x1a2a7pz xt0b8zv x1qq9wsj xo1l8bm\" href=\"https:\/\/www.facebook.com\/camoes.ip?__cft__[0]=AZVjI0fUG_dJMFbSADGdx1JaacYi-MIGtFAO778g9KIGhyZ1jtjCAfmJW36pZN1wm80gGCRd-Me2CXLBLn7A3MvFrBwuJUK_4wQJ7su47V_rzzaAcxRd-t7XbYXcMg7UkRHAdYltaryRsjc4v1gscVkFAxQO_oim2djB9_AS5BgBAL8_cATlhPQ_IxiXRGP97_g&amp;__tn__=-]K-R\" role=\"link\" tabindex=\"0\"><span class=\"xt0psk2\">Cam\u00f5es, I.P.<\/span><\/a>, pelo <a class=\"x1i10hfl xjbqb8w x6umtig x1b1mbwd xaqea5y xav7gou x9f619 x1ypdohk xt0psk2 xe8uvvx xdj266r x11i5rnm xat24cr x1mh8g0r xexx8yu x4uap5 x18d9i69 xkhd6sd x16tdsg8 x1hl2dhg xggy1nq x1a2a7pz xt0b8zv x1qq9wsj xo1l8bm\" href=\"https:\/\/www.facebook.com\/fundonds?__cft__[0]=AZVjI0fUG_dJMFbSADGdx1JaacYi-MIGtFAO778g9KIGhyZ1jtjCAfmJW36pZN1wm80gGCRd-Me2CXLBLn7A3MvFrBwuJUK_4wQJ7su47V_rzzaAcxRd-t7XbYXcMg7UkRHAdYltaryRsjc4v1gscVkFAxQO_oim2djB9_AS5BgBAL8_cATlhPQ_IxiXRGP97_g&amp;__tn__=-]K-R\" role=\"link\" tabindex=\"0\"><span class=\"xt0psk2\">Fundo Nacional de Desenvolvimento Sustent\u00e1vel<\/span><\/a> e pelo <a class=\"x1i10hfl xjbqb8w x6umtig x1b1mbwd xaqea5y xav7gou x9f619 x1ypdohk xt0psk2 xe8uvvx xdj266r x11i5rnm xat24cr x1mh8g0r xexx8yu x4uap5 x18d9i69 xkhd6sd x16tdsg8 x1hl2dhg xggy1nq x1a2a7pz xt0b8zv x1qq9wsj xo1l8bm\" href=\"https:\/\/www.facebook.com\/profile.php?id=100069764467892&amp;__cft__[0]=AZVjI0fUG_dJMFbSADGdx1JaacYi-MIGtFAO778g9KIGhyZ1jtjCAfmJW36pZN1wm80gGCRd-Me2CXLBLn7A3MvFrBwuJUK_4wQJ7su47V_rzzaAcxRd-t7XbYXcMg7UkRHAdYltaryRsjc4v1gscVkFAxQO_oim2djB9_AS5BgBAL8_cATlhPQ_IxiXRGP97_g&amp;__tn__=-]K-R\" role=\"link\" tabindex=\"0\"><span class=\"xt0psk2\">Biofund<\/span><\/a>.<\/em><\/p>\n<\/div>\n<\/div>\n<\/div>\n<p>[\/et_pb_text][\/et_pb_column][\/et_pb_row][\/et_pb_section]<\/p>\n","protected":false},"excerpt":{"rendered":"<p>[et_pb_section fb_built=&#8221;1&#8243; _builder_version=&#8221;4.9.3&#8243; _module_preset=&#8221;default&#8221;][et_pb_row _builder_version=&#8221;4.9.3&#8243; _module_preset=&#8221;default&#8221; custom_margin=&#8221;-41px|auto||auto||&#8221;][et_pb_column type=&#8221;4_4&#8243; _builder_version=&#8221;4.9.3&#8243; _module_preset=&#8221;default&#8221;][et_pb_image src=&#8221;https:\/\/vida.org.pt\/wp-content\/uploads\/2023\/08\/Semana-ativa_foto-destaque-site-2.jpg&#8221; title_text=&#8221;Semana ativa_foto destaque site-2&#8243; _builder_version=&#8221;4.9.3&#8243; _module_preset=&#8221;default&#8221;][\/et_pb_image][\/et_pb_column][\/et_pb_row][et_pb_row _builder_version=&#8221;4.9.3&#8243; _module_preset=&#8221;default&#8221; custom_margin=&#8221;|auto|-26px|auto||&#8221;][et_pb_column type=&#8221;4_4&#8243; _builder_version=&#8221;4.9.3&#8243; _module_preset=&#8221;default&#8221;][et_pb_text _builder_version=&#8221;4.9.3&#8243; _module_preset=&#8221;default&#8221; text_font_size=&#8221;15px&#8221;] Entre 21 e 25 de agosto, o Centro de Desenvolvimento Comunit\u00e1rio de Djabula recebeu 24 jovens do ensino secund\u00e1rio do distrito de Matutuine para a Semana Ativa &#8211; Green [&hellip;]<\/p>\n","protected":false},"author":2,"featured_media":32830,"comment_status":"open","ping_status":"open","sticky":false,"template":"","format":"standard","meta":{"_et_pb_use_builder":"on","_et_pb_old_content":"","_et_gb_content_width":"","_monsterinsights_skip_tracking":false,"_monsterinsights_sitenote_active":false,"_monsterinsights_sitenote_note":"","_monsterinsights_sitenote_category":0,"footnotes":""},"categories":[10],"tags":[],"class_list":["post-32803","post","type-post","status-publish","format-standard","has-post-thumbnail","hentry","category-noticias"],"_links":{"self":[{"href":"https:\/\/vida.org.pt\/en\/wp-json\/wp\/v2\/posts\/32803","targetHints":{"allow":["GET"]}}],"collection":[{"href":"https:\/\/vida.org.pt\/en\/wp-json\/wp\/v2\/posts"}],"about":[{"href":"https:\/\/vida.org.pt\/en\/wp-json\/wp\/v2\/types\/post"}],"author":[{"embeddable":true,"href":"https:\/\/vida.org.pt\/en\/wp-json\/wp\/v2\/users\/2"}],"replies":[{"embeddable":true,"href":"https:\/\/vida.org.pt\/en\/wp-json\/wp\/v2\/comments?post=32803"}],"version-history":[{"count":8,"href":"https:\/\/vida.org.pt\/en\/wp-json\/wp\/v2\/posts\/32803\/revisions"}],"predecessor-version":[{"id":32878,"href":"https:\/\/vida.org.pt\/en\/wp-json\/wp\/v2\/posts\/32803\/revisions\/32878"}],"wp:featuredmedia":[{"embeddable":true,"href":"https:\/\/vida.org.pt\/en\/wp-json\/wp\/v2\/media\/32830"}],"wp:attachment":[{"href":"https:\/\/vida.org.pt\/en\/wp-json\/wp\/v2\/media?parent=32803"}],"wp:term":[{"taxonomy":"category","embeddable":true,"href":"https:\/\/vida.org.pt\/en\/wp-json\/wp\/v2\/categories?post=32803"},{"taxonomy":"post_tag","embeddable":true,"href":"https:\/\/vida.org.pt\/en\/wp-json\/wp\/v2\/tags?post=32803"}],"curies":[{"name":"wp","href":"https:\/\/api.w.org\/{rel}","templated":true}]}}