{"id":32020,"date":"2022-08-08T18:30:45","date_gmt":"2022-08-08T18:30:45","guid":{"rendered":"http:\/\/vida.org.pt\/?p=32020"},"modified":"2023-01-20T20:07:52","modified_gmt":"2023-01-20T20:07:52","slug":"1planet4all-sensibiliza-jovens-escuteiros-no-acanac-2022","status":"publish","type":"post","link":"https:\/\/vida.org.pt\/en\/1planet4all-sensibiliza-jovens-escuteiros-no-acanac-2022\/","title":{"rendered":"1Planet4All sensibiliza jovens escuteiros no ACANAC 2022"},"content":{"rendered":"<p>[et_pb_section fb_built=&#8221;1&#8243; admin_label=&#8221;section&#8221; _builder_version=&#8221;3.22&#8243;][et_pb_row admin_label=&#8221;row&#8221; _builder_version=&#8221;3.25&#8243; background_size=&#8221;initial&#8221; background_position=&#8221;top_left&#8221; background_repeat=&#8221;repeat&#8221;][et_pb_column type=&#8221;4_4&#8243; _builder_version=&#8221;3.25&#8243; custom_padding=&#8221;|||&#8221; custom_padding__hover=&#8221;|||&#8221;][et_pb_text admin_label=&#8221;Text&#8221; _builder_version=&#8221;4.9.3&#8243; background_size=&#8221;initial&#8221; background_position=&#8221;top_left&#8221; background_repeat=&#8221;repeat&#8221; hover_enabled=&#8221;0&#8243; sticky_enabled=&#8221;0&#8243;]<\/p>\n<div class=\"x11i5rnm xat24cr x1mh8g0r x1vvkbs xdj266r x126k92a\">\n<div dir=\"auto\">Entre os dias 2 e 6 de agosto de 2022, estivemos no Acampamento Nacional do CNE &#8211; ACANAC 2022 &#8211; no \u00e2mbito do projeto &#8220;1Planet4All&#8221;. Ao longo dos v\u00e1rios dias, lobitos e escuteiros de todas as idades passaram pelo nosso atelier na Quinta da Boa Semente, o espa\u00e7o dedicado \u00e0 Sustentabilidade neste acampamento.<\/div>\n<\/div>\n<p>[\/et_pb_text][\/et_pb_column][\/et_pb_row][et_pb_row _builder_version=&#8221;4.9.3&#8243; _module_preset=&#8221;default&#8221;][et_pb_column _builder_version=&#8221;4.9.3&#8243; _module_preset=&#8221;default&#8221; type=&#8221;4_4&#8243;][et_pb_image src=&#8221;http:\/\/vida.org.pt\/wp-content\/uploads\/2023\/01\/foto_Monica-Santos-Silva-1.jpg&#8221; _builder_version=&#8221;4.9.3&#8243; _module_preset=&#8221;default&#8221; title_text=&#8221;foto_Monica Santos Silva (1)&#8221; hover_enabled=&#8221;0&#8243; sticky_enabled=&#8221;0&#8243;][\/et_pb_image][\/et_pb_column][\/et_pb_row][et_pb_row _builder_version=&#8221;4.9.3&#8243; _module_preset=&#8221;default&#8221;][et_pb_column _builder_version=&#8221;4.9.3&#8243; _module_preset=&#8221;default&#8221; type=&#8221;4_4&#8243;][et_pb_text _builder_version=&#8221;4.9.3&#8243; _module_preset=&#8221;default&#8221; hover_enabled=&#8221;0&#8243; sticky_enabled=&#8221;0&#8243;]<\/p>\n<div class=\"x11i5rnm xat24cr x1mh8g0r x1vvkbs xtlvy1s x126k92a\">\n<div dir=\"auto\"><\/div>\n<div dir=\"auto\">No atelier, realiz\u00e1mos o jogo &#8220;Desconstru\u00e7\u00e3o Construtiva&#8221;: reconstru\u00edmos a viagem de uma banana desde a Costa Rica at\u00e9 \u00e0s nossas casas, com o objetivo de refletir sobre os impactos ambientais e sociais implicados neste longo percurso e perceber como podemos fazer escolhas mais justas e sustent\u00e1veis.<\/div>\n<div dir=\"auto\"><\/div>\n<div dir=\"auto\">A &#8220;Desconstru\u00e7\u00e3o Construtiva&#8221; \u00e9 uma din\u00e2mica pedag\u00f3gica que pode ser utilizada por qualquer pessoa em contexto educativo (formal ou n\u00e3o formal). Este recurso encontra-se <a href=\"https:\/\/escolaspeloplaneta.pt\/desconstrucao-construtiva-guia-da-dinamica\/\">dispon\u00edvel aqui.<\/a><\/div>\n<\/div>\n<p>[\/et_pb_text][\/et_pb_column][\/et_pb_row][et_pb_row _builder_version=&#8221;4.9.3&#8243; _module_preset=&#8221;default&#8221; column_structure=&#8221;1_2,1_2&#8243;][et_pb_column _builder_version=&#8221;4.9.3&#8243; _module_preset=&#8221;default&#8221; type=&#8221;1_2&#8243;][et_pb_image src=&#8221;http:\/\/vida.org.pt\/wp-content\/uploads\/2023\/01\/IMG_20220803_172739-2-scaled.jpg&#8221; _builder_version=&#8221;4.9.3&#8243; _module_preset=&#8221;default&#8221; hover_enabled=&#8221;0&#8243; sticky_enabled=&#8221;0&#8243; title_text=&#8221;IMG_20220803_172739-2&#8243;][\/et_pb_image][\/et_pb_column][et_pb_column _builder_version=&#8221;4.9.3&#8243; _module_preset=&#8221;default&#8221; type=&#8221;1_2&#8243;][et_pb_image src=&#8221;http:\/\/vida.org.pt\/wp-content\/uploads\/2023\/01\/WhatsApp-Image-2022-08-11-at-10.23.14-2.jpg&#8221; _builder_version=&#8221;4.9.3&#8243; _module_preset=&#8221;default&#8221; hover_enabled=&#8221;0&#8243; sticky_enabled=&#8221;0&#8243; title_text=&#8221;WhatsApp Image 2022-08-11 at 10.23.14 (2)&#8221;][\/et_pb_image][\/et_pb_column][\/et_pb_row][et_pb_row _builder_version=&#8221;4.9.3&#8243; _module_preset=&#8221;default&#8221;][et_pb_column _builder_version=&#8221;4.9.3&#8243; _module_preset=&#8221;default&#8221; type=&#8221;4_4&#8243;][et_pb_text _builder_version=&#8221;4.9.3&#8243; _module_preset=&#8221;default&#8221; hover_enabled=&#8221;0&#8243; sticky_enabled=&#8221;0&#8243;]<\/p>\n<div class=\"x11i5rnm xat24cr x1mh8g0r x1vvkbs xtlvy1s x126k92a\">\n<div dir=\"auto\">Projeto europeu &#8220;1Planet4All&#8221; implementado em Portugal pela VIDA com o financiamento da Uni\u00e3o Europeia (DEAR Programme) e do Cam\u00f5es, I.P.<\/div>\n<\/div>\n<p>[\/et_pb_text][\/et_pb_column][\/et_pb_row][\/et_pb_section]<\/p>\n","protected":false},"excerpt":{"rendered":"<p>[et_pb_section fb_built=&#8221;1&#8243; admin_label=&#8221;section&#8221; _builder_version=&#8221;3.22&#8243;][et_pb_row admin_label=&#8221;row&#8221; _builder_version=&#8221;3.25&#8243; background_size=&#8221;initial&#8221; background_position=&#8221;top_left&#8221; background_repeat=&#8221;repeat&#8221;][et_pb_column type=&#8221;4_4&#8243; _builder_version=&#8221;3.25&#8243; custom_padding=&#8221;|||&#8221; custom_padding__hover=&#8221;|||&#8221;][et_pb_text admin_label=&#8221;Text&#8221; _builder_version=&#8221;4.9.3&#8243; background_size=&#8221;initial&#8221; background_position=&#8221;top_left&#8221; background_repeat=&#8221;repeat&#8221; hover_enabled=&#8221;0&#8243; sticky_enabled=&#8221;0&#8243;] Entre os dias 2 e 6 de agosto de 2022, estivemos no Acampamento Nacional do CNE &#8211; ACANAC 2022 &#8211; no \u00e2mbito do projeto &#8220;1Planet4All&#8221;. Ao longo dos v\u00e1rios dias, lobitos e escuteiros de todas [&hellip;]<\/p>\n","protected":false},"author":2,"featured_media":32021,"comment_status":"open","ping_status":"open","sticky":false,"template":"","format":"standard","meta":{"_et_pb_use_builder":"on","_et_pb_old_content":"<div class=\"x11i5rnm xat24cr x1mh8g0r x1vvkbs xdj266r x126k92a\">\r\n<div dir=\"auto\">Entre os dias 2 e 6 de agosto de 2022, estivemos no Acampamento Nacional do CNE - ACANAC 2022 - no \u00e2mbito do projeto \"1Planet4All\". Ao longo dos v\u00e1rios dias, lobitos e escuteiros de todas as idades passaram pelo nosso atelier na Quinta da Boa Semente, o espa\u00e7o dedicado \u00e0 Sustentabilidade neste acampamento.<\/div>\r\n<\/div>\r\n<div class=\"x11i5rnm xat24cr x1mh8g0r x1vvkbs xtlvy1s x126k92a\">\r\n<div dir=\"auto\"><\/div>\r\n<div dir=\"auto\">No atelier, reconstru\u00edmos a viagem de uma banana desde a Costa Rica at\u00e9 \u00e0s nossas casas, com o objetivo de refletir sobre os impactos ambientais e sociais implicados neste longo percurso e perceber como podemos fazer escolhas mais justas e sustent\u00e1veis.<\/div>\r\n<div dir=\"auto\"><\/div>\r\n<\/div>\r\n<div class=\"x11i5rnm xat24cr x1mh8g0r x1vvkbs xtlvy1s x126k92a\">\r\n<div dir=\"auto\">Projeto europeu \"1Planet4All\" implementado em Portugal pela VIDA com o financiamento da Uni\u00e3o Europeia (DEAR Programme) e do Cam\u00f5es, I.P.<\/div>\r\n<\/div>","_et_gb_content_width":"","_monsterinsights_skip_tracking":false,"_monsterinsights_sitenote_active":false,"_monsterinsights_sitenote_note":"","_monsterinsights_sitenote_category":0,"footnotes":""},"categories":[32],"tags":[],"class_list":["post-32020","post","type-post","status-publish","format-standard","has-post-thumbnail","hentry","category-blogue"],"_links":{"self":[{"href":"https:\/\/vida.org.pt\/en\/wp-json\/wp\/v2\/posts\/32020","targetHints":{"allow":["GET"]}}],"collection":[{"href":"https:\/\/vida.org.pt\/en\/wp-json\/wp\/v2\/posts"}],"about":[{"href":"https:\/\/vida.org.pt\/en\/wp-json\/wp\/v2\/types\/post"}],"author":[{"embeddable":true,"href":"https:\/\/vida.org.pt\/en\/wp-json\/wp\/v2\/users\/2"}],"replies":[{"embeddable":true,"href":"https:\/\/vida.org.pt\/en\/wp-json\/wp\/v2\/comments?post=32020"}],"version-history":[{"count":3,"href":"https:\/\/vida.org.pt\/en\/wp-json\/wp\/v2\/posts\/32020\/revisions"}],"predecessor-version":[{"id":32027,"href":"https:\/\/vida.org.pt\/en\/wp-json\/wp\/v2\/posts\/32020\/revisions\/32027"}],"wp:featuredmedia":[{"embeddable":true,"href":"https:\/\/vida.org.pt\/en\/wp-json\/wp\/v2\/media\/32021"}],"wp:attachment":[{"href":"https:\/\/vida.org.pt\/en\/wp-json\/wp\/v2\/media?parent=32020"}],"wp:term":[{"taxonomy":"category","embeddable":true,"href":"https:\/\/vida.org.pt\/en\/wp-json\/wp\/v2\/categories?post=32020"},{"taxonomy":"post_tag","embeddable":true,"href":"https:\/\/vida.org.pt\/en\/wp-json\/wp\/v2\/tags?post=32020"}],"curies":[{"name":"wp","href":"https:\/\/api.w.org\/{rel}","templated":true}]}}