{"id":32005,"date":"2022-05-20T18:14:50","date_gmt":"2022-05-20T18:14:50","guid":{"rendered":"http:\/\/vida.org.pt\/?p=32005"},"modified":"2023-01-20T20:09:23","modified_gmt":"2023-01-20T20:09:23","slug":"miniflorestas-e-hortas-germinam-em-4-escolas-da-grande-lisboa","status":"publish","type":"post","link":"https:\/\/vida.org.pt\/en\/miniflorestas-e-hortas-germinam-em-4-escolas-da-grande-lisboa\/","title":{"rendered":"Miniflorestas e hortas germinam em 4 escolas da Grande Lisboa"},"content":{"rendered":"<p>[et_pb_section fb_built=&#8221;1&#8243; admin_label=&#8221;section&#8221; _builder_version=&#8221;3.22&#8243;][et_pb_row admin_label=&#8221;row&#8221; _builder_version=&#8221;3.25&#8243; background_size=&#8221;initial&#8221; background_position=&#8221;top_left&#8221; background_repeat=&#8221;repeat&#8221;][et_pb_column type=&#8221;4_4&#8243; _builder_version=&#8221;3.25&#8243; custom_padding=&#8221;|||&#8221; custom_padding__hover=&#8221;|||&#8221;][et_pb_text admin_label=&#8221;Text&#8221; _builder_version=&#8221;4.9.3&#8243; background_size=&#8221;initial&#8221; background_position=&#8221;top_left&#8221; background_repeat=&#8221;repeat&#8221; hover_enabled=&#8221;0&#8243; sticky_enabled=&#8221;0&#8243;]<\/p>\n<p>Em <strong>quatro escolas secund\u00e1rias da \u00e1rea da Grande Lisboa<\/strong>, estamos a envolver toda a <strong>comunidade escolar na cria\u00e7\u00e3o de espa\u00e7os verdes resilientes &#8211; duas miniflorestas e duas hortas ecol\u00f3gicas<\/strong> &#8211; em contexto escolar. Alunos\/as, professores\/as e dire\u00e7\u00f5es escolares s\u00e3o envolvidos neste pequeno projeto local que pretende ser promotor da <strong>a\u00e7\u00e3o clim\u00e1tica<\/strong> e da biodiversidade urbana, mas, sobretudo, ser um espa\u00e7o inclusivo de <strong>aprendizagem<\/strong>, de aproxima\u00e7\u00e3o e que estimule valores como a coopera\u00e7\u00e3o, a uni\u00e3o, o respeito, a biodiversidade, a empatia, e uma maior consci\u00eancia ambiental e social.<\/p>\n<p>O trabalho com estas quatro escolas \u00e9 dinamizado pelo biol\u00f3go e dinamizador ambiental, Diogo Mendes, que acompanha de forma pr\u00f3xima e cont\u00ednua a transforma\u00e7\u00e3o destes espa\u00e7os e destas comunidades escolares.<\/p>\n<p>&nbsp;<\/p>\n<p>[\/et_pb_text][\/et_pb_column][\/et_pb_row][et_pb_row _builder_version=&#8221;4.9.3&#8243; _module_preset=&#8221;default&#8221; column_structure=&#8221;1_2,1_2&#8243;][et_pb_column _builder_version=&#8221;4.9.3&#8243; _module_preset=&#8221;default&#8221; type=&#8221;1_2&#8243;][et_pb_image src=&#8221;http:\/\/vida.org.pt\/wp-content\/uploads\/2023\/01\/Foto-ESMP-1.jpg&#8221; _builder_version=&#8221;4.9.3&#8243; _module_preset=&#8221;default&#8221; title_text=&#8221;Foto ESMP (1)&#8221; hover_enabled=&#8221;0&#8243; sticky_enabled=&#8221;0&#8243;][\/et_pb_image][\/et_pb_column][et_pb_column _builder_version=&#8221;4.9.3&#8243; _module_preset=&#8221;default&#8221; type=&#8221;1_2&#8243;][et_pb_image src=&#8221;http:\/\/vida.org.pt\/wp-content\/uploads\/2023\/01\/Foto-ESMP-2.jpg&#8221; _builder_version=&#8221;4.9.3&#8243; _module_preset=&#8221;default&#8221; title_text=&#8221;Foto ESMP (2)&#8221; hover_enabled=&#8221;0&#8243; sticky_enabled=&#8221;0&#8243;][\/et_pb_image][\/et_pb_column][\/et_pb_row][et_pb_row _builder_version=&#8221;4.9.3&#8243; _module_preset=&#8221;default&#8221;][et_pb_column _builder_version=&#8221;4.9.3&#8243; _module_preset=&#8221;default&#8221; type=&#8221;4_4&#8243;][et_pb_text _builder_version=&#8221;4.9.3&#8243; _module_preset=&#8221;default&#8221; hover_enabled=&#8221;0&#8243; sticky_enabled=&#8221;0&#8243; custom_margin=&#8221;-24px|||||&#8221;]<\/p>\n<p style=\"text-align: center;\"><em>Prepara\u00e7\u00e3o do espa\u00e7o para a horta ecol\u00f3gica na Escola Secund\u00e1ria Marqu\u00eas de Pombal, no Lisboa<\/em><\/p>\n<p>[\/et_pb_text][\/et_pb_column][\/et_pb_row][et_pb_row _builder_version=&#8221;4.9.3&#8243; _module_preset=&#8221;default&#8221; column_structure=&#8221;1_2,1_2&#8243;][et_pb_column _builder_version=&#8221;4.9.3&#8243; _module_preset=&#8221;default&#8221; type=&#8221;1_2&#8243;][et_pb_image src=&#8221;http:\/\/vida.org.pt\/wp-content\/uploads\/2023\/01\/IMG_8034-scaled.jpg&#8221; _builder_version=&#8221;4.9.3&#8243; _module_preset=&#8221;default&#8221; title_text=&#8221;IMG_8034&#8243; hover_enabled=&#8221;0&#8243; sticky_enabled=&#8221;0&#8243;][\/et_pb_image][\/et_pb_column][et_pb_column _builder_version=&#8221;4.9.3&#8243; _module_preset=&#8221;default&#8221; type=&#8221;1_2&#8243;][et_pb_image src=&#8221;http:\/\/vida.org.pt\/wp-content\/uploads\/2023\/01\/IMG_9872-scaled.jpg&#8221; _builder_version=&#8221;4.9.3&#8243; _module_preset=&#8221;default&#8221; title_text=&#8221;IMG_9872&#8243; hover_enabled=&#8221;0&#8243; sticky_enabled=&#8221;0&#8243;][\/et_pb_image][\/et_pb_column][\/et_pb_row][et_pb_row _builder_version=&#8221;4.9.3&#8243; _module_preset=&#8221;default&#8221;][et_pb_column _builder_version=&#8221;4.9.3&#8243; _module_preset=&#8221;default&#8221; type=&#8221;4_4&#8243;][et_pb_text _builder_version=&#8221;4.9.3&#8243; _module_preset=&#8221;default&#8221; hover_enabled=&#8221;0&#8243; sticky_enabled=&#8221;0&#8243; custom_margin=&#8221;-24px|||||&#8221;]<\/p>\n<p style=\"text-align: center;\"><em>Planta\u00e7\u00e3o da minifloresta na Escola Secund\u00e1ria Alfredo Reis Silveira, no Seixal<\/em><\/p>\n<p>[\/et_pb_text][\/et_pb_column][\/et_pb_row][et_pb_row _builder_version=&#8221;4.9.3&#8243; _module_preset=&#8221;default&#8221; column_structure=&#8221;1_2,1_2&#8243; hover_enabled=&#8221;0&#8243; sticky_enabled=&#8221;0&#8243;][et_pb_column _builder_version=&#8221;4.9.3&#8243; _module_preset=&#8221;default&#8221; type=&#8221;1_2&#8243;][et_pb_image src=&#8221;http:\/\/vida.org.pt\/wp-content\/uploads\/2023\/01\/IMG_8366-scaled.jpg&#8221; _builder_version=&#8221;4.9.3&#8243; _module_preset=&#8221;default&#8221; title_text=&#8221;IMG_8366&#8243; hover_enabled=&#8221;0&#8243; sticky_enabled=&#8221;0&#8243;][\/et_pb_image][\/et_pb_column][et_pb_column _builder_version=&#8221;4.9.3&#8243; _module_preset=&#8221;default&#8221; type=&#8221;1_2&#8243;][et_pb_image src=&#8221;http:\/\/vida.org.pt\/wp-content\/uploads\/2023\/01\/IMG_8212-scaled.jpg&#8221; _builder_version=&#8221;4.9.3&#8243; _module_preset=&#8221;default&#8221; title_text=&#8221;IMG_8212&#8243; hover_enabled=&#8221;0&#8243; sticky_enabled=&#8221;0&#8243;][\/et_pb_image][\/et_pb_column][\/et_pb_row][et_pb_row _builder_version=&#8221;4.9.3&#8243; _module_preset=&#8221;default&#8221; column_structure=&#8221;1_2,1_2&#8243;][et_pb_column _builder_version=&#8221;4.9.3&#8243; _module_preset=&#8221;default&#8221; type=&#8221;1_2&#8243;][et_pb_image src=&#8221;http:\/\/vida.org.pt\/wp-content\/uploads\/2023\/01\/IMG_9126-scaled.jpg&#8221; _builder_version=&#8221;4.9.3&#8243; _module_preset=&#8221;default&#8221; title_text=&#8221;IMG_9126&#8243; hover_enabled=&#8221;0&#8243; sticky_enabled=&#8221;0&#8243;][\/et_pb_image][\/et_pb_column][et_pb_column _builder_version=&#8221;4.9.3&#8243; _module_preset=&#8221;default&#8221; type=&#8221;1_2&#8243;][et_pb_image src=&#8221;http:\/\/vida.org.pt\/wp-content\/uploads\/2023\/01\/IMG_9419-scaled.jpg&#8221; _builder_version=&#8221;4.9.3&#8243; _module_preset=&#8221;default&#8221; title_text=&#8221;IMG_9419&#8243; hover_enabled=&#8221;0&#8243; sticky_enabled=&#8221;0&#8243;][\/et_pb_image][\/et_pb_column][\/et_pb_row][et_pb_row _builder_version=&#8221;4.9.3&#8243; _module_preset=&#8221;default&#8221;][et_pb_column _builder_version=&#8221;4.9.3&#8243; _module_preset=&#8221;default&#8221; type=&#8221;4_4&#8243;][et_pb_text _builder_version=&#8221;4.9.3&#8243; _module_preset=&#8221;default&#8221; hover_enabled=&#8221;0&#8243; sticky_enabled=&#8221;0&#8243; custom_margin=&#8221;-24px|||||&#8221;]<\/p>\n<p style=\"text-align: center;\"><em>Planta\u00e7\u00e3o da minifloresta no Instituto Pupilos do Ex\u00e9rcito, em Lisboa<\/em><\/p>\n<p>[\/et_pb_text][\/et_pb_column][\/et_pb_row][et_pb_row admin_label=&#8221;row&#8221; _builder_version=&#8221;3.25&#8243; background_size=&#8221;initial&#8221; background_position=&#8221;top_left&#8221; background_repeat=&#8221;repeat&#8221;][et_pb_column type=&#8221;4_4&#8243; _builder_version=&#8221;3.25&#8243; custom_padding=&#8221;|||&#8221; custom_padding__hover=&#8221;|||&#8221;][et_pb_text admin_label=&#8221;Text&#8221; _builder_version=&#8221;4.9.3&#8243; background_size=&#8221;initial&#8221; background_position=&#8221;top_left&#8221; background_repeat=&#8221;repeat&#8221; hover_enabled=&#8221;0&#8243; sticky_enabled=&#8221;0&#8243;]<\/p>\n<p>Atividade inserida no projeto europeu &#8220;1Planet4All&#8221; implementado em Portugal pela VIDA com o financiamento da Uni\u00e3o Europeia (DEAR Programme) e do Cam\u00f5es, I.P.<\/p>\n<p>&nbsp;<\/p>\n<p>[\/et_pb_text][\/et_pb_column][\/et_pb_row][\/et_pb_section]<\/p>\n","protected":false},"excerpt":{"rendered":"<p>[et_pb_section fb_built=&#8221;1&#8243; admin_label=&#8221;section&#8221; _builder_version=&#8221;3.22&#8243;][et_pb_row admin_label=&#8221;row&#8221; _builder_version=&#8221;3.25&#8243; background_size=&#8221;initial&#8221; background_position=&#8221;top_left&#8221; background_repeat=&#8221;repeat&#8221;][et_pb_column type=&#8221;4_4&#8243; _builder_version=&#8221;3.25&#8243; custom_padding=&#8221;|||&#8221; custom_padding__hover=&#8221;|||&#8221;][et_pb_text admin_label=&#8221;Text&#8221; _builder_version=&#8221;4.9.3&#8243; background_size=&#8221;initial&#8221; background_position=&#8221;top_left&#8221; background_repeat=&#8221;repeat&#8221; hover_enabled=&#8221;0&#8243; sticky_enabled=&#8221;0&#8243;] Em quatro escolas secund\u00e1rias da \u00e1rea da Grande Lisboa, estamos a envolver toda a comunidade escolar na cria\u00e7\u00e3o de espa\u00e7os verdes resilientes &#8211; duas miniflorestas e duas hortas ecol\u00f3gicas &#8211; em contexto escolar. Alunos\/as, professores\/as [&hellip;]<\/p>\n","protected":false},"author":2,"featured_media":32009,"comment_status":"open","ping_status":"open","sticky":false,"template":"","format":"standard","meta":{"_et_pb_use_builder":"on","_et_pb_old_content":"Em quatro escolas secund\u00e1rias da \u00e1rea da Grande Lisboa, estamos a envolver toda a comunidade escolar na cria\u00e7\u00e3o de espa\u00e7os verdes resilientes - duas miniflorestas e duas hortas ecol\u00f3gicas - em contexto escolar. Alunos\/as, professores\/as e dire\u00e7\u00f5es escolares s\u00e3o envolvidos neste pequeno projeto local que pretende ser promotor da a\u00e7\u00e3o clim\u00e1tica e da biodiversidade urbana, mas, sobretudo, ser um espa\u00e7o inclusivo de aprendizagem, de aproxima\u00e7\u00e3o e que estimule valores como a coopera\u00e7\u00e3o, a uni\u00e3o, o respeito, a biodiversidade, a empatia, e uma maior consci\u00eancia ambiental e social.\r\n\r\nO trabalho com estas quatro escolas \u00e9 dinamizado pelo biol\u00f3go e dinamizador ambiental, Diogo Mendes, que acompanha de forma pr\u00f3xima e cont\u00ednua a transforma\u00e7\u00e3o destes espa\u00e7os e destas comunidades escolares.\r\n\r\n\u00a0","_et_gb_content_width":"","_monsterinsights_skip_tracking":false,"_monsterinsights_sitenote_active":false,"_monsterinsights_sitenote_note":"","_monsterinsights_sitenote_category":0,"footnotes":""},"categories":[32],"tags":[],"class_list":["post-32005","post","type-post","status-publish","format-standard","has-post-thumbnail","hentry","category-blogue"],"_links":{"self":[{"href":"https:\/\/vida.org.pt\/en\/wp-json\/wp\/v2\/posts\/32005","targetHints":{"allow":["GET"]}}],"collection":[{"href":"https:\/\/vida.org.pt\/en\/wp-json\/wp\/v2\/posts"}],"about":[{"href":"https:\/\/vida.org.pt\/en\/wp-json\/wp\/v2\/types\/post"}],"author":[{"embeddable":true,"href":"https:\/\/vida.org.pt\/en\/wp-json\/wp\/v2\/users\/2"}],"replies":[{"embeddable":true,"href":"https:\/\/vida.org.pt\/en\/wp-json\/wp\/v2\/comments?post=32005"}],"version-history":[{"count":3,"href":"https:\/\/vida.org.pt\/en\/wp-json\/wp\/v2\/posts\/32005\/revisions"}],"predecessor-version":[{"id":32019,"href":"https:\/\/vida.org.pt\/en\/wp-json\/wp\/v2\/posts\/32005\/revisions\/32019"}],"wp:featuredmedia":[{"embeddable":true,"href":"https:\/\/vida.org.pt\/en\/wp-json\/wp\/v2\/media\/32009"}],"wp:attachment":[{"href":"https:\/\/vida.org.pt\/en\/wp-json\/wp\/v2\/media?parent=32005"}],"wp:term":[{"taxonomy":"category","embeddable":true,"href":"https:\/\/vida.org.pt\/en\/wp-json\/wp\/v2\/categories?post=32005"},{"taxonomy":"post_tag","embeddable":true,"href":"https:\/\/vida.org.pt\/en\/wp-json\/wp\/v2\/tags?post=32005"}],"curies":[{"name":"wp","href":"https:\/\/api.w.org\/{rel}","templated":true}]}}