{"id":31883,"date":"2022-07-20T16:54:50","date_gmt":"2022-07-20T16:54:50","guid":{"rendered":"http:\/\/vida.org.pt\/?p=31883"},"modified":"2022-10-06T16:58:27","modified_gmt":"2022-10-06T16:58:27","slug":"30-anos-de-vida","status":"publish","type":"post","link":"https:\/\/vida.org.pt\/en\/30-anos-de-vida\/","title":{"rendered":"30 anos de VIDA"},"content":{"rendered":"<p>[et_pb_section fb_built=&#8221;1&#8243; admin_label=&#8221;section&#8221; _builder_version=&#8221;3.22&#8243; custom_padding=&#8221;19px|||||&#8221;][et_pb_row _builder_version=&#8221;4.9.3&#8243; _module_preset=&#8221;default&#8221; custom_padding=&#8221;0px|||||&#8221;][et_pb_column type=&#8221;4_4&#8243; _builder_version=&#8221;4.9.3&#8243; _module_preset=&#8221;default&#8221;][et_pb_image src=&#8221;http:\/\/vida.org.pt\/wp-content\/uploads\/2022\/07\/30-anos_final.jpg&#8221; title_text=&#8221;30 anos_final&#8221; _builder_version=&#8221;4.9.3&#8243; _module_preset=&#8221;default&#8221;][\/et_pb_image][\/et_pb_column][\/et_pb_row][et_pb_row _builder_version=&#8221;4.9.3&#8243; _module_preset=&#8221;default&#8221; custom_margin=&#8221;-22px|auto||auto||&#8221;][et_pb_column type=&#8221;4_4&#8243; _builder_version=&#8221;4.9.3&#8243; _module_preset=&#8221;default&#8221;][et_pb_testimonial author=&#8221;Raquel Abecasis&#8221; job_title=&#8221;Presidente do Conselho de Administra\u00e7\u00e3o&#8221; portrait_url=&#8221;http:\/\/vida.org.pt\/wp-content\/uploads\/2022\/10\/Raquel-Abecasis-1.jpg&#8221; _builder_version=&#8221;4.9.3&#8243; _module_preset=&#8221;default&#8221; body_font=&#8221;||||||||&#8221; body_font_size=&#8221;15px&#8221; body_line_height=&#8221;1.7em&#8221; custom_padding=&#8221;||16px|||&#8221; hover_enabled=&#8221;0&#8243; sticky_enabled=&#8221;0&#8243; title_text=&#8221;Raquel Abecasis&#8221;]<\/p>\n<p><strong>Na VIDA trabalha-se com a raz\u00e3o e o cora\u00e7\u00e3o. S\u00e3o fatores indispens\u00e1veis no curr\u00edculo dos seus dirigentes e colaboradores. Hoje, juntaram-se \u00e0 fam\u00edlia que a Luz iniciou muitas pessoas. T\u00eam muitas nacionalidades, est\u00e3o em Lisboa, em Mo\u00e7ambique e na Guin\u00e9. Est\u00e3o na escola, no campo, nos centros de sa\u00fade e nos hospitais. N\u00e3o est\u00e3o na capa dos jornais, mas est\u00e3o nas cidades e nas aldeias a construir passo a passo o futuro das comunidades, para que estas possam ajudar outras no mesmo caminho, juntando-se assim a esta grande fam\u00edlia.<\/strong><\/p>\n<p>[\/et_pb_testimonial][\/et_pb_column][\/et_pb_row][et_pb_row _builder_version=&#8221;4.9.3&#8243; _module_preset=&#8221;default&#8221; custom_padding=&#8221;0px|||||&#8221;][et_pb_column _builder_version=&#8221;4.9.3&#8243; _module_preset=&#8221;default&#8221; type=&#8221;4_4&#8243;][et_pb_accordion _builder_version=&#8221;4.9.3&#8243; _module_preset=&#8221;default&#8221; hover_enabled=&#8221;0&#8243; sticky_enabled=&#8221;0&#8243; body_font_size=&#8221;15px&#8221; body_line_height=&#8221;1.7em&#8221; custom_margin=&#8221;||40px|||&#8221;][et_pb_accordion_item title=&#8221;Testemunho de Raquel Abecasis&#8221; _builder_version=&#8221;4.9.3&#8243; _module_preset=&#8221;default&#8221; open=&#8221;on&#8221; hover_enabled=&#8221;0&#8243; sticky_enabled=&#8221;0&#8243;]<\/p>\n<p>Passaram 30 anos desde aquele dia, de que me lembro como se fosse ontem, em que a Luz Vasconcelos e Sousa me disse com aquela urg\u00eancia e entusiasmo que a caracterizavam sempre que intu\u00eda qual era o seu caminho: \u201cO Papa chegou a Portugal e a primeira coisa que nos disse foi \u00abPortugal convoco-te para a miss\u00e3o\u00bb, temos que levar isto a s\u00e9rio!\u201d Est\u00e1vamos em maio de 1991. A Luz levou a s\u00e9rio a convocat\u00f3ria de Jo\u00e3o Paulo II. Sentiu-se convocada e convocou outros para a acompanharem na primeira miss\u00e3o em Mo\u00e7ambique. Em agosto de 1992 partiu com um grupo de jovens para a Casa do Gaiato em Mo\u00e7ambique, depois de um ano de prepara\u00e7\u00e3o. Objetivo: construir uma escola para as dezenas de crian\u00e7as acolhidas na Casa do Gaiato, na aldeia da Massaca. Foi uma primeira miss\u00e3o que correu bem, mas que deixou a Luz com vontade de fazer mais e melhor.<\/p>\n<p>Os \u00faltimos 30 anos s\u00e3o a hist\u00f3ria dessa busca por fazer a diferen\u00e7a numa realidade concreta em que muitos tocam, mas n\u00e3o deixam marca. O mundo das ONGD \u00e9 complexo, variado e tem muitas realidades. Ao longo dos anos, a VIDA ocupou-se inteiramente a mudar a vida de pessoas e comunidades. Mais do que a visibilidade, o seu foco esteve sempre na efic\u00e1cia e nos resultados, devidamente estudados e medidos, para corrigir erros e melhorar processos. Este foi o ponto de partida da Luz que cedo percebeu que a tarefa exigia estar no terreno a trabalhar e a dialogar em perman\u00eancia com as pessoas. S\u00f3 esta conviv\u00eancia permite entender as necessidades e encontrar as respostas adequadas. E para conviver \u00e9 preciso estar, por isso uma das marcas da VIDA \u00e9 trabalhar a longo prazo e n\u00e3o nas respostas de curto prazo.<\/p>\n<p>Nos primeiros 19 anos da VIDA acompanhei a Luz nesta descoberta da sua voca\u00e7\u00e3o que se confundiu sempre com a miss\u00e3o da institui\u00e7\u00e3o que fundou. Assisti \u00e0s suas d\u00favidas e inquieta\u00e7\u00f5es. Discuti com ela m\u00e9todos e solu\u00e7\u00f5es. Vi como foi juntando outros ao projeto e como trabalhou com todos n\u00e3o numa l\u00f3gica hier\u00e1rquica ou burocr\u00e1tica, mas seguindo o seu m\u00e9todo: entregando-se toda a uma tarefa que \u00e9 muito mais do que um trabalho. Esta mesma entrega exigiu-a aos que se juntaram a ela. Foi assim que a miss\u00e3o e voca\u00e7\u00e3o deixaram de ser s\u00f3 suas e passaram a ser de todos os que trabalham na VIDA e que a mant\u00eam, 30 anos depois, como uma ONGD \u00fanica no panorama nacional e com um trabalho \u00edmpar e cont\u00ednuo ao longo dos anos, junto das comunidades de Mo\u00e7ambique e da Guin\u00e9.<\/p>\n<p>Na VIDA trabalha-se com a raz\u00e3o e o cora\u00e7\u00e3o. S\u00e3o fatores indispens\u00e1veis no curr\u00edculo dos seus dirigentes e colaboradores. Hoje, juntaram-se \u00e0 fam\u00edlia que a Luz iniciou muitas pessoas. T\u00eam muitas nacionalidades, est\u00e3o em Lisboa, em Mo\u00e7ambique e na Guin\u00e9. Est\u00e3o na escola, no campo, nos centros de sa\u00fade e nos hospitais. N\u00e3o est\u00e3o na capa dos jornais, mas est\u00e3o nas cidades e nas aldeias a construir passo a passo o futuro das comunidades, para que estas possam ajudar outras no mesmo caminho, juntando-se assim a esta grande fam\u00edlia. Os resultados do trabalho da VIDA est\u00e3o \u00e0 vista no terreno e s\u00e3o reconhecidos por governos, organiza\u00e7\u00f5es nacionais e internacionais e pela academia. A VIDA tornou-se imortal. Se for fiel \u00e0s suas origens continuar\u00e1 a deixar marcas muito para al\u00e9m da vida dos que a iniciaram.<\/p>\n<p>Como balan\u00e7o destes 30 anos posso dizer que aquela frase de Jo\u00e3o Paulo II quando aterrou em Portugal encontrou terra f\u00e9rtil, lan\u00e7ou sementes e as sementes deram bom fruto. Obrigado \u00e0 Luz, \u00e0 Ana e \u00e0 Patr\u00edcia e atrav\u00e9s delas a toda a fam\u00edlia VIDA que t\u00e3o bem tem feito o trabalho iniciado num certo m\u00eas de maio em 1991.<\/p>\n<p>[\/et_pb_accordion_item][\/et_pb_accordion][et_pb_divider color=&#8221;#b5b5b5&#8243; divider_weight=&#8221;2px&#8221; _builder_version=&#8221;4.9.3&#8243; _module_preset=&#8221;default&#8221;][\/et_pb_divider][et_pb_testimonial author=&#8221;Pedro Vicente&#8221; job_title=&#8221;Professor NOVAFRICA &#8211; Nova SBE&#8221; portrait_url=&#8221;http:\/\/vida.org.pt\/wp-content\/uploads\/2022\/10\/MG_7109-2-1.jpg&#8221; _builder_version=&#8221;4.9.3&#8243; _module_preset=&#8221;default&#8221; body_font=&#8221;||||||||&#8221; body_font_size=&#8221;15px&#8221; body_line_height=&#8221;1.7em&#8221; custom_padding=&#8221;||16px|||&#8221; hover_enabled=&#8221;0&#8243; sticky_enabled=&#8221;0&#8243; title_text=&#8221;_MG_7109 (2)&#8221; company_name=&#8221;Universidade Nova de Lisboa&#8221; custom_margin=&#8221;22px|||||&#8221;]<\/p>\n<p><strong>Nestes 11 anos de colabora\u00e7\u00e3o tive a felicidade de testemunhar algumas caracter\u00edsticas \u00edmpares, que fazem da VIDA uma organiza\u00e7\u00e3o especial. Em primeiro lugar, a VIDA tem um esp\u00edrito de miss\u00e3o \u00edmpar que alia a um horizonte de a\u00e7\u00e3o de longo prazo junto das suas popula\u00e7\u00f5es alvo. O resultado \u00e9 um conhecimento profundo dos contextos onde atua e um impacto \u00f3bvio no desenvolvimento dessas comunidades. A VIDA \u00e9 uma organiza\u00e7\u00e3o altamente bem-sucedida naquilo que \u00e9 o seu objetivo central, o desenvolvimento na Guin\u00e9-Bissau e em Mo\u00e7ambique.<\/strong><\/p>\n<p>[\/et_pb_testimonial][et_pb_accordion _builder_version=&#8221;4.9.3&#8243; _module_preset=&#8221;default&#8221; hover_enabled=&#8221;0&#8243; sticky_enabled=&#8221;0&#8243; body_font_size=&#8221;15px&#8221; body_line_height=&#8221;1.7em&#8221;][et_pb_accordion_item title=&#8221;Testemunho de Pedro Vicente&#8221; _builder_version=&#8221;4.9.3&#8243; _module_preset=&#8221;default&#8221; open=&#8221;on&#8221; hover_enabled=&#8221;0&#8243; sticky_enabled=&#8221;0&#8243;]<\/p>\n<p>\u00c9 com enorme satisfa\u00e7\u00e3o e honra que redijo estas palavras por ocasi\u00e3o do 30\u00ba anivers\u00e1rio da ONG VIDA. Conheci a VIDA em finais de 2011 num encontro de ONGs e investigadores na Gulbenkian, pouco depois da minha chegada como professor universit\u00e1rio a Portugal. Desde esse momento, tem sido uma hist\u00f3ria bem-aventurada de colabora\u00e7\u00e3o entre uma ONG com um trabalho de desenvolvimento absolutamente \u00fanico na Guin\u00e9-Bissau e em Mo\u00e7ambique, e o nosso centro de investiga\u00e7\u00e3o NOVAFRICA da Nova SBE na Universidade Nova de Lisboa. Nestes 11 anos de colabora\u00e7\u00e3o tive a felicidade de testemunhar algumas caracter\u00edsticas \u00edmpares, que fazem da VIDA uma organiza\u00e7\u00e3o especial.<\/p>\n<p>Em primeiro lugar, a VIDA tem um esp\u00edrito de miss\u00e3o \u00edmpar que alia a um horizonte de a\u00e7\u00e3o de longo prazo junto das suas popula\u00e7\u00f5es alvo. O resultado \u00e9 um conhecimento profundo dos contextos onde atua e um impacto \u00f3bvio no desenvolvimento dessas comunidades. A VIDA \u00e9 uma organiza\u00e7\u00e3o altamente bem-sucedida naquilo que \u00e9 o seu objetivo central, o desenvolvimento na Guin\u00e9-Bissau e em Mo\u00e7ambique.<\/p>\n<p>Em segundo lugar, as pessoas que comp\u00f5em e gerem a VIDA s\u00e3o de facto pessoas especiais. S\u00e3o pessoas altamente dedicadas e de uma seriedade desarmante. Tive oportunidade de testemunhar por diversas ocasi\u00f5es que para as pessoas da VIDA primeiro est\u00e1 o objetivo da organiza\u00e7\u00e3o e s\u00f3 depois a sobreviv\u00eancia da pr\u00f3pria organiza\u00e7\u00e3o. A VIDA lida com e depende de um conjunto de institui\u00e7\u00f5es de ajuda ao desenvolvimento extremamente burocr\u00e1tico onde as contradi\u00e7\u00f5es s\u00e3o permanentes. A VIDA n\u00e3o tem d\u00favidas: ela d\u00e1, de facto, a vida pelo desenvolvimento das comunidades onde atua. Poucos est\u00e3o preparados para o fazer.<\/p>\n<p>Em terceiro lugar, e a\u00ed falo como acad\u00e9mico, a VIDA tem uma f\u00e9 cristalina no conhecimento cient\u00edfico. A VIDA percebe que a ci\u00eancia \u00e9 um dos melhores guias de a\u00e7\u00e3o em termos de pol\u00edticas p\u00fablicas: a evid\u00eancia concreta, recolhida junto das popula\u00e7\u00f5es alvo, estatisticamente fi\u00e1vel quando poss\u00edvel, constitui uma base s\u00f3lida para decidir o que fazer e como fazer. A VIDA entende tamb\u00e9m que o impacto que pode ter no longo prazo depende da estrutura\u00e7\u00e3o cient\u00edfica do enorme conhecimento que gera com a sua atividade.<\/p>\n<p>Pela parte que me toca e na medida das minhas muitas limita\u00e7\u00f5es sinto permanentemente uma grande responsabilidade em corresponder \u00e0s expectativas geradas por essa f\u00e9 cristalina da VIDA na ci\u00eancia. Gostaria de enfim congratular a VIDA por estes magn\u00edficos 30 anos de atividade. E de dizer que tamb\u00e9m eu tenho uma f\u00e9 cristalina, em v\u00f3s e na vossa a\u00e7\u00e3o!<\/p>\n<p>[\/et_pb_accordion_item][\/et_pb_accordion][\/et_pb_column][\/et_pb_row][et_pb_row admin_label=&#8221;row&#8221; _builder_version=&#8221;4.9.3&#8243; background_size=&#8221;initial&#8221; background_position=&#8221;top_left&#8221; background_repeat=&#8221;repeat&#8221; custom_padding=&#8221;14px|||||&#8221;][et_pb_column type=&#8221;4_4&#8243; _builder_version=&#8221;3.25&#8243; custom_padding=&#8221;|||&#8221; custom_padding__hover=&#8221;|||&#8221;][et_pb_divider color=&#8221;#b5b5b5&#8243; divider_weight=&#8221;2px&#8221; _builder_version=&#8221;4.9.3&#8243; _module_preset=&#8221;default&#8221;][\/et_pb_divider][et_pb_testimonial author=&#8221;Ana Gaspar Nunes&#8221; job_title=&#8221;Diretora Executiva&#8221; portrait_url=&#8221;http:\/\/vida.org.pt\/wp-content\/uploads\/2016\/11\/Ana-Gaspar-Nunes.jpg&#8221; _builder_version=&#8221;4.9.3&#8243; _module_preset=&#8221;default&#8221; body_font=&#8221;||||||||&#8221; body_font_size=&#8221;15px&#8221; body_line_height=&#8221;1.7em&#8221; custom_padding=&#8221;||16px|||&#8221; hover_enabled=&#8221;0&#8243; sticky_enabled=&#8221;0&#8243; custom_margin=&#8221;20px|||||&#8221;]<\/p>\n<p><strong>Parab\u00e9ns \u00e0 VIDA, a todas as pessoas que connosco t\u00eam trabalhado ao longo destes 30 anos \u2013 na Guin\u00e9-Bissau, em Mo\u00e7ambique e em Portugal. Sem voc\u00eas n\u00e3o tinha sido poss\u00edvel. Continuemos por mais 30 anos \u201ca semear, mesmo naquele peda\u00e7o de terra mais arenoso, na certeza de que algo h\u00e1-de florir.\u201d<\/strong><\/p>\n<p>[\/et_pb_testimonial][\/et_pb_column][\/et_pb_row][et_pb_row _builder_version=&#8221;4.9.3&#8243; _module_preset=&#8221;default&#8221; custom_padding=&#8221;16px|||||&#8221;][et_pb_column type=&#8221;4_4&#8243; _builder_version=&#8221;4.9.3&#8243; _module_preset=&#8221;default&#8221;][et_pb_accordion _builder_version=&#8221;4.9.3&#8243; _module_preset=&#8221;default&#8221; hover_enabled=&#8221;0&#8243; sticky_enabled=&#8221;0&#8243; body_font_size=&#8221;15px&#8221; body_line_height=&#8221;1.7em&#8221;][et_pb_accordion_item title=&#8221;Testemunho de Ana Gaspar Nunes&#8221; _builder_version=&#8221;4.9.3&#8243; _module_preset=&#8221;default&#8221; open=&#8221;on&#8221; hover_enabled=&#8221;0&#8243; sticky_enabled=&#8221;0&#8243;]<\/p>\n<p>H\u00e1 30 anos, a VIDA nascia de um gesto de amor para com o Pr\u00f3ximo, de um apelo de Sua Santidade Jo\u00e3o Paulo II para partir em miss\u00e3o para \u00c1frica. Uma jovem ouviu-O e partiu. Regressou com um sonho maior que o seu cora\u00e7\u00e3o, um sonho que se tornou uma obra na qual os que participam dedicam a sua vida a mudar outras vidas.<\/p>\n<p>Eu cheguei \u00e0 VIDA em 1997, 5 anos depois, mas aqui encontrei o meu lugar, a minha miss\u00e3o no mundo dos \u201cinvis\u00edveis\u201d. Desde cedo apercebi-me que n\u00e3o mud\u00e1vamos o mundo, mas a forma de estarmos e ouvirmos os outros, de entrega e partilha m\u00fatua, permitia uma mudan\u00e7a maior. A sua consci\u00eancia de Pessoa, de ser livre faria toda a diferen\u00e7a no papel que desempenhariam na sua vida a partir daquele momento. \u00c9 precisamente esta a ess\u00eancia de cada projeto da VIDA: a Pessoa e sua mudan\u00e7a no mundo e para o mundo.<\/p>\n<p>30 anos de um caminho conjunto de partilha, de dedica\u00e7\u00e3o, de amor, de amizade e de respeito que me realiza todos e cada dia da minha vida. Trabalhamos h\u00e1 30 anos com os mais vulner\u00e1veis dos mais vulner\u00e1veis, com os \u201cinvis\u00edveis\u201d, com aqueles que desejam fazer a diferen\u00e7a nas suas vidas e nas comunidades onde nasceram e vivem at\u00e9 hoje. \u00c9 preciso continuar a \u201ctrazer estas pessoas para o mundo\u201d, dar-lhes voz, dar-lhes o poder de decidir enquanto cidad\u00e3os do mundo e de participar ativamente nas suas comunidades.<\/p>\n<p>[\/et_pb_accordion_item][\/et_pb_accordion][et_pb_divider color=&#8221;#b5b5b5&#8243; divider_weight=&#8221;2px&#8221; _builder_version=&#8221;4.9.3&#8243; _module_preset=&#8221;default&#8221; custom_margin=&#8221;40px|||||&#8221;][\/et_pb_divider][\/et_pb_column][\/et_pb_row][et_pb_row _builder_version=&#8221;4.9.3&#8243; _module_preset=&#8221;default&#8221;][et_pb_column type=&#8221;4_4&#8243; _builder_version=&#8221;4.9.3&#8243; _module_preset=&#8221;default&#8221;][et_pb_testimonial author=&#8221;Ol\u00e1lio Trindade&#8221; job_title=&#8221;Representante VIDA na Guin\u00e9-Bissau&#8221; portrait_url=&#8221;http:\/\/vida.org.pt\/wp-content\/uploads\/2021\/01\/Olalio_foto-site.png&#8221; _builder_version=&#8221;4.9.3&#8243; _module_preset=&#8221;default&#8221; body_font=&#8221;||||||||&#8221; body_font_size=&#8221;15px&#8221; body_line_height=&#8221;1.7em&#8221; custom_margin=&#8221;-20px|||||&#8221; custom_padding=&#8221;||16px|||&#8221;]<\/p>\n<p><strong>Como o nome fala por si mesmo: \u201cVIDA\u201d. \u00c9 cuidado, zelo, \u00e9 ver as necessidades mais urgentes, dar possibilidades, contornar e solucionar problemas. \u00c9 fazer a vida valer a pena.<\/strong><\/p>\n<p>[\/et_pb_testimonial][\/et_pb_column][\/et_pb_row][et_pb_row _builder_version=&#8221;4.9.3&#8243; _module_preset=&#8221;default&#8221;][et_pb_column type=&#8221;4_4&#8243; _builder_version=&#8221;4.9.3&#8243; _module_preset=&#8221;default&#8221;][et_pb_accordion _builder_version=&#8221;4.9.3&#8243; _module_preset=&#8221;default&#8221; hover_enabled=&#8221;0&#8243; sticky_enabled=&#8221;0&#8243; body_font_size=&#8221;15px&#8221; body_line_height=&#8221;1.7em&#8221;][et_pb_accordion_item title=&#8221;Testemunho de Ol\u00e1lio Trindade&#8221; _builder_version=&#8221;4.9.3&#8243; _module_preset=&#8221;default&#8221; open=&#8221;on&#8221; hover_enabled=&#8221;0&#8243; sticky_enabled=&#8221;0&#8243;]<\/p>\n<p>Sou Ol\u00e1lio Neves de Trindade, representante da ONG VIDA na Guin\u00e9-Bissau. J\u00e1 faz muitos anos que trabalho nessa organiza\u00e7\u00e3o. A minha grande satisfa\u00e7\u00e3o e gratid\u00e3o por fazer parte dessa fam\u00edlia como um colaborador \u00e9 um privil\u00e9gio. O maior ativo de uma organiza\u00e7\u00e3o s\u00e3o os seus colaboradores. Essa m\u00e1xima se comprova no dia a dia, em desenvolver trabalhos que visam atingir metas tra\u00e7adas pelo objeto de cada projeto. Os profissionais da VIDA s\u00e3o de alto desempenho que encaram cada projeto como um grande desafio corporativo de poderem trabalhar em equipa.<\/p>\n<p>Ent\u00e3o, para mim, trabalhar na ONG VIDA \u00e9 trabalhar numa equipa de alta performance que tem compet\u00eancias e habilidades que geram resultados aliados aos objetivos e metas definidas pela organiza\u00e7\u00e3o, al\u00e9m dos in\u00fameros benef\u00edcios a longo prazo. Para atingi-los, a meu ver l\u00edderes e gestores est\u00e3o sempre orientados por dados, boas estrat\u00e9gias de desenvolvimento profissional e ferramentas para mensurar o desempenho individual de cada um.<\/p>\n<p>Mas, como dar conta desse projeto na pr\u00e1tica? J\u00e1 s\u00e3o 30 anos de exist\u00eancia dessa organiza\u00e7\u00e3o, com isso quero mencionar aqui o cuidado e o tempo, que s\u00e3o os pilares centrais da exist\u00eancia de uma organiza\u00e7\u00e3o, quando essa se importa na forma\u00e7\u00e3o de uma equipe de alta performance, e devem ser investidos na escolha de cada componente do grupo. A VIDA d\u00e1 esse suporte e estrutura\u00e7\u00e3o da equipa, e tem as medidas para manter essa estabilidade. Assim me sinto trabalhando na ONG VIDA na Guin\u00e9-Bissau.<\/p>\n<p>[\/et_pb_accordion_item][\/et_pb_accordion][et_pb_divider color=&#8221;#b5b5b5&#8243; divider_weight=&#8221;2px&#8221; _builder_version=&#8221;4.9.3&#8243; _module_preset=&#8221;default&#8221; custom_margin=&#8221;41px|||||&#8221;][\/et_pb_divider][\/et_pb_column][\/et_pb_row][et_pb_row admin_label=&#8221;row&#8221; _builder_version=&#8221;3.25&#8243; background_size=&#8221;initial&#8221; background_position=&#8221;top_left&#8221; background_repeat=&#8221;repeat&#8221; custom_padding=&#8221;2px||0px|||&#8221;][et_pb_column type=&#8221;4_4&#8243; _builder_version=&#8221;3.25&#8243; custom_padding=&#8221;|||&#8221; custom_padding__hover=&#8221;|||&#8221;][et_pb_testimonial author=&#8221;Sara Sangareau&#8221; job_title=&#8221;Representante VIDA em Mo\u00e7ambique&#8221; portrait_url=&#8221;http:\/\/vida.org.pt\/wp-content\/uploads\/2016\/11\/SNS.jpg&#8221; _builder_version=&#8221;4.9.3&#8243; _module_preset=&#8221;default&#8221; body_font=&#8221;||||||||&#8221; body_font_size=&#8221;15px&#8221; body_line_height=&#8221;1.7em&#8221; custom_margin=&#8221;-3px|||||&#8221; custom_padding=&#8221;||16px|||&#8221;]<\/p>\n<p><strong>Uma organiza\u00e7\u00e3o que se preocupa em inovar, muitas vezes nos percursos mais dif\u00edceis, para beneficiar as fam\u00edlias rurais isoladas.<\/strong><\/p>\n<p>[\/et_pb_testimonial][et_pb_text admin_label=&#8221;Text&#8221; _builder_version=&#8221;4.9.3&#8243; text_font_size=&#8221;16px&#8221; background_size=&#8221;initial&#8221; background_position=&#8221;top_left&#8221; background_repeat=&#8221;repeat&#8221; custom_margin=&#8221;-16px||32px|||&#8221; custom_padding=&#8221;33px|||||&#8221;]<\/p>\n<p>Para mim, tem sido um privil\u00e9gio trabalhar na VIDA durante os\u00a0\u00faltimos anos. Uma organiza\u00e7\u00e3o consolidada e focada no compromisso que estabelece com as pessoas e institui\u00e7\u00f5es parceiras. Uma organiza\u00e7\u00e3o que se preocupa em inovar, muitas vezes nos percursos mais dif\u00edceis, para beneficiar as fam\u00edlias rurais isoladas.\u00a0Esse esfor\u00e7o traz-lhe reconhecimento em Mo\u00e7ambique.<\/p>\n<p>\u00a0A VIDA \u00e9 isso: s\u00e3o (as) pessoas e no terreno caminhamos juntos para encontrar e testar solu\u00e7\u00f5es que beneficiem as pessoas e que contribuam para futuros mais pr\u00f3speros.<\/p>\n<p>[\/et_pb_text][\/et_pb_column][\/et_pb_row][et_pb_row _builder_version=&#8221;4.9.3&#8243; _module_preset=&#8221;default&#8221; custom_margin=&#8221;|auto|-80px|auto||&#8221;][et_pb_column type=&#8221;4_4&#8243; _builder_version=&#8221;4.9.3&#8243; _module_preset=&#8221;default&#8221;][et_pb_divider color=&#8221;#b5b5b5&#8243; divider_weight=&#8221;2px&#8221; _builder_version=&#8221;4.9.3&#8243; _module_preset=&#8221;default&#8221; custom_margin=&#8221;50px||-22px|||&#8221; custom_padding=&#8221;||38px|||&#8221;][\/et_pb_divider][\/et_pb_column][\/et_pb_row][\/et_pb_section][et_pb_section fb_built=&#8221;1&#8243; _builder_version=&#8221;4.9.3&#8243; _module_preset=&#8221;default&#8221; custom_padding=&#8221;0px|||||&#8221;][et_pb_row _builder_version=&#8221;4.9.3&#8243; _module_preset=&#8221;default&#8221;][et_pb_column type=&#8221;4_4&#8243; _builder_version=&#8221;4.9.3&#8243; _module_preset=&#8221;default&#8221;][et_pb_video src=&#8221;https:\/\/www.youtube.com\/watch?v=Hi8BVjFE_aA&#8221; _builder_version=&#8221;4.9.3&#8243; _module_preset=&#8221;default&#8221;][\/et_pb_video][\/et_pb_column][\/et_pb_row][\/et_pb_section]<\/p>\n","protected":false},"excerpt":{"rendered":"<p>[et_pb_section fb_built=&#8221;1&#8243; admin_label=&#8221;section&#8221; _builder_version=&#8221;3.22&#8243; custom_padding=&#8221;19px|||||&#8221;][et_pb_row _builder_version=&#8221;4.9.3&#8243; _module_preset=&#8221;default&#8221; custom_padding=&#8221;0px|||||&#8221;][et_pb_column type=&#8221;4_4&#8243; _builder_version=&#8221;4.9.3&#8243; _module_preset=&#8221;default&#8221;][et_pb_image src=&#8221;http:\/\/vida.org.pt\/wp-content\/uploads\/2022\/07\/30-anos_final.jpg&#8221; title_text=&#8221;30 anos_final&#8221; _builder_version=&#8221;4.9.3&#8243; _module_preset=&#8221;default&#8221;][\/et_pb_image][\/et_pb_column][\/et_pb_row][et_pb_row _builder_version=&#8221;4.9.3&#8243; _module_preset=&#8221;default&#8221; custom_margin=&#8221;-22px|auto||auto||&#8221;][et_pb_column type=&#8221;4_4&#8243; _builder_version=&#8221;4.9.3&#8243; _module_preset=&#8221;default&#8221;][et_pb_testimonial author=&#8221;Raquel Abecasis&#8221; job_title=&#8221;Presidente do Conselho de Administra\u00e7\u00e3o&#8221; portrait_url=&#8221;http:\/\/vida.org.pt\/wp-content\/uploads\/2022\/10\/Raquel-Abecasis-1.jpg&#8221; _builder_version=&#8221;4.9.3&#8243; _module_preset=&#8221;default&#8221; body_font=&#8221;||||||||&#8221; body_font_size=&#8221;15px&#8221; body_line_height=&#8221;1.7em&#8221; custom_padding=&#8221;||16px|||&#8221; hover_enabled=&#8221;0&#8243; sticky_enabled=&#8221;0&#8243; title_text=&#8221;Raquel Abecasis&#8221;] Na VIDA trabalha-se com a raz\u00e3o e o cora\u00e7\u00e3o. S\u00e3o fatores indispens\u00e1veis no curr\u00edculo dos [&hellip;]<\/p>\n","protected":false},"author":2,"featured_media":0,"comment_status":"open","ping_status":"open","sticky":false,"template":"","format":"standard","meta":{"_et_pb_use_builder":"on","_et_pb_old_content":"H\u00e1 30 anos, a VIDA nascia de um gesto de amor para com o Pr\u00f3ximo, de um apelo de Sua Santidade Jo\u00e3o Paulo II para partir em miss\u00e3o para \u00c1frica ... uma jovem ouviu-O e partiu. Regressou com um sonho maior que o seu cora\u00e7\u00e3o, um sonho que se tornou uma obra na qual os que participam dedicam a sua vida a mudar outras vidas.\r\n\r\nEu cheguei \u00e0 VIDA em 1997, 5 anos depois, mas aqui encontrei o meu lugar, a minha miss\u00e3o no mundo dos \u201cinvis\u00edveis\u201d.\r\nDesde cedo apercebi-me que n\u00e3o mud\u00e1vamos o mundo, mas a forma de estarmos e ouvirmos os outros, de entrega e partilha m\u00fatua, permitia uma mudan\u00e7a maior. A sua consci\u00eancia de Pessoa, de ser livre faria toda a diferen\u00e7a no papel que desempenhariam na sua vida a partir daquele momento. \u00c9 precisamente esta a ess\u00eancia de cada projeto da VIDA: a Pessoa e sua mudan\u00e7a no mundo e para o mundo.\r\n\r\n30 anos de um caminho conjunto de partilha, de dedica\u00e7\u00e3o, de amor, de amizade e de respeito que me realiza todos e cada dia da minha vida.\r\nTrabalhamos h\u00e1 30 anos com os mais vulner\u00e1veis dos mais vulner\u00e1veis, com os \u201cinvis\u00edveis\u201d, com aqueles que desejam fazer a diferen\u00e7a nas suas vidas e nas comunidades onde nasceram e vivem at\u00e9 hoje. \u00c9 preciso continuar a \u201ctrazer estas pessoas para o mundo\u201d, dar-lhes voz, dar-lhes o poder de decidir enquanto cidad\u00e3os do mundo e de participar ativamente nas suas comunidades.\r\nParab\u00e9ns \u00e0 VIDA, a todas as pessoas que connosco t\u00eam trabalhado ao logo destes 30 anos \u2013 na Guin\u00e9-Bissau, em Mo\u00e7ambique e em Portugal. Sem voc\u00eas n\u00e3o tinha sido poss\u00edvel. Continuemos, por mais 30 anos, \u201ca semear, mesmo naquele peda\u00e7o de terra mais arenoso, na certeza de que algo h\u00e1-de florir.\u201d","_et_gb_content_width":"","_monsterinsights_skip_tracking":false,"_monsterinsights_sitenote_active":false,"_monsterinsights_sitenote_note":"","_monsterinsights_sitenote_category":0,"footnotes":""},"categories":[1],"tags":[],"class_list":["post-31883","post","type-post","status-publish","format-standard","hentry","category-sem-categoria"],"_links":{"self":[{"href":"https:\/\/vida.org.pt\/en\/wp-json\/wp\/v2\/posts\/31883","targetHints":{"allow":["GET"]}}],"collection":[{"href":"https:\/\/vida.org.pt\/en\/wp-json\/wp\/v2\/posts"}],"about":[{"href":"https:\/\/vida.org.pt\/en\/wp-json\/wp\/v2\/types\/post"}],"author":[{"embeddable":true,"href":"https:\/\/vida.org.pt\/en\/wp-json\/wp\/v2\/users\/2"}],"replies":[{"embeddable":true,"href":"https:\/\/vida.org.pt\/en\/wp-json\/wp\/v2\/comments?post=31883"}],"version-history":[{"count":6,"href":"https:\/\/vida.org.pt\/en\/wp-json\/wp\/v2\/posts\/31883\/revisions"}],"predecessor-version":[{"id":31937,"href":"https:\/\/vida.org.pt\/en\/wp-json\/wp\/v2\/posts\/31883\/revisions\/31937"}],"wp:attachment":[{"href":"https:\/\/vida.org.pt\/en\/wp-json\/wp\/v2\/media?parent=31883"}],"wp:term":[{"taxonomy":"category","embeddable":true,"href":"https:\/\/vida.org.pt\/en\/wp-json\/wp\/v2\/categories?post=31883"},{"taxonomy":"post_tag","embeddable":true,"href":"https:\/\/vida.org.pt\/en\/wp-json\/wp\/v2\/tags?post=31883"}],"curies":[{"name":"wp","href":"https:\/\/api.w.org\/{rel}","templated":true}]}}