{"id":31831,"date":"2022-06-23T13:46:13","date_gmt":"2022-06-23T13:46:13","guid":{"rendered":"http:\/\/vida.org.pt\/?p=31831"},"modified":"2022-06-23T13:58:41","modified_gmt":"2022-06-23T13:58:41","slug":"lancamento-oficial-do-projeto-de-acao-social-na-provincia-de-maputo","status":"publish","type":"post","link":"https:\/\/vida.org.pt\/en\/lancamento-oficial-do-projeto-de-acao-social-na-provincia-de-maputo\/","title":{"rendered":"Projeto de A\u00e7\u00e3o Social na prov\u00edncia de Maputo \u00e9 oficialmente lan\u00e7ado pela Secret\u00e1ria de Estado da prov\u00edncia"},"content":{"rendered":"<p>[et_pb_section fb_built=&#8221;1&#8243; admin_label=&#8221;section&#8221; _builder_version=&#8221;3.22&#8243; custom_padding=&#8221;||14px|||&#8221;][et_pb_row admin_label=&#8221;row&#8221; _builder_version=&#8221;3.25&#8243; background_size=&#8221;initial&#8221; background_position=&#8221;top_left&#8221; background_repeat=&#8221;repeat&#8221;][et_pb_column type=&#8221;4_4&#8243; _builder_version=&#8221;3.25&#8243; custom_padding=&#8221;|||&#8221; custom_padding__hover=&#8221;|||&#8221;][et_pb_text _builder_version=&#8221;4.9.3&#8243; text_font_size=&#8221;15px&#8221; background_size=&#8221;initial&#8221; background_position=&#8221;top_left&#8221; background_repeat=&#8221;repeat&#8221; vertical_offset_tablet=&#8221;0&#8243; horizontal_offset_tablet=&#8221;0&#8243; custom_margin=&#8221;-51px|||||&#8221; hover_enabled=&#8221;0&#8243; z_index_tablet=&#8221;0&#8243; text_text_shadow_horizontal_length_tablet=&#8221;0px&#8221; text_text_shadow_vertical_length_tablet=&#8221;0px&#8221; text_text_shadow_blur_strength_tablet=&#8221;1px&#8221; link_text_shadow_horizontal_length_tablet=&#8221;0px&#8221; link_text_shadow_vertical_length_tablet=&#8221;0px&#8221; link_text_shadow_blur_strength_tablet=&#8221;1px&#8221; ul_text_shadow_horizontal_length_tablet=&#8221;0px&#8221; ul_text_shadow_vertical_length_tablet=&#8221;0px&#8221; ul_text_shadow_blur_strength_tablet=&#8221;1px&#8221; ol_text_shadow_horizontal_length_tablet=&#8221;0px&#8221; ol_text_shadow_vertical_length_tablet=&#8221;0px&#8221; ol_text_shadow_blur_strength_tablet=&#8221;1px&#8221; quote_text_shadow_horizontal_length_tablet=&#8221;0px&#8221; quote_text_shadow_vertical_length_tablet=&#8221;0px&#8221; quote_text_shadow_blur_strength_tablet=&#8221;1px&#8221; header_text_shadow_horizontal_length_tablet=&#8221;0px&#8221; header_text_shadow_vertical_length_tablet=&#8221;0px&#8221; header_text_shadow_blur_strength_tablet=&#8221;1px&#8221; header_2_text_shadow_horizontal_length_tablet=&#8221;0px&#8221; header_2_text_shadow_vertical_length_tablet=&#8221;0px&#8221; header_2_text_shadow_blur_strength_tablet=&#8221;1px&#8221; header_3_text_shadow_horizontal_length_tablet=&#8221;0px&#8221; header_3_text_shadow_vertical_length_tablet=&#8221;0px&#8221; header_3_text_shadow_blur_strength_tablet=&#8221;1px&#8221; header_4_text_shadow_horizontal_length_tablet=&#8221;0px&#8221; header_4_text_shadow_vertical_length_tablet=&#8221;0px&#8221; header_4_text_shadow_blur_strength_tablet=&#8221;1px&#8221; header_5_text_shadow_horizontal_length_tablet=&#8221;0px&#8221; header_5_text_shadow_vertical_length_tablet=&#8221;0px&#8221; header_5_text_shadow_blur_strength_tablet=&#8221;1px&#8221; header_6_text_shadow_horizontal_length_tablet=&#8221;0px&#8221; header_6_text_shadow_vertical_length_tablet=&#8221;0px&#8221; header_6_text_shadow_blur_strength_tablet=&#8221;1px&#8221; box_shadow_horizontal_tablet=&#8221;0px&#8221; box_shadow_vertical_tablet=&#8221;0px&#8221; box_shadow_blur_tablet=&#8221;40px&#8221; box_shadow_spread_tablet=&#8221;0px&#8221; sticky_enabled=&#8221;0&#8243;]<\/p>\n<div class=\"kvgmc6g5 cxmmr5t8 oygrvhab hcukyx3x c1et5uql ii04i59q\">\n<div dir=\"auto\">No dia 8 de junho, teve lugar em Boane, Mo\u00e7ambique, a <strong>cerim\u00f3nia oficial de lan\u00e7amento do projeto <a href=\"http:\/\/vida.org.pt\/wp-content\/uploads\/2021\/12\/Ficha-Tecnica_Reforco-servicos-acao-social-provincia-Maputo.pdf\">&#8220;Refor\u00e7o dos Servi\u00e7os de A\u00e7\u00e3o Social para a Preven\u00e7\u00e3o e Mitiga\u00e7\u00e3o de Situa\u00e7\u00f5es de Risco ao n\u00edvel da Prote\u00e7\u00e3o Social na Prov\u00edncia de Maputo\u201d<\/a><\/strong>, implementado pela VIDA em estreita parceria com o Servi\u00e7o Provincial de Assuntos Sociais de Maputo. Este projeto pretende capacitar as 8 Reparti\u00e7\u00f5es Distritais de A\u00e7\u00e3o Social desta prov\u00edncia para utiliza\u00e7\u00e3o de um programa de recolha de dados e seguimento das fam\u00edlias mais vulner\u00e1veis\/ de risco.<\/div>\n<div dir=\"auto\"><\/div>\n<\/div>\n<div class=\"cxmmr5t8 oygrvhab hcukyx3x c1et5uql o9v6fnle ii04i59q\">\n<div dir=\"auto\">A cerim\u00f3nia contou com a presen\u00e7a de Vit\u00f3ria Dias Diogo, Secret\u00e1ria de Estado na Prov\u00edncia de Maputo, que orientou o evento e que referiu a import\u00e2ncia deste projeto que permitir\u00e1 uma melhoria na articula\u00e7\u00e3o institucional e na resposta as popula\u00e7\u00f5es mais vulner\u00e1veis. O evento contou tamb\u00e9m com C\u00e9lia Zandamela, Diretora do Servi\u00e7o Provincial de Assuntos Sociais; Guilhermina Gaspar Kumangwelo, Administradora do distrito de Boane; Patr\u00edcia Ferro, Assessora da Coopera\u00e7\u00e3o na Embaixada de Portugal em Mocambique; e de Sara Sangareau, representante da ONGD VIDA em Mo\u00e7ambique.<\/div>\n<\/div>\n<p>[\/et_pb_text][\/et_pb_column][\/et_pb_row][et_pb_row column_structure=&#8221;1_2,1_2&#8243; _builder_version=&#8221;4.9.3&#8243; _module_preset=&#8221;default&#8221;][et_pb_column type=&#8221;1_2&#8243; _builder_version=&#8221;4.9.3&#8243; _module_preset=&#8221;default&#8221;][et_pb_image src=&#8221;http:\/\/vida.org.pt\/wp-content\/uploads\/2022\/06\/WhatsApp-Image-2022-06-09-at-08.34.15-3.jpeg&#8221; title_text=&#8221;WhatsApp Image 2022-06-09 at 08.34.15 (3)&#8221; _builder_version=&#8221;4.9.3&#8243; _module_preset=&#8221;default&#8221;][\/et_pb_image][\/et_pb_column][et_pb_column type=&#8221;1_2&#8243; _builder_version=&#8221;4.9.3&#8243; _module_preset=&#8221;default&#8221;][et_pb_image src=&#8221;http:\/\/vida.org.pt\/wp-content\/uploads\/2022\/06\/WhatsApp-Image-2022-06-09-at-08.35.47-3.jpeg&#8221; title_text=&#8221;WhatsApp Image 2022-06-09 at 08.35.47 (3)&#8221; _builder_version=&#8221;4.9.3&#8243; _module_preset=&#8221;default&#8221;][\/et_pb_image][\/et_pb_column][\/et_pb_row][et_pb_row _builder_version=&#8221;4.9.3&#8243; _module_preset=&#8221;default&#8221;][et_pb_column type=&#8221;4_4&#8243; _builder_version=&#8221;4.9.3&#8243; _module_preset=&#8221;default&#8221;][et_pb_testimonial author=&#8221;Vit\u00f3ria Diogo&#8221; job_title=&#8221;Secret\u00e1ria de Estado da Prov\u00edncia de Maputo&#8221; portrait_url=&#8221;http:\/\/vida.org.pt\/wp-content\/uploads\/2022\/06\/WhatsApp-Image-2022-06-09-at-08.35.47-3.jpeg&#8221; _builder_version=&#8221;4.9.3&#8243; _module_preset=&#8221;default&#8221; body_font_size=&#8221;15px&#8221; body_line_height=&#8221;1.7em&#8221;]&#8221;Um dos grandes resultados [do projeto] ser\u00e1 a estrutura\u00e7\u00e3o da nossa resposta como Governo a todos os n\u00edveis; uma melhor planifica\u00e7\u00e3o e abordagens baseadas num contexto real e naturalmente iremos usar racionalmente os recursos dispon\u00edveis e orientar a actua\u00e7\u00e3o dos nossos parceiros de coopera\u00e7\u00e3o em fun\u00e7\u00e3o dos desafios reais na Localidade, Posto Administrativo, Distrito e Prov\u00edncia.&#8221;<br \/>\n[\/et_pb_testimonial][\/et_pb_column][\/et_pb_row][et_pb_row column_structure=&#8221;1_2,1_2&#8243; _builder_version=&#8221;4.9.3&#8243; _module_preset=&#8221;default&#8221;][et_pb_column type=&#8221;1_2&#8243; _builder_version=&#8221;4.9.3&#8243; _module_preset=&#8221;default&#8221;][et_pb_image src=&#8221;http:\/\/vida.org.pt\/wp-content\/uploads\/2022\/06\/WhatsApp-Image-2022-06-09-at-08.34.11.jpeg&#8221; title_text=&#8221;WhatsApp Image 2022-06-09 at 08.34.11&#8243; _builder_version=&#8221;4.9.3&#8243; _module_preset=&#8221;default&#8221;][\/et_pb_image][\/et_pb_column][et_pb_column type=&#8221;1_2&#8243; _builder_version=&#8221;4.9.3&#8243; _module_preset=&#8221;default&#8221;][et_pb_image src=&#8221;http:\/\/vida.org.pt\/wp-content\/uploads\/2022\/06\/WhatsApp-Image-2022-06-09-at-16.15.07-1.jpeg&#8221; title_text=&#8221;WhatsApp Image 2022-06-09 at 16.15.07 (1)&#8221; _builder_version=&#8221;4.9.3&#8243; _module_preset=&#8221;default&#8221;][\/et_pb_image][\/et_pb_column][\/et_pb_row][et_pb_row _builder_version=&#8221;4.9.3&#8243; _module_preset=&#8221;default&#8221;][et_pb_column type=&#8221;4_4&#8243; _builder_version=&#8221;4.9.3&#8243; _module_preset=&#8221;default&#8221;][et_pb_image src=&#8221;http:\/\/vida.org.pt\/wp-content\/uploads\/2022\/06\/WhatsApp-Image-2022-06-09-at-08.35.47.jpeg&#8221; title_text=&#8221;WhatsApp Image 2022-06-09 at 08.35.47&#8243; _builder_version=&#8221;4.9.3&#8243; _module_preset=&#8221;default&#8221;][\/et_pb_image][\/et_pb_column][\/et_pb_row][et_pb_row _builder_version=&#8221;4.9.3&#8243; _module_preset=&#8221;default&#8221;][et_pb_column type=&#8221;4_4&#8243; _builder_version=&#8221;4.9.3&#8243; _module_preset=&#8221;default&#8221;][et_pb_text _builder_version=&#8221;4.9.3&#8243; _module_preset=&#8221;default&#8221; text_font_size=&#8221;15px&#8221;]<\/p>\n<div class=\"cxmmr5t8 oygrvhab hcukyx3x c1et5uql o9v6fnle ii04i59q\">\n<div dir=\"auto\"><span class=\"pq6dq46d tbxw36s4 knj5qynh kvgmc6g5 ditlmg2l oygrvhab nvdbi5me sf5mxxl7 gl3lb2sf hhz5lgdu\">Cr\u00e9ditos fotografia<\/span>: Gabinete do Secret\u00e1rio de Estado<\/div>\n<\/div>\n<p>[\/et_pb_text][et_pb_text _builder_version=&#8221;4.9.3&#8243; _module_preset=&#8221;default&#8221; text_font_size=&#8221;15px&#8221;]<\/p>\n<div class=\"cxmmr5t8 oygrvhab hcukyx3x c1et5uql o9v6fnle ii04i59q\">\n<div dir=\"auto\"><a href=\"http:\/\/vida.org.pt\/wp-content\/uploads\/2021\/12\/Ficha-Tecnica_Reforco-servicos-acao-social-provincia-Maputo.pdf\"><em><strong>O projeto &#8220;Refor\u00e7o dos Servi\u00e7os de A\u00e7\u00e3o Social para a preven\u00e7\u00e3o e mitiga\u00e7\u00e3o de situa\u00e7\u00f5es de risco na Prov\u00edncia de Maputo&#8221; conta com o financiamento do <span class=\"nc684nl6\">Cam\u00f5es, I.P.<\/span><\/strong><\/em><\/a><\/div>\n<\/div>\n<p>[\/et_pb_text][\/et_pb_column][\/et_pb_row][\/et_pb_section]<\/p>\n","protected":false},"excerpt":{"rendered":"<p>[et_pb_section fb_built=&#8221;1&#8243; admin_label=&#8221;section&#8221; _builder_version=&#8221;3.22&#8243; custom_padding=&#8221;||14px|||&#8221;][et_pb_row admin_label=&#8221;row&#8221; _builder_version=&#8221;3.25&#8243; background_size=&#8221;initial&#8221; background_position=&#8221;top_left&#8221; background_repeat=&#8221;repeat&#8221;][et_pb_column type=&#8221;4_4&#8243; _builder_version=&#8221;3.25&#8243; custom_padding=&#8221;|||&#8221; custom_padding__hover=&#8221;|||&#8221;][et_pb_text _builder_version=&#8221;4.9.3&#8243; text_font_size=&#8221;15px&#8221; background_size=&#8221;initial&#8221; background_position=&#8221;top_left&#8221; background_repeat=&#8221;repeat&#8221; vertical_offset_tablet=&#8221;0&#8243; horizontal_offset_tablet=&#8221;0&#8243; custom_margin=&#8221;-51px|||||&#8221; hover_enabled=&#8221;0&#8243; z_index_tablet=&#8221;0&#8243; text_text_shadow_horizontal_length_tablet=&#8221;0px&#8221; text_text_shadow_vertical_length_tablet=&#8221;0px&#8221; text_text_shadow_blur_strength_tablet=&#8221;1px&#8221; link_text_shadow_horizontal_length_tablet=&#8221;0px&#8221; link_text_shadow_vertical_length_tablet=&#8221;0px&#8221; link_text_shadow_blur_strength_tablet=&#8221;1px&#8221; ul_text_shadow_horizontal_length_tablet=&#8221;0px&#8221; ul_text_shadow_vertical_length_tablet=&#8221;0px&#8221; ul_text_shadow_blur_strength_tablet=&#8221;1px&#8221; ol_text_shadow_horizontal_length_tablet=&#8221;0px&#8221; ol_text_shadow_vertical_length_tablet=&#8221;0px&#8221; ol_text_shadow_blur_strength_tablet=&#8221;1px&#8221; quote_text_shadow_horizontal_length_tablet=&#8221;0px&#8221; quote_text_shadow_vertical_length_tablet=&#8221;0px&#8221; quote_text_shadow_blur_strength_tablet=&#8221;1px&#8221; header_text_shadow_horizontal_length_tablet=&#8221;0px&#8221; header_text_shadow_vertical_length_tablet=&#8221;0px&#8221; header_text_shadow_blur_strength_tablet=&#8221;1px&#8221; header_2_text_shadow_horizontal_length_tablet=&#8221;0px&#8221; header_2_text_shadow_vertical_length_tablet=&#8221;0px&#8221; header_2_text_shadow_blur_strength_tablet=&#8221;1px&#8221; header_3_text_shadow_horizontal_length_tablet=&#8221;0px&#8221; header_3_text_shadow_vertical_length_tablet=&#8221;0px&#8221; header_3_text_shadow_blur_strength_tablet=&#8221;1px&#8221; header_4_text_shadow_horizontal_length_tablet=&#8221;0px&#8221; header_4_text_shadow_vertical_length_tablet=&#8221;0px&#8221; header_4_text_shadow_blur_strength_tablet=&#8221;1px&#8221; header_5_text_shadow_horizontal_length_tablet=&#8221;0px&#8221; header_5_text_shadow_vertical_length_tablet=&#8221;0px&#8221; header_5_text_shadow_blur_strength_tablet=&#8221;1px&#8221; header_6_text_shadow_horizontal_length_tablet=&#8221;0px&#8221; [&hellip;]<\/p>\n","protected":false},"author":2,"featured_media":31833,"comment_status":"open","ping_status":"open","sticky":false,"template":"","format":"standard","meta":{"_et_pb_use_builder":"on","_et_pb_old_content":"<p>[et_pb_section fb_built=\"1\" admin_label=\"section\" _builder_version=\"3.22\" custom_padding=\"||14px|||\"][et_pb_row admin_label=\"row\" _builder_version=\"3.25\" background_size=\"initial\" background_position=\"top_left\" background_repeat=\"repeat\"][et_pb_column type=\"4_4\" _builder_version=\"3.25\" custom_padding=\"|||\" custom_padding__hover=\"|||\"][et_pb_text admin_label=\"Text\" _builder_version=\"4.9.3\" background_size=\"initial\" background_position=\"top_left\" background_repeat=\"repeat\" hover_enabled=\"0\" sticky_enabled=\"0\" text_font_size=\"15px\" text_line_height=\"1.7em\" custom_margin=\"-51px|||||\"]<\/p><div class=\"kvgmc6g5 cxmmr5t8 oygrvhab hcukyx3x c1et5uql ii04i59q\"><div dir=\"auto\">No dia 8 de junho, teve lugar em Boane, Mo\u00e7ambique, a <strong>cerim\u00f3nia oficial de lan\u00e7amento do projeto <a href=\"http:\/\/vida.org.pt\/wp-content\/uploads\/2021\/12\/Ficha-Tecnica_Reforco-servicos-acao-social-provincia-Maputo.pdf\">\"Refor\u00e7o dos Servi\u00e7os de A\u00e7\u00e3o Social para a Preven\u00e7\u00e3o e Mitiga\u00e7\u00e3o de Situa\u00e7\u00f5es de Risco ao n\u00edvel da Prote\u00e7\u00e3o Social na Prov\u00edncia de Maputo\u201d<\/a><\/strong>, implementado pela VIDA em estreita parceria com o Servi\u00e7o Provincial de Assuntos Sociais de Maputo. Este projeto pretende capacitar as 8 Reparti\u00e7\u00f5es Distritais de A\u00e7\u00e3o Social desta prov\u00edncia para utiliza\u00e7\u00e3o de um programa de recolha de dados e seguimento das fam\u00edlias mais vulner\u00e1veis\/ de risco.<\/div><div dir=\"auto\">\u00a0<\/div><\/div><div class=\"cxmmr5t8 oygrvhab hcukyx3x c1et5uql o9v6fnle ii04i59q\"><div dir=\"auto\">A cerim\u00f3nia contou com a presen\u00e7a de Vit\u00f3ria Dias Diogo, Secret\u00e1ria de Estado na Prov\u00edncia de Maputo, que orientou o evento e que referiu a import\u00e2ncia deste projeto que permitir\u00e1 uma melhoria na articula\u00e7\u00e3o institucional e na resposta as popula\u00e7\u00f5es mais vulner\u00e1veis. O evento contou tamb\u00e9m com C\u00e9lia Zandamela, Diretora do Servi\u00e7o Provincial de Assuntos Sociais, Guilhermina Gaspar Kumangwelo, Administradora do distrito de Boane, e de Patricia Ferro, Assessora da Coopera\u00e7\u00e3o na Embaixada de Portugal em Mocambique.<\/div><\/div><p>[\/et_pb_text][\/et_pb_column][\/et_pb_row][et_pb_row _builder_version=\"4.9.3\" _module_preset=\"default\" column_structure=\"1_2,1_2\"][et_pb_column _builder_version=\"4.9.3\" _module_preset=\"default\" type=\"1_2\"][et_pb_image src=\"http:\/\/vida.org.pt\/wp-content\/uploads\/2022\/06\/WhatsApp-Image-2022-06-09-at-08.34.15-3.jpeg\" _builder_version=\"4.9.3\" _module_preset=\"default\" title_text=\"WhatsApp Image 2022-06-09 at 08.34.15 (3)\" hover_enabled=\"0\" sticky_enabled=\"0\"][\/et_pb_image][\/et_pb_column][et_pb_column _builder_version=\"4.9.3\" _module_preset=\"default\" type=\"1_2\"][et_pb_image src=\"http:\/\/vida.org.pt\/wp-content\/uploads\/2022\/06\/WhatsApp-Image-2022-06-09-at-08.35.47-3.jpeg\" _builder_version=\"4.9.3\" _module_preset=\"default\" title_text=\"WhatsApp Image 2022-06-09 at 08.35.47 (3)\" hover_enabled=\"0\" sticky_enabled=\"0\"][\/et_pb_image][\/et_pb_column][\/et_pb_row][et_pb_row _builder_version=\"4.9.3\" _module_preset=\"default\"][et_pb_column _builder_version=\"4.9.3\" _module_preset=\"default\" type=\"4_4\"][et_pb_testimonial author=\"Vit\u00f3ria Diogo\" portrait_url=\"http:\/\/vida.org.pt\/wp-content\/uploads\/2022\/06\/WhatsApp-Image-2022-06-09-at-08.35.47-3.jpeg\" _builder_version=\"4.9.3\" _module_preset=\"default\" title_text=\"WhatsApp Image 2022-06-09 at 08.35.47 (3)\" job_title=\"Secret\u00e1ria de Estado da Prov\u00edncia de Maputo\" hover_enabled=\"0\" sticky_enabled=\"0\" body_font_size=\"15px\" body_line_height=\"1.7em\"]<\/p><p>\"Um dos grandes resultados [do projeto] ser\u00e1 a estrutura\u00e7\u00e3o da nossa resposta como Governo a todos os n\u00edveis; uma melhor planifica\u00e7\u00e3o e abordagens baseadas num contexto real e naturalmente iremos usar racionalmente os recursos dispon\u00edveis e orientar a actua\u00e7\u00e3o dos nossos parceiros de coopera\u00e7\u00e3o em fun\u00e7\u00e3o dos desafios reais na Localidade, Posto Administrativo, Distrito e Prov\u00edncia.\"<\/p><p>[\/et_pb_testimonial][\/et_pb_column][\/et_pb_row][et_pb_row _builder_version=\"4.9.3\" _module_preset=\"default\" column_structure=\"1_2,1_2\"][et_pb_column _builder_version=\"4.9.3\" _module_preset=\"default\" type=\"1_2\"][et_pb_image src=\"http:\/\/vida.org.pt\/wp-content\/uploads\/2022\/06\/WhatsApp-Image-2022-06-09-at-08.34.11.jpeg\" _builder_version=\"4.9.3\" _module_preset=\"default\" title_text=\"WhatsApp Image 2022-06-09 at 08.34.11\" hover_enabled=\"0\" sticky_enabled=\"0\"][\/et_pb_image][\/et_pb_column][et_pb_column _builder_version=\"4.9.3\" _module_preset=\"default\" type=\"1_2\"][et_pb_image src=\"http:\/\/vida.org.pt\/wp-content\/uploads\/2022\/06\/WhatsApp-Image-2022-06-09-at-16.15.07-1.jpeg\" _builder_version=\"4.9.3\" _module_preset=\"default\" title_text=\"WhatsApp Image 2022-06-09 at 16.15.07 (1)\" hover_enabled=\"0\" sticky_enabled=\"0\"][\/et_pb_image][\/et_pb_column][\/et_pb_row][et_pb_row _builder_version=\"4.9.3\" _module_preset=\"default\"][et_pb_column _builder_version=\"4.9.3\" _module_preset=\"default\" type=\"4_4\"][et_pb_image src=\"http:\/\/vida.org.pt\/wp-content\/uploads\/2022\/06\/WhatsApp-Image-2022-06-09-at-08.35.47.jpeg\" _builder_version=\"4.9.3\" _module_preset=\"default\" title_text=\"WhatsApp Image 2022-06-09 at 08.35.47\" hover_enabled=\"0\" sticky_enabled=\"0\"][\/et_pb_image][\/et_pb_column][\/et_pb_row][et_pb_row _builder_version=\"4.9.3\" _module_preset=\"default\"][et_pb_column _builder_version=\"4.9.3\" _module_preset=\"default\" type=\"4_4\"][et_pb_text _builder_version=\"4.9.3\" _module_preset=\"default\" hover_enabled=\"0\" sticky_enabled=\"0\" text_font_size=\"15px\" text_line_height=\"1.7em\"]<\/p><div class=\"cxmmr5t8 oygrvhab hcukyx3x c1et5uql o9v6fnle ii04i59q\"><div dir=\"auto\"><span class=\"pq6dq46d tbxw36s4 knj5qynh kvgmc6g5 ditlmg2l oygrvhab nvdbi5me sf5mxxl7 gl3lb2sf hhz5lgdu\">Cr\u00e9ditos fotografia<\/span>: Gabinete do Secret\u00e1rio de Estado<\/div><\/div><p>[\/et_pb_text][et_pb_text _builder_version=\"4.9.3\" _module_preset=\"default\" hover_enabled=\"0\" sticky_enabled=\"0\" text_font_size=\"15px\" text_line_height=\"1.7em\"]<\/p><div class=\"cxmmr5t8 oygrvhab hcukyx3x c1et5uql o9v6fnle ii04i59q\"><div dir=\"auto\"><a href=\"http:\/\/vida.org.pt\/wp-content\/uploads\/2021\/12\/Ficha-Tecnica_Reforco-servicos-acao-social-provincia-Maputo.pdf\"><em><strong>O projeto \"Refor\u00e7o dos Servi\u00e7os de A\u00e7\u00e3o Social para a preven\u00e7\u00e3o e mitiga\u00e7\u00e3o de situa\u00e7\u00f5es de risco na Prov\u00edncia de Maputo\" conta com o financiamento do <span class=\"nc684nl6\">Cam\u00f5es, I.P.<\/span><\/strong><\/em><\/a><\/div><\/div><p>[\/et_pb_text][\/et_pb_column][\/et_pb_row][\/et_pb_section]<\/p>","_et_gb_content_width":"","_monsterinsights_skip_tracking":false,"_monsterinsights_sitenote_active":false,"_monsterinsights_sitenote_note":"","_monsterinsights_sitenote_category":0,"footnotes":""},"categories":[10],"tags":[],"class_list":["post-31831","post","type-post","status-publish","format-standard","has-post-thumbnail","hentry","category-noticias"],"_links":{"self":[{"href":"https:\/\/vida.org.pt\/en\/wp-json\/wp\/v2\/posts\/31831","targetHints":{"allow":["GET"]}}],"collection":[{"href":"https:\/\/vida.org.pt\/en\/wp-json\/wp\/v2\/posts"}],"about":[{"href":"https:\/\/vida.org.pt\/en\/wp-json\/wp\/v2\/types\/post"}],"author":[{"embeddable":true,"href":"https:\/\/vida.org.pt\/en\/wp-json\/wp\/v2\/users\/2"}],"replies":[{"embeddable":true,"href":"https:\/\/vida.org.pt\/en\/wp-json\/wp\/v2\/comments?post=31831"}],"version-history":[{"count":8,"href":"https:\/\/vida.org.pt\/en\/wp-json\/wp\/v2\/posts\/31831\/revisions"}],"predecessor-version":[{"id":31846,"href":"https:\/\/vida.org.pt\/en\/wp-json\/wp\/v2\/posts\/31831\/revisions\/31846"}],"wp:featuredmedia":[{"embeddable":true,"href":"https:\/\/vida.org.pt\/en\/wp-json\/wp\/v2\/media\/31833"}],"wp:attachment":[{"href":"https:\/\/vida.org.pt\/en\/wp-json\/wp\/v2\/media?parent=31831"}],"wp:term":[{"taxonomy":"category","embeddable":true,"href":"https:\/\/vida.org.pt\/en\/wp-json\/wp\/v2\/categories?post=31831"},{"taxonomy":"post_tag","embeddable":true,"href":"https:\/\/vida.org.pt\/en\/wp-json\/wp\/v2\/tags?post=31831"}],"curies":[{"name":"wp","href":"https:\/\/api.w.org\/{rel}","templated":true}]}}