{"id":31618,"date":"2022-03-04T14:43:12","date_gmt":"2022-03-04T14:43:12","guid":{"rendered":"http:\/\/vida.org.pt\/?p=31618"},"modified":"2022-03-04T15:52:31","modified_gmt":"2022-03-04T15:52:31","slug":"3-anos-depois-do-ciclone-idai","status":"publish","type":"post","link":"https:\/\/vida.org.pt\/en\/3-anos-depois-do-ciclone-idai\/","title":{"rendered":"3 anos depois do Idai, continuamos a apoiar as fam\u00edlias da Beira"},"content":{"rendered":"<p>[et_pb_section fb_built=&#8221;1&#8243; _builder_version=&#8221;3.22&#8243; custom_padding=&#8221;23px||14px|||&#8221;][et_pb_row _builder_version=&#8221;3.25&#8243; background_size=&#8221;initial&#8221; background_position=&#8221;top_left&#8221; background_repeat=&#8221;repeat&#8221; custom_padding=&#8221;||4px|||&#8221;][et_pb_column type=&#8221;4_4&#8243; _builder_version=&#8221;3.25&#8243; custom_padding=&#8221;|||&#8221; custom_padding__hover=&#8221;|||&#8221;][et_pb_text _builder_version=&#8221;3.27.4&#8243; background_size=&#8221;initial&#8221; background_position=&#8221;top_left&#8221; background_repeat=&#8221;repeat&#8221; custom_margin=&#8221;-32px|||||&#8221;]<\/p>\n<p><strong>Passaram tr\u00eas anos desde que o ciclone Idai atingiu o centro de Mo\u00e7ambique em mar\u00e7o de 2020, deixando um rasto de destrui\u00e7\u00e3o que agravou as condi\u00e7\u00f5es de vida de milhares de mo\u00e7ambicanos e mo\u00e7ambicanas. Perante a situa\u00e7\u00e3o de calamidade, a <a href=\"http:\/\/www.fecongd.org\/\">FEC \u2013 Funda\u00e7\u00e3o F\u00e9 e Coopera\u00e7\u00e3o<\/a>,\u00a0<a href=\"http:\/\/www.fgs.org.pt\/\">FGS \u2013 Funda\u00e7\u00e3o Gon\u00e7alo da Silveira<\/a>\u00a0e\u00a0<a href=\"http:\/\/www.vida.org.pt\/\">VIDA<\/a> juntaram-se para preparar uma\u00a0resposta integrada e concertada na prov\u00edncia de Sofala, iniciando uma campanha de recolha de donativos em Portugal.<\/strong><\/p>\n<p>Combinando recursos e diferentes experi\u00eancias de interven\u00e7\u00e3o em \u00e1reas complementares,<strong> surgiu o projeto \u201cSomos Mo\u00e7ambique\u201d<\/strong>, a ser implementado no per\u00edodo de p\u00f3s-emerg\u00eancia com diversos parceiros no terreno e com o\u00a0apoio do <a href=\"http:\/\/www.instituto-camoes.pt\/\">Cam\u00f5es, I.P.<\/a> e da <a href=\"http:\/\/www.gulbenkian.pt\">Funda\u00e7\u00e3o Calouste Gulbenkian.<\/a><\/p>\n<p>[\/et_pb_text][\/et_pb_column][\/et_pb_row][\/et_pb_section][et_pb_section fb_built=&#8221;1&#8243; fullwidth=&#8221;on&#8221; _builder_version=&#8221;4.9.3&#8243; _module_preset=&#8221;default&#8221;][et_pb_fullwidth_image src=&#8221;http:\/\/vida.org.pt\/wp-content\/uploads\/2022\/03\/Somos-Mocambique@2x-300&#215;73.png&#8221; title_text=&#8221;Somos Mocambique@2x&#8221; _builder_version=&#8221;4.9.3&#8243; _module_preset=&#8221;default&#8221; width=&#8221;84%&#8221; module_alignment=&#8221;center&#8221; custom_margin=&#8221;||38px|||&#8221;][\/et_pb_fullwidth_image][\/et_pb_section][et_pb_section fb_built=&#8221;1&#8243; _builder_version=&#8221;4.9.3&#8243; _module_preset=&#8221;default&#8221; custom_padding=&#8221;||50px|||&#8221;][et_pb_row _builder_version=&#8221;4.9.3&#8243; _module_preset=&#8221;default&#8221; background_color=&#8221;#efefef&#8221; min_height=&#8221;118.2px&#8221; custom_margin=&#8221;-56px|auto|-15px|auto||&#8221; custom_padding=&#8221;30px|||||&#8221;][et_pb_column type=&#8221;4_4&#8243; _builder_version=&#8221;4.9.3&#8243; _module_preset=&#8221;default&#8221;][et_pb_text _builder_version=&#8221;4.9.3&#8243; _module_preset=&#8221;default&#8221; text_font=&#8221;|600|||||||&#8221; text_text_color=&#8221;#212121&#8243; text_font_size=&#8221;16px&#8221; background_color=&#8221;RGBA(0,0,0,0)&#8221; custom_padding=&#8221;|47px||33px||&#8221; border_radii=&#8221;off||||&#8221;]<\/p>\n<p style=\"text-align: center;\">O projeto <strong>\u201cSomos Mo\u00e7ambique\u201d<\/strong> estabeleceu uma <strong>estrat\u00e9gia integrada assente em tr\u00eas setores<\/strong> &#8211; <strong>educa\u00e7\u00e3o, promo\u00e7\u00e3o da sa\u00fade e gera\u00e7\u00e3o de rendimentos<\/strong> &#8211; com o objetivo de <strong>refor\u00e7ar a capacidade de resili\u00eancia das fam\u00edlias do bairro Manga-Mascarenhas, na cidade da Beira, abrangendo um total de 41 635 pessoas. <\/strong><\/p>\n<p>[\/et_pb_text][\/et_pb_column][\/et_pb_row][\/et_pb_section][et_pb_section fb_built=&#8221;1&#8243; _builder_version=&#8221;4.9.3&#8243; _module_preset=&#8221;default&#8221; custom_margin=&#8221;||-47px|||&#8221; custom_padding=&#8221;24px|||||&#8221;][et_pb_row column_structure=&#8221;1_3,1_3,1_3&#8243; _builder_version=&#8221;4.9.3&#8243; _module_preset=&#8221;default&#8221; min_height=&#8221;265.2px&#8221; custom_margin=&#8221;-48px|auto|-54px|auto||&#8221; custom_padding=&#8221;||0px|||&#8221;][et_pb_column type=&#8221;1_3&#8243; _builder_version=&#8221;4.9.3&#8243; _module_preset=&#8221;default&#8221;][et_pb_number_counter title=&#8221;Escola Prim\u00e1ria Completa totalmente reconstru\u00edda&#8221; number=&#8221;1&#8243; percent_sign=&#8221;off&#8221; _builder_version=&#8221;4.9.3&#8243; _module_preset=&#8221;default&#8221; number_text_color=&#8221;#AD230B&#8221;][\/et_pb_number_counter][\/et_pb_column][et_pb_column type=&#8221;1_3&#8243; _builder_version=&#8221;4.9.3&#8243; _module_preset=&#8221;default&#8221;][et_pb_number_counter title=&#8221;Professores formados em tem\u00e1ticas transversais para a resili\u00eancia&#8221; number=&#8221;35&#8243; percent_sign=&#8221;off&#8221; _builder_version=&#8221;4.9.3&#8243; _module_preset=&#8221;default&#8221; number_text_color=&#8221;#AD230B&#8221;][\/et_pb_number_counter][\/et_pb_column][et_pb_column type=&#8221;1_3&#8243; _builder_version=&#8221;4.9.3&#8243; _module_preset=&#8221;default&#8221;][et_pb_number_counter title=&#8221;Escolas do pr\u00e9-escolar e b\u00e1sico recebem forma\u00e7\u00e3o&#8221; number=&#8221;15&#8243; percent_sign=&#8221;off&#8221; _builder_version=&#8221;4.9.3&#8243; _module_preset=&#8221;default&#8221; number_text_color=&#8221;#AD230B&#8221;][\/et_pb_number_counter][\/et_pb_column][\/et_pb_row][et_pb_row column_structure=&#8221;1_3,1_3,1_3&#8243; _builder_version=&#8221;4.9.3&#8243; _module_preset=&#8221;default&#8221;][et_pb_column type=&#8221;1_3&#8243; _builder_version=&#8221;4.9.3&#8243; _module_preset=&#8221;default&#8221;][et_pb_number_counter title=&#8221;Fam\u00edlias envolvidas em atividades geradoras de rendimento&#8221; number=&#8221;80&#8243; percent_sign=&#8221;off&#8221; _builder_version=&#8221;4.9.3&#8243; _module_preset=&#8221;default&#8221; number_text_color=&#8221;#AD230B&#8221;][\/et_pb_number_counter][\/et_pb_column][et_pb_column type=&#8221;1_3&#8243; _builder_version=&#8221;4.9.3&#8243; _module_preset=&#8221;default&#8221;][et_pb_number_counter title=&#8221;Conselhos escolares formados em cuidados prim\u00e1rios de sa\u00fade&#8221; number=&#8221;10&#8243; percent_sign=&#8221;off&#8221; _builder_version=&#8221;4.9.3&#8243; _module_preset=&#8221;default&#8221; number_text_color=&#8221;#AD230B&#8221;][\/et_pb_number_counter][\/et_pb_column][et_pb_column type=&#8221;1_3&#8243; _builder_version=&#8221;4.9.3&#8243; _module_preset=&#8221;default&#8221;][et_pb_number_counter title=&#8221;Dire\u00e7\u00f5es escolares formadas em gest\u00e3o escolar&#8221; number=&#8221;15&#8243; percent_sign=&#8221;off&#8221; _builder_version=&#8221;4.9.3&#8243; _module_preset=&#8221;default&#8221; number_text_color=&#8221;#AD230B&#8221;][\/et_pb_number_counter][\/et_pb_column][\/et_pb_row][\/et_pb_section][et_pb_section fb_built=&#8221;1&#8243; _builder_version=&#8221;4.9.3&#8243; _module_preset=&#8221;default&#8221; custom_padding=&#8221;0px|||||&#8221;][et_pb_row column_structure=&#8221;1_2,1_2&#8243; _builder_version=&#8221;4.9.3&#8243; _module_preset=&#8221;default&#8221;][et_pb_column type=&#8221;1_2&#8243; _builder_version=&#8221;4.9.3&#8243; _module_preset=&#8221;default&#8221;][et_pb_image src=&#8221;http:\/\/vida.org.pt\/wp-content\/uploads\/2022\/03\/DSC_9626-300&#215;225.jpg&#8221; title_text=&#8221;DSC_9626&#8243; _builder_version=&#8221;4.9.3&#8243; _module_preset=&#8221;default&#8221;][\/et_pb_image][\/et_pb_column][et_pb_column type=&#8221;1_2&#8243; _builder_version=&#8221;4.9.3&#8243; _module_preset=&#8221;default&#8221;][et_pb_image src=&#8221;http:\/\/vida.org.pt\/wp-content\/uploads\/2022\/02\/Escola-MM_destaque-site-1-300&#215;225.jpg&#8221; title_text=&#8221;Escola MM_destaque site&#8221; _builder_version=&#8221;4.9.3&#8243; _module_preset=&#8221;default&#8221;][\/et_pb_image][\/et_pb_column][\/et_pb_row][et_pb_row _builder_version=&#8221;4.9.3&#8243; _module_preset=&#8221;default&#8221; custom_padding=&#8221;8px||20px|||&#8221; custom_margin=&#8221;|auto|-17px|auto||&#8221;][et_pb_column type=&#8221;4_4&#8243; _builder_version=&#8221;4.9.3&#8243; _module_preset=&#8221;default&#8221;][et_pb_text _builder_version=&#8221;4.9.3&#8243; _module_preset=&#8221;default&#8221; hover_enabled=&#8221;0&#8243; sticky_enabled=&#8221;0&#8243;]<\/p>\n<p style=\"text-align: center;\">A <strong>Escola Prim\u00e1ria Completa da Manga Mascarenhas<\/strong>, reconstru\u00edda pelo &#8220;Somos Mo\u00e7ambique&#8221;, foi <a href=\"https:\/\/vida.org.pt\/2022\/01\/31\/escola-na-beira-destruida-pelo-ciclone-idai-e-inaugurada\/\" target=\"_blank\" rel=\"noopener\">inaugurada a 31 de janeiro de 2022<\/a> e beneficia <strong>1357 crian\u00e7as e jovens<\/strong>. A sua reconstru\u00e7\u00e3o foi poss\u00edvel gra\u00e7as aos donativos angariados pela campanha em Portugal e ao apoio do Cam\u00f5es, I.P.<\/p>\n<p>[\/et_pb_text][\/et_pb_column][\/et_pb_row][\/et_pb_section][et_pb_section fb_built=&#8221;1&#8243; _builder_version=&#8221;4.9.3&#8243; _module_preset=&#8221;default&#8221;][et_pb_row column_structure=&#8221;1_2,1_2&#8243; _builder_version=&#8221;4.9.3&#8243; _module_preset=&#8221;default&#8221; custom_margin=&#8221;-89px|auto||auto||&#8221;][et_pb_column type=&#8221;1_2&#8243; _builder_version=&#8221;4.9.3&#8243; _module_preset=&#8221;default&#8221;][et_pb_image src=&#8221;http:\/\/vida.org.pt\/wp-content\/uploads\/2022\/03\/MGM1441-300&#215;225.jpg&#8221; title_text=&#8221;_MGM1441&#8243; _builder_version=&#8221;4.9.3&#8243; _module_preset=&#8221;default&#8221;][\/et_pb_image][\/et_pb_column][et_pb_column type=&#8221;1_2&#8243; _builder_version=&#8221;4.9.3&#8243; _module_preset=&#8221;default&#8221;][et_pb_image src=&#8221;http:\/\/vida.org.pt\/wp-content\/uploads\/2021\/03\/Iqueritos2-300&#215;225.jpg&#8221; title_text=&#8221;Iqueritos2&#8243; _builder_version=&#8221;4.9.3&#8243; _module_preset=&#8221;default&#8221; min_height=&#8221;154px&#8221;][\/et_pb_image][\/et_pb_column][\/et_pb_row][et_pb_row column_structure=&#8221;1_2,1_2&#8243; _builder_version=&#8221;4.9.3&#8243; _module_preset=&#8221;default&#8221;][et_pb_column type=&#8221;1_2&#8243; _builder_version=&#8221;4.9.3&#8243; _module_preset=&#8221;default&#8221;][et_pb_image src=&#8221;http:\/\/vida.org.pt\/wp-content\/uploads\/2022\/03\/MGM0492-300&#215;225.jpg&#8221; title_text=&#8221;_MGM0492&#8243; _builder_version=&#8221;4.9.3&#8243; _module_preset=&#8221;default&#8221;][\/et_pb_image][\/et_pb_column][et_pb_column type=&#8221;1_2&#8243; _builder_version=&#8221;4.9.3&#8243; _module_preset=&#8221;default&#8221;][et_pb_image src=&#8221;http:\/\/vida.org.pt\/wp-content\/uploads\/2022\/03\/MGM0469-HDR-300&#215;225.jpg&#8221; title_text=&#8221;_MGM0469-HDR&#8221; _builder_version=&#8221;4.9.3&#8243; _module_preset=&#8221;default&#8221; min_height=&#8221;154px&#8221;][\/et_pb_image][\/et_pb_column][\/et_pb_row][et_pb_row column_structure=&#8221;1_2,1_2&#8243; _builder_version=&#8221;4.9.3&#8243; _module_preset=&#8221;default&#8221;][et_pb_column type=&#8221;1_2&#8243; _builder_version=&#8221;4.9.3&#8243; _module_preset=&#8221;default&#8221;][et_pb_image src=&#8221;http:\/\/vida.org.pt\/wp-content\/uploads\/2022\/03\/MGM1536-300&#215;225.jpg&#8221; title_text=&#8221;_MGM1536&#8243; _builder_version=&#8221;4.9.3&#8243; _module_preset=&#8221;default&#8221;][\/et_pb_image][\/et_pb_column][et_pb_column type=&#8221;1_2&#8243; _builder_version=&#8221;4.9.3&#8243; _module_preset=&#8221;default&#8221;][et_pb_image src=&#8221;http:\/\/vida.org.pt\/wp-content\/uploads\/2022\/03\/MGM0409-300&#215;225.jpg&#8221; title_text=&#8221;_MGM0409&#8243; _builder_version=&#8221;4.9.3&#8243; _module_preset=&#8221;default&#8221; min_height=&#8221;154px&#8221;][\/et_pb_image][\/et_pb_column][\/et_pb_row][\/et_pb_section][et_pb_section fb_built=&#8221;1&#8243; _builder_version=&#8221;4.9.3&#8243; _module_preset=&#8221;default&#8221; custom_margin=&#8221;-21px||-70px|||&#8221;][et_pb_row _builder_version=&#8221;4.9.3&#8243; _module_preset=&#8221;default&#8221; custom_margin=&#8221;-97px|auto|-33px|auto||&#8221;][et_pb_column _builder_version=&#8221;4.9.3&#8243; _module_preset=&#8221;default&#8221; type=&#8221;4_4&#8243;][et_pb_text _builder_version=&#8221;4.9.3&#8243; _module_preset=&#8221;default&#8221; hover_enabled=&#8221;0&#8243; sticky_enabled=&#8221;0&#8243;]<\/p>\n<p><em>O projeto<span>\u00a0<\/span><a href=\"http:\/\/vida.org.pt\/wp-content\/uploads\/2021\/03\/Somos-Mocambique.pdf\">\u201cSomos Mo\u00e7ambique\u201d<\/a><span>\u00a0<\/span>(fase 1 e 2) conta com o financiamento do Mecanismo de Financiamento para Apoio \u00e0 Recupera\u00e7\u00e3o e Reconstru\u00e7\u00e3o de Mo\u00e7ambique atrav\u00e9s do<span>\u00a0<\/span><a href=\"http:\/\/www.instituto-camoes.pt\/\">Cam\u00f5es, I.P.<\/a>, da<span>\u00a0<\/span><a href=\"http:\/\/www.gulbenkian.pt\/\">Funda\u00e7\u00e3o Calouste Gulbenkian<\/a>, e campanha de angaria\u00e7\u00e3o de fundos em Portugal.<\/em><\/p>\n<p>[\/et_pb_text][\/et_pb_column][\/et_pb_row][\/et_pb_section]<\/p>\n","protected":false},"excerpt":{"rendered":"<p>[et_pb_section fb_built=&#8221;1&#8243; _builder_version=&#8221;3.22&#8243; custom_padding=&#8221;23px||14px|||&#8221;][et_pb_row _builder_version=&#8221;3.25&#8243; background_size=&#8221;initial&#8221; background_position=&#8221;top_left&#8221; background_repeat=&#8221;repeat&#8221; custom_padding=&#8221;||4px|||&#8221;][et_pb_column type=&#8221;4_4&#8243; _builder_version=&#8221;3.25&#8243; custom_padding=&#8221;|||&#8221; custom_padding__hover=&#8221;|||&#8221;][et_pb_text _builder_version=&#8221;3.27.4&#8243; background_size=&#8221;initial&#8221; background_position=&#8221;top_left&#8221; background_repeat=&#8221;repeat&#8221; custom_margin=&#8221;-32px|||||&#8221;] Passaram tr\u00eas anos desde que o ciclone Idai atingiu o centro de Mo\u00e7ambique em mar\u00e7o de 2020, deixando um rasto de destrui\u00e7\u00e3o que agravou as condi\u00e7\u00f5es de vida de milhares de mo\u00e7ambicanos e mo\u00e7ambicanas. Perante a situa\u00e7\u00e3o [&hellip;]<\/p>\n","protected":false},"author":2,"featured_media":31631,"comment_status":"open","ping_status":"open","sticky":false,"template":"","format":"standard","meta":{"_et_pb_use_builder":"on","_et_pb_old_content":"<p>Passaram tr\u00eas anos desde que o ciclone Idai atingiu o centro de Mo\u00e7ambique em mar\u00e7o de 2020, deixando um rasto de destrui\u00e7\u00e3o que agravou as condi\u00e7\u00f5es de vida de milhares de mo\u00e7ambicanos e mo\u00e7ambicanas. Perante a situa\u00e7\u00e3o de calamidade, a <a href=\"http:\/\/www.fecongd.org\/\"><strong>FEC \u2013 Funda\u00e7\u00e3o F\u00e9 e Coopera\u00e7\u00e3o<\/strong><\/a><strong>,\u00a0<\/strong><a href=\"http:\/\/www.fgs.org.pt\/\"><strong>FGS \u2013 Funda\u00e7\u00e3o Gon\u00e7alo da Silveira<\/strong><\/a>\u00a0e\u00a0<a href=\"http:\/\/www.vida.org.pt\/\"><strong>VIDA<\/strong><\/a> juntaram-se para preparar uma\u00a0resposta integrada e concertada na prov\u00edncia de Sofala, iniciando uma campanha de recolha de donativos em Portugal.<\/p><p>Combinando recursos e diferentes experi\u00eancias de interven\u00e7\u00e3o em \u00e1reas complementares,<strong> surgiu o projeto \u201cSomos Mo\u00e7ambique\u201d<\/strong>, a ser implementado no per\u00edodo de p\u00f3s-emerg\u00eancia com diversos parceiros no terreno e com o\u00a0apoio do <a href=\"http:\/\/www.instituto-camoes.pt\/\">Cam\u00f5es, I.P.<\/a> e da <a href=\"http:\/\/www.gulbenkian.pt\">Funda\u00e7\u00e3o Calouste Gulbenkian.<\/a><\/p><p>O projeto <strong>\u201cSomos Mo\u00e7ambique\u201d<\/strong> estabeleceu uma <strong>estrat\u00e9gia integrada assente em tr\u00eas setores<\/strong> - <strong>educa\u00e7\u00e3o, promo\u00e7\u00e3o da sa\u00fade e gera\u00e7\u00e3o de rendimentos<\/strong> - com o objetivo de <strong>refor\u00e7ar a capacidade de resili\u00eancia das fam\u00edlias do bairro Manga-Mascarenhas, na cidade da Beira, abrangendo um total de 41 635 pessoas. <\/strong><\/p><p>At\u00e9 hoje, conseguimos:<\/p><ul><li><strong>Reconstruir a Escola Prim\u00e1ria Manga-Mascarenhas<\/strong>,<a href=\"http:\/\/vida.org.pt\/2022\/01\/31\/escola-na-beira-destruida-pelo-ciclone-idai-e-inaugurada\/\"> inaugurada a 31 de janeiro de 2022,<\/a> que beneficiar\u00e1 1357 crian\u00e7as e jovens. A reconstru\u00e7\u00e3o abrangeu seis salas de aula, um bloco administrativo, o muro de veda\u00e7\u00e3o, a reabilita\u00e7\u00e3o de latrinas, quatro tanques de \u00e1gua para aproveitamento da \u00e1gua das chuvas, e eleva\u00e7\u00e3o do piso do recreio para drenagem da \u00e1gua das chuvas;<\/li><li>Est\u00e3o a decorrer <strong>a\u00e7\u00f5es de forma\u00e7\u00e3o e capacita\u00e7\u00e3o de professores do ensino b\u00e1sico<\/strong> sobre tem\u00e1ticas espec\u00edficas para a resili\u00eancia, abrangendo conte\u00fados transversais como a ecologia integral, as altera\u00e7\u00f5es clim\u00e1ticas, os direitos humanos, o bem comum e a cidadania global, e conte\u00fados relacionados com o papel do professor na resili\u00eancia escolar e a an\u00e1lise e redu\u00e7\u00e3o de risco na escola;<\/li><li>Est\u00e3o a ser <strong>acompanhados membros da dire\u00e7\u00e3o de jardins de inf\u00e2ncia<\/strong>, tendo em vista a sua reabertura durante a pandemia Covid-19;<\/li><li>Foi realizado o <strong>diagn\u00f3stico em duas escolas do ensino b\u00e1sico<\/strong> e em <strong>24 jardins de inf\u00e2ncia<\/strong> na Beira;<\/li><li>Realizou-se um<strong> inqu\u00e9rito de caracteriza\u00e7\u00e3o das fam\u00edlias do bairro Manga-Mascarenhas<\/strong> para perceber as suas din\u00e2micas, e para que as atividades desenvolvidas no \u00e2mbito do projeto respondam adequadamente \u00e0s suas necessidades.<\/li><\/ul>","_et_gb_content_width":"","_monsterinsights_skip_tracking":false,"_monsterinsights_sitenote_active":false,"_monsterinsights_sitenote_note":"","_monsterinsights_sitenote_category":0,"footnotes":""},"categories":[10],"tags":[],"class_list":["post-31618","post","type-post","status-publish","format-standard","has-post-thumbnail","hentry","category-noticias"],"_links":{"self":[{"href":"https:\/\/vida.org.pt\/en\/wp-json\/wp\/v2\/posts\/31618","targetHints":{"allow":["GET"]}}],"collection":[{"href":"https:\/\/vida.org.pt\/en\/wp-json\/wp\/v2\/posts"}],"about":[{"href":"https:\/\/vida.org.pt\/en\/wp-json\/wp\/v2\/types\/post"}],"author":[{"embeddable":true,"href":"https:\/\/vida.org.pt\/en\/wp-json\/wp\/v2\/users\/2"}],"replies":[{"embeddable":true,"href":"https:\/\/vida.org.pt\/en\/wp-json\/wp\/v2\/comments?post=31618"}],"version-history":[{"count":8,"href":"https:\/\/vida.org.pt\/en\/wp-json\/wp\/v2\/posts\/31618\/revisions"}],"predecessor-version":[{"id":31643,"href":"https:\/\/vida.org.pt\/en\/wp-json\/wp\/v2\/posts\/31618\/revisions\/31643"}],"wp:featuredmedia":[{"embeddable":true,"href":"https:\/\/vida.org.pt\/en\/wp-json\/wp\/v2\/media\/31631"}],"wp:attachment":[{"href":"https:\/\/vida.org.pt\/en\/wp-json\/wp\/v2\/media?parent=31618"}],"wp:term":[{"taxonomy":"category","embeddable":true,"href":"https:\/\/vida.org.pt\/en\/wp-json\/wp\/v2\/categories?post=31618"},{"taxonomy":"post_tag","embeddable":true,"href":"https:\/\/vida.org.pt\/en\/wp-json\/wp\/v2\/tags?post=31618"}],"curies":[{"name":"wp","href":"https:\/\/api.w.org\/{rel}","templated":true}]}}