{"id":31090,"date":"2021-10-01T00:00:17","date_gmt":"2021-10-01T00:00:17","guid":{"rendered":"http:\/\/vida.org.pt\/?p=31090"},"modified":"2021-10-01T11:41:38","modified_gmt":"2021-10-01T11:41:38","slug":"speakers-do-clima-oficina","status":"publish","type":"post","link":"https:\/\/vida.org.pt\/en\/speakers-do-clima-oficina\/","title":{"rendered":"Queres dar voz \u00e0s altera\u00e7\u00f5es clim\u00e1ticas?"},"content":{"rendered":"<p>[et_pb_section fb_built=&#8221;1&#8243; admin_label=&#8221;section&#8221; _builder_version=&#8221;3.22&#8243; custom_padding=&#8221;30px|||||&#8221;][et_pb_row admin_label=&#8221;row&#8221; _builder_version=&#8221;3.25&#8243; background_size=&#8221;initial&#8221; background_position=&#8221;top_left&#8221; background_repeat=&#8221;repeat&#8221; custom_padding=&#8221;0px||5px|||&#8221;][et_pb_column type=&#8221;4_4&#8243; _builder_version=&#8221;3.25&#8243; custom_padding=&#8221;|||&#8221; custom_padding__hover=&#8221;|||&#8221;][et_pb_video src=&#8221;https:\/\/youtu.be\/TZLyr6GdZX8&#8243; image_src=&#8221;\/\/i.ytimg.com\/vi\/TZLyr6GdZX8\/hqdefault.jpg&#8221; admin_label=&#8221;Video Speakers Clima&#8221; _builder_version=&#8221;4.4.2&#8243; vertical_offset_tablet=&#8221;0&#8243; horizontal_offset_tablet=&#8221;0&#8243; z_index_tablet=&#8221;0&#8243; box_shadow_horizontal_tablet=&#8221;0px&#8221; box_shadow_vertical_tablet=&#8221;0px&#8221; box_shadow_blur_tablet=&#8221;40px&#8221; box_shadow_spread_tablet=&#8221;0px&#8221;][\/et_pb_video][et_pb_text _builder_version=&#8221;4.4.2&#8243; background_size=&#8221;initial&#8221; background_position=&#8221;top_left&#8221; background_repeat=&#8221;repeat&#8221; vertical_offset_tablet=&#8221;0&#8243; horizontal_offset_tablet=&#8221;0&#8243; z_index_tablet=&#8221;0&#8243; text_text_shadow_horizontal_length_tablet=&#8221;0px&#8221; text_text_shadow_vertical_length_tablet=&#8221;0px&#8221; text_text_shadow_blur_strength_tablet=&#8221;1px&#8221; link_text_shadow_horizontal_length_tablet=&#8221;0px&#8221; link_text_shadow_vertical_length_tablet=&#8221;0px&#8221; link_text_shadow_blur_strength_tablet=&#8221;1px&#8221; ul_text_shadow_horizontal_length_tablet=&#8221;0px&#8221; ul_text_shadow_vertical_length_tablet=&#8221;0px&#8221; ul_text_shadow_blur_strength_tablet=&#8221;1px&#8221; ol_text_shadow_horizontal_length_tablet=&#8221;0px&#8221; ol_text_shadow_vertical_length_tablet=&#8221;0px&#8221; ol_text_shadow_blur_strength_tablet=&#8221;1px&#8221; quote_text_shadow_horizontal_length_tablet=&#8221;0px&#8221; quote_text_shadow_vertical_length_tablet=&#8221;0px&#8221; quote_text_shadow_blur_strength_tablet=&#8221;1px&#8221; header_text_shadow_horizontal_length_tablet=&#8221;0px&#8221; header_text_shadow_vertical_length_tablet=&#8221;0px&#8221; header_text_shadow_blur_strength_tablet=&#8221;1px&#8221; header_2_text_shadow_horizontal_length_tablet=&#8221;0px&#8221; header_2_text_shadow_vertical_length_tablet=&#8221;0px&#8221; header_2_text_shadow_blur_strength_tablet=&#8221;1px&#8221; header_3_text_shadow_horizontal_length_tablet=&#8221;0px&#8221; header_3_text_shadow_vertical_length_tablet=&#8221;0px&#8221; header_3_text_shadow_blur_strength_tablet=&#8221;1px&#8221; header_4_text_shadow_horizontal_length_tablet=&#8221;0px&#8221; header_4_text_shadow_vertical_length_tablet=&#8221;0px&#8221; header_4_text_shadow_blur_strength_tablet=&#8221;1px&#8221; header_5_text_shadow_horizontal_length_tablet=&#8221;0px&#8221; header_5_text_shadow_vertical_length_tablet=&#8221;0px&#8221; header_5_text_shadow_blur_strength_tablet=&#8221;1px&#8221; header_6_text_shadow_horizontal_length_tablet=&#8221;0px&#8221; header_6_text_shadow_vertical_length_tablet=&#8221;0px&#8221; header_6_text_shadow_blur_strength_tablet=&#8221;1px&#8221; box_shadow_horizontal_tablet=&#8221;0px&#8221; box_shadow_vertical_tablet=&#8221;0px&#8221; box_shadow_blur_tablet=&#8221;40px&#8221; box_shadow_spread_tablet=&#8221;0px&#8221;]<\/p>\n<h3 style=\"text-align: center;\"><strong><\/strong><\/h3>\n<h3 style=\"text-align: center;\"><strong>Junta-te aos Speakers do Clima e torna-te um\/a comunicador\/a para a a\u00e7\u00e3o clim\u00e1tica!\u00a0<\/strong><\/h3>\n<p style=\"text-align: center;\"><strong><\/strong><\/p>\n<p style=\"text-align: center;\"><strong>A oficina Speakers do Clima \u00e9 uma das atividades do projeto europeu <em>1Planet4All &#8211; Empowering youth, living EU values, tackling climate change<\/em>. Tem como prop\u00f3sito despertar nos\/as participantes a consci\u00eancia cr\u00edtica face \u00e0s Altera\u00e7\u00f5es Clim\u00e1ticas e promover o seu envolvimento em iniciativas concretas de comunica\u00e7\u00e3o sobre o tema.<\/strong><\/p>\n<p style=\"text-align: center;\"><span style=\"text-decoration: underline;\"><a href=\"https:\/\/docs.google.com\/forms\/d\/1eLQB9fc-pbTwYYz5HeZHkyRW4NcL4KJpZNizFgv_2To\/edit?ts=60635bcd&amp;gxids=7628\"><strong>INSCRI\u00c7\u00d5ES ABERTAS<\/strong><\/a><\/span><\/p>\n<h4><strong><\/strong><\/h4>\n<h4><strong>A quem se dirige?<\/strong><\/h4>\n<p>Destina-se a <strong>estudantes universit\u00e1rios\/as<\/strong> que queiram tornar-se <strong>comunicadores\/as para a A\u00e7\u00e3o Clim\u00e1tica. <\/strong><\/p>\n<h4><strong><\/strong><\/h4>\n<h4><strong>Porqu\u00ea?<\/strong><\/h4>\n<p>O fen\u00f3meno das Altera\u00e7\u00f5es Clim\u00e1ticas \u00e9 um desafio complexo, mas estimulante para um\/a comunicador\/a, para al\u00e9m de se tratar talvez da quest\u00e3o mais preocupante com que nos depar\u00e1mos na atualidade.<\/p>\n<p>De facto, a janela de tempo que temos dispon\u00edvel para agir e prevenir os impactes mais graves das Altera\u00e7\u00f5es Clim\u00e1ticas diminui de dia para dia. Os cientistas que estudam o fen\u00f3meno t\u00eam cumprido o seu papel investigar e revelar o que est\u00e1 a acontecer e o que acontecer\u00e1 no futuro se nada fizermos. <strong>\u00c9 essencial os\/as Comunicadores\/as entrarem em campo de forma eficaz, encontrando estrat\u00e9gias de comunica\u00e7\u00e3o que persuadam as pessoas, aos mais diversos n\u00edveis, a agir.<\/strong><\/p>\n<h4><img loading=\"lazy\" decoding=\"async\" class=\" wp-image-31091 aligncenter\" src=\"http:\/\/vida.org.pt\/wp-content\/uploads\/2021\/03\/Speakers-Clima@1.5x.png\" alt=\"\" width=\"738\" height=\"492\" srcset=\"http:\/\/vida.org.pt\/wp-content\/uploads\/2021\/03\/Speakers-Clima@1.5x.png 738w, http:\/\/vida.org.pt\/wp-content\/uploads\/2021\/03\/Speakers-Clima@1.5x-480x318.png 480w\" sizes=\"auto, (min-width: 0px) and (max-width: 480px) 480px, (min-width: 481px) 738px, 100vw\" \/><\/h4>\n<h4><strong>Programa da Oficina<\/strong><\/h4>\n<p><strong>Vamos explorar temas essenciais para que essa comunica\u00e7\u00e3o seja bem-sucedida, a partir de uma metodologia OCA (Observar &#8211; Compreender &#8211; Agir)<\/strong>. O programa inclui <strong>3 m\u00f3dulos<\/strong>\u00a0organizados de acordo com esta estrat\u00e9gia faseada.<\/p>\n<ul>\n<li><strong>Primeira fase &#8211; Observar (1 sess\u00e3o online):<\/strong> Momento de consciencializa\u00e7\u00e3o para o contexto, desde o conhecimento das diferentes formas como as pessoas se relacionam com as Altera\u00e7\u00f5es Clim\u00e1ticas (e as condicionantes dessa rela\u00e7\u00e3o), at\u00e9 ao modo como os media abordam o tema (focando tamb\u00e9m a import\u00e2ncia da literacia medi\u00e1tica para combater a desinforma\u00e7\u00e3o e o negacionismo clim\u00e1tico).<\/li>\n<li><strong>Segunda fase &#8211; Compreender (1 sess\u00e3o online):<\/strong> Ser\u00e3o abordadas as diferentes estrat\u00e9gias poss\u00edveis para uma comunica\u00e7\u00e3o eficaz e adequada a diferentes p\u00fablicos e objetivos. Ser\u00e1 tamb\u00e9m aprofundado o conhecimento sobre os impactes das Altera\u00e7\u00f5es Clim\u00e1ticas.<\/li>\n<li><strong>Terceira fase &#8211; Agir (1 sess\u00e3o online):<\/strong> Ser\u00e3o produzidos conte\u00fados medi\u00e1ticos para a A\u00e7\u00e3o Clim\u00e1tica, tendo por base os recursos fornecidos.<\/li>\n<\/ul>\n<p>No final, os participantes ser\u00e3o ainda desafiados a envolver-se na fase seguinte do projeto, a oficina Pivots do Clima, dirigida a estudantes de n\u00edvel secund\u00e1rio. Nessa oficina, intervir\u00e3o como monitores, podendo transmitir o conhecimento adquirido aos colegas mais novos.<\/p>\n<h4><b><\/b><\/h4>\n<h4><b>Quando?<\/b><\/h4>\n<p>A oficina Speakers do Clima inicia a <strong>26 de abril e decorre ao longo de 3 semanas<\/strong> (com sess\u00f5es de grupo em plataforma online e atividades offline). \u00c9 totalmente gratuito.<\/p>\n<h4><strong><\/strong><\/h4>\n<h4><strong>Queres ser um\/a Speaker do Clima?<\/strong><\/h4>\n<p>N\u00e3o percas mais tempo, e <a href=\"https:\/\/docs.google.com\/forms\/d\/1eLQB9fc-pbTwYYz5HeZHkyRW4NcL4KJpZNizFgv_2To\/edit?ts=60635bcd&amp;gxids=7628\"><span style=\"text-decoration: underline;\">inscreve-te aqui!<\/span><\/a><br \/>Inscri\u00e7\u00f5es abertas at\u00e9 23 de abril.<\/p>\n<p><strong><\/strong><\/p>\n<p><strong>Esta atividade insere-se no projeto europeu<em> 1Planet4All<\/em> e \u00e9 implementada no \u00e2mbito da parceria com a<a href=\"https:\/\/sigarra.up.pt\/flup\/pt\/web_page.inicial\">\u00a0Faculdade de Letras da Universidade do Porto.<\/a><\/strong><\/p>\n<p>&nbsp;<\/p>\n<p>[\/et_pb_text][\/et_pb_column][\/et_pb_row][\/et_pb_section]<\/p>","protected":false},"excerpt":{"rendered":"<p>[et_pb_section fb_built=&#8221;1&#8243; admin_label=&#8221;section&#8221; _builder_version=&#8221;3.22&#8243; custom_padding=&#8221;30px|||||&#8221;][et_pb_row admin_label=&#8221;row&#8221; _builder_version=&#8221;3.25&#8243; background_size=&#8221;initial&#8221; background_position=&#8221;top_left&#8221; background_repeat=&#8221;repeat&#8221; custom_padding=&#8221;0px||5px|||&#8221;][et_pb_column type=&#8221;4_4&#8243; _builder_version=&#8221;3.25&#8243; custom_padding=&#8221;|||&#8221; custom_padding__hover=&#8221;|||&#8221;][et_pb_video src=&#8221;https:\/\/youtu.be\/TZLyr6GdZX8&#8243; image_src=&#8221;\/\/i.ytimg.com\/vi\/TZLyr6GdZX8\/hqdefault.jpg&#8221; admin_label=&#8221;Video Speakers Clima&#8221; _builder_version=&#8221;4.4.2&#8243; vertical_offset_tablet=&#8221;0&#8243; horizontal_offset_tablet=&#8221;0&#8243; z_index_tablet=&#8221;0&#8243; box_shadow_horizontal_tablet=&#8221;0px&#8221; box_shadow_vertical_tablet=&#8221;0px&#8221; box_shadow_blur_tablet=&#8221;40px&#8221; box_shadow_spread_tablet=&#8221;0px&#8221;][\/et_pb_video][et_pb_text _builder_version=&#8221;4.4.2&#8243; background_size=&#8221;initial&#8221; background_position=&#8221;top_left&#8221; background_repeat=&#8221;repeat&#8221; vertical_offset_tablet=&#8221;0&#8243; horizontal_offset_tablet=&#8221;0&#8243; z_index_tablet=&#8221;0&#8243; text_text_shadow_horizontal_length_tablet=&#8221;0px&#8221; text_text_shadow_vertical_length_tablet=&#8221;0px&#8221; text_text_shadow_blur_strength_tablet=&#8221;1px&#8221; link_text_shadow_horizontal_length_tablet=&#8221;0px&#8221; link_text_shadow_vertical_length_tablet=&#8221;0px&#8221; link_text_shadow_blur_strength_tablet=&#8221;1px&#8221; ul_text_shadow_horizontal_length_tablet=&#8221;0px&#8221; ul_text_shadow_vertical_length_tablet=&#8221;0px&#8221; ul_text_shadow_blur_strength_tablet=&#8221;1px&#8221; ol_text_shadow_horizontal_length_tablet=&#8221;0px&#8221; ol_text_shadow_vertical_length_tablet=&#8221;0px&#8221; ol_text_shadow_blur_strength_tablet=&#8221;1px&#8221; quote_text_shadow_horizontal_length_tablet=&#8221;0px&#8221; quote_text_shadow_vertical_length_tablet=&#8221;0px&#8221; quote_text_shadow_blur_strength_tablet=&#8221;1px&#8221; header_text_shadow_horizontal_length_tablet=&#8221;0px&#8221; header_text_shadow_vertical_length_tablet=&#8221;0px&#8221; header_text_shadow_blur_strength_tablet=&#8221;1px&#8221; header_2_text_shadow_horizontal_length_tablet=&#8221;0px&#8221; header_2_text_shadow_vertical_length_tablet=&#8221;0px&#8221; [&hellip;]<\/p>\n","protected":false},"author":2,"featured_media":31092,"comment_status":"open","ping_status":"open","sticky":false,"template":"","format":"standard","meta":{"_et_pb_use_builder":"on","_et_pb_old_content":"<h4><img class=\" wp-image-31091 aligncenter\" src=\"http:\/\/vida.org.pt\/wp-content\/uploads\/2021\/03\/Speakers-Clima@1.5x.png\" alt=\"\" width=\"784\" height=\"525\" \/><\/h4>\r\n<h3><\/h3>\r\n<h3 style=\"text-align: center;\"><strong>Queres dar voz \u00e0s altera\u00e7\u00f5es clim\u00e1ticas?<\/strong><\/h3>\r\n<h3 style=\"text-align: center;\"><strong>Junta-te aos <em>Speakers do Clima <\/em>e torna-te um\/a comunicador\/a para a a\u00e7\u00e3o clim\u00e1tica!\u00a0<\/strong><\/h3>\r\n<h4><\/h4>\r\n<h4><strong>Em que consiste esta oficina?<\/strong><\/h4>\r\nA oficina Speakers do Clima \u00e9 uma das atividades do projeto europeu <em>1Planet4All - Empowering youth, living EU values, tackling climate change<\/em>. Tem como prop\u00f3sito despertar nos\/as participantes a consci\u00eancia cr\u00edtica face \u00e0s Altera\u00e7\u00f5es Clim\u00e1ticas e promover o seu envolvimento em iniciativas concretas de comunica\u00e7\u00e3o sobre o tema.\r\n<h4><strong>A quem se dirige?<\/strong><\/h4>\r\nDestina-se a <strong>estudantes universit\u00e1rios\/as<\/strong> que queiram tornar-se <strong>comunicadores\/as para a A\u00e7\u00e3o Clim\u00e1tica. <\/strong>\r\n<h4><strong>Porqu\u00ea?<\/strong><\/h4>\r\nO fen\u00f3meno das Altera\u00e7\u00f5es Clim\u00e1ticas \u00e9 um desafio complexo, mas estimulante para um\/a comunicador\/a, para al\u00e9m de se tratar talvez da quest\u00e3o mais preocupante com que nos depar\u00e1mos na atualidade.\r\n\r\nDe facto, a janela de tempo que temos dispon\u00edvel para agir e prevenir os impactes mais graves das Altera\u00e7\u00f5es Clim\u00e1ticas diminui de dia para dia. Os cientistas que estudam o fen\u00f3meno t\u00eam cumprido o seu papel investigar e revelar o que est\u00e1 a acontecer e o que acontecer\u00e1 no futuro se nada fizermos. <strong>\u00c9 essencial os\/as Comunicadores\/as entrarem em campo de forma eficaz, encontrando estrat\u00e9gias de comunica\u00e7\u00e3o que persuadam as pessoas, aos mais diversos n\u00edveis, a agir.<\/strong>\r\n<h4><\/h4>\r\n<h4><strong>Programa da Oficina<\/strong><\/h4>\r\n<strong>Vamos explorar temas essenciais para que essa comunica\u00e7\u00e3o seja bem-sucedida, a partir de uma metodologia OCA (Observar - Compreender - Agir)<\/strong>. O programa inclui <strong>3 m\u00f3dulos<\/strong>\u00a0organizados de acordo com esta estrat\u00e9gia faseada.\r\n<ul>\r\n \t<li><strong>Primeira fase - Observar (1 sess\u00e3o online):<\/strong> Momento de consciencializa\u00e7\u00e3o para o contexto, desde o conhecimento das diferentes formas como as pessoas se relacionam com as Altera\u00e7\u00f5es Clim\u00e1ticas (e as condicionantes dessa rela\u00e7\u00e3o), at\u00e9 ao modo como os media abordam o tema (focando tamb\u00e9m a import\u00e2ncia da literacia medi\u00e1tica para combater a desinforma\u00e7\u00e3o e o negacionismo clim\u00e1tico).<\/li>\r\n \t<li><strong>Segunda fase - Compreender (1 sess\u00e3o online):<\/strong> Ser\u00e3o abordadas as diferentes estrat\u00e9gias poss\u00edveis para uma comunica\u00e7\u00e3o eficaz e adequada a diferentes p\u00fablicos e objetivos. Ser\u00e1 tamb\u00e9m aprofundado o conhecimento sobre os impactes das Altera\u00e7\u00f5es Clim\u00e1ticas.<\/li>\r\n \t<li><strong>Terceira fase - Agir (1 sess\u00e3o online):<\/strong> Ser\u00e3o produzidos conte\u00fados medi\u00e1ticos para a A\u00e7\u00e3o Clim\u00e1tica, tendo por base os recursos fornecidos.<\/li>\r\n<\/ul>\r\nNo final, os participantes ser\u00e3o ainda desafiados a envolver-se na fase seguinte do projeto, a oficina Pivots do Clima, dirigida a estudantes de n\u00edvel secund\u00e1rio. Nessa oficina, intervir\u00e3o como monitores, podendo transmitir o conhecimento adquirido aos colegas mais novos.\r\n<h4><b>Quando?<\/b><\/h4>\r\nA oficina Speakers do Clima decorre de <strong>26 de abril a 14 de maio de 2021<\/strong>, ao longo de 3 semanas (3 sess\u00f5es em plataforma online).\r\n<h4><strong>Queres ser um\/a Speaker do Clima?<\/strong><\/h4>\r\nN\u00e3o percas mais tempo, e inscreve-te <em>aqui!<\/em>","_et_gb_content_width":"","_monsterinsights_skip_tracking":false,"_monsterinsights_sitenote_active":false,"_monsterinsights_sitenote_note":"","_monsterinsights_sitenote_category":0,"footnotes":""},"categories":[32],"tags":[],"class_list":["post-31090","post","type-post","status-publish","format-standard","has-post-thumbnail","hentry","category-blogue"],"_links":{"self":[{"href":"https:\/\/vida.org.pt\/en\/wp-json\/wp\/v2\/posts\/31090","targetHints":{"allow":["GET"]}}],"collection":[{"href":"https:\/\/vida.org.pt\/en\/wp-json\/wp\/v2\/posts"}],"about":[{"href":"https:\/\/vida.org.pt\/en\/wp-json\/wp\/v2\/types\/post"}],"author":[{"embeddable":true,"href":"https:\/\/vida.org.pt\/en\/wp-json\/wp\/v2\/users\/2"}],"replies":[{"embeddable":true,"href":"https:\/\/vida.org.pt\/en\/wp-json\/wp\/v2\/comments?post=31090"}],"version-history":[{"count":20,"href":"https:\/\/vida.org.pt\/en\/wp-json\/wp\/v2\/posts\/31090\/revisions"}],"predecessor-version":[{"id":31392,"href":"https:\/\/vida.org.pt\/en\/wp-json\/wp\/v2\/posts\/31090\/revisions\/31392"}],"wp:featuredmedia":[{"embeddable":true,"href":"https:\/\/vida.org.pt\/en\/wp-json\/wp\/v2\/media\/31092"}],"wp:attachment":[{"href":"https:\/\/vida.org.pt\/en\/wp-json\/wp\/v2\/media?parent=31090"}],"wp:term":[{"taxonomy":"category","embeddable":true,"href":"https:\/\/vida.org.pt\/en\/wp-json\/wp\/v2\/categories?post=31090"},{"taxonomy":"post_tag","embeddable":true,"href":"https:\/\/vida.org.pt\/en\/wp-json\/wp\/v2\/tags?post=31090"}],"curies":[{"name":"wp","href":"https:\/\/api.w.org\/{rel}","templated":true}]}}