{"id":30381,"date":"2020-07-13T15:20:15","date_gmt":"2020-07-13T15:20:15","guid":{"rendered":"http:\/\/vida.org.pt\/?p=30381"},"modified":"2021-02-02T18:21:33","modified_gmt":"2021-02-02T18:21:33","slug":"programa-da-saude-comunitaria-cuidar-em-comunidade-no-contexto-da-covid-19","status":"publish","type":"post","link":"https:\/\/vida.org.pt\/en\/programa-da-saude-comunitaria-cuidar-em-comunidade-no-contexto-da-covid-19\/","title":{"rendered":"(Portugu\u00eas) Programa da Sa\u00fade Comunit\u00e1ria: cuidar em comunidade no contexto da Covid-19"},"content":{"rendered":"<p class=\"qtranxs-available-languages-message qtranxs-available-languages-message-en\">Sorry, this entry is only available in <a href=\"https:\/\/vida.org.pt\/pt\/wp-json\/wp\/v2\/posts\/30381\" class=\"qtranxs-available-language-link qtranxs-available-language-link-pt\" title=\"Portugu\u00eas\">Portugu\u00eas<\/a>.<\/p>","protected":false},"excerpt":{"rendered":"<p>Sorry, this entry is only available in Portugu\u00eas.<\/p>\n","protected":false},"author":2,"featured_media":30383,"comment_status":"open","ping_status":"open","sticky":false,"template":"","format":"standard","meta":{"_et_pb_use_builder":"","_et_pb_old_content":"","_et_gb_content_width":"","_monsterinsights_skip_tracking":false,"_monsterinsights_sitenote_active":false,"_monsterinsights_sitenote_note":"","_monsterinsights_sitenote_category":0,"footnotes":""},"categories":[10],"tags":[],"class_list":["post-30381","post","type-post","status-publish","format-standard","has-post-thumbnail","hentry","category-noticias"],"_links":{"self":[{"href":"https:\/\/vida.org.pt\/en\/wp-json\/wp\/v2\/posts\/30381","targetHints":{"allow":["GET"]}}],"collection":[{"href":"https:\/\/vida.org.pt\/en\/wp-json\/wp\/v2\/posts"}],"about":[{"href":"https:\/\/vida.org.pt\/en\/wp-json\/wp\/v2\/types\/post"}],"author":[{"embeddable":true,"href":"https:\/\/vida.org.pt\/en\/wp-json\/wp\/v2\/users\/2"}],"replies":[{"embeddable":true,"href":"https:\/\/vida.org.pt\/en\/wp-json\/wp\/v2\/comments?post=30381"}],"version-history":[{"count":7,"href":"https:\/\/vida.org.pt\/en\/wp-json\/wp\/v2\/posts\/30381\/revisions"}],"predecessor-version":[{"id":30398,"href":"https:\/\/vida.org.pt\/en\/wp-json\/wp\/v2\/posts\/30381\/revisions\/30398"}],"wp:featuredmedia":[{"embeddable":true,"href":"https:\/\/vida.org.pt\/en\/wp-json\/wp\/v2\/media\/30383"}],"wp:attachment":[{"href":"https:\/\/vida.org.pt\/en\/wp-json\/wp\/v2\/media?parent=30381"}],"wp:term":[{"taxonomy":"category","embeddable":true,"href":"https:\/\/vida.org.pt\/en\/wp-json\/wp\/v2\/categories?post=30381"},{"taxonomy":"post_tag","embeddable":true,"href":"https:\/\/vida.org.pt\/en\/wp-json\/wp\/v2\/tags?post=30381"}],"curies":[{"name":"wp","href":"https:\/\/api.w.org\/{rel}","templated":true}]}}