{"id":30111,"date":"2020-04-09T11:58:09","date_gmt":"2020-04-09T11:58:09","guid":{"rendered":"http:\/\/vida.org.pt\/?p=30111"},"modified":"2020-07-14T10:24:50","modified_gmt":"2020-07-14T10:24:50","slug":"continuar-a-missao-no-contexto-covid-19","status":"publish","type":"post","link":"https:\/\/vida.org.pt\/en\/continuar-a-missao-no-contexto-covid-19\/","title":{"rendered":"(Portugu\u00eas) Continuar a miss\u00e3o no contexto de Covid-19"},"content":{"rendered":"<p class=\"qtranxs-available-languages-message qtranxs-available-languages-message-en\">Sorry, this entry is only available in <a href=\"https:\/\/vida.org.pt\/pt\/wp-json\/wp\/v2\/posts\/30111\" class=\"qtranxs-available-language-link qtranxs-available-language-link-pt\" title=\"Portugu\u00eas\">Portugu\u00eas<\/a>.<\/p>","protected":false},"excerpt":{"rendered":"<p>Sorry, this entry is only available in Portugu\u00eas.<\/p>\n","protected":false},"author":2,"featured_media":30415,"comment_status":"open","ping_status":"open","sticky":false,"template":"","format":"standard","meta":{"_et_pb_use_builder":"on","_et_pb_old_content":"<h5><strong>Na Guin\u00e9-Bissau e em Mo\u00e7ambique, continuamos a nossa miss\u00e3o e presen\u00e7a junto das comunidades mais vulner\u00e1veis. O presente momento que vivemos imp\u00f5e a necessidade urgente de adapta\u00e7\u00e3o para que se protejam vidas, pelo que estamos a adequar a nossa interven\u00e7\u00e3o ao contexto pand\u00e9mico da Covid-19. <\/strong><\/h5><p><strong>\u00a0<\/strong><\/p><h4><span style=\"color: #ba1313;\"><strong>Porqu\u00ea continuar?<\/strong><\/span><\/h4><p>A pandemia ter\u00e1 um impacto ainda maior nos pa\u00edses e nas comunidades mais fr\u00e1geis, onde a capacidade de resposta \u00e9 limitada, levando a que a situa\u00e7\u00e3o de pobreza de muitas fam\u00edlias possa ser severamente agravada. Agora, mais do que nunca, \u00e9 necess\u00e1rio <strong>reafirmar o nosso compromisso<\/strong> com estas fam\u00edlias, procurando dar apoio ao n\u00edvel da comunidade e das autoridades locais\/nacionais, atrav\u00e9s das redes de agentes de sa\u00fade e ativistas comunit\u00e1rios, parceiros e financiadores, com os quais trabalhamos todos os dias.<\/p><p><span style=\"color: #ba1313;\"><strong>\u00a0<\/strong><\/span><\/p><h4><span style=\"color: #ba1313;\"><strong>Na Guin\u00e9-Bissau<\/strong><\/span><\/h4><p>Continuamos a trabalhar com a equipa da Dire\u00e7\u00e3o de Servi\u00e7o de Sa\u00fade Comunit\u00e1ria, no \u00e2mbito do <a href=\"http:\/\/vida.org.pt\/wp-content\/uploads\/2018\/10\/Reforco-capacidade-institucional-e-operacional-SSCPMT.pdf\">projeto a decorrer<\/a> apoiado pela <a href=\"http:\/\/www.gulbenkian.pt\">Funda\u00e7\u00e3o Calouste Gulbenkian<\/a> e <a href=\"http:\/\/www.dgs.pt\">Dire\u00e7\u00e3o-Geral da Sa\u00fade de Portugal<\/a>, mas com um novo rumo: a <strong>sensibiliza\u00e7\u00e3o da popula\u00e7\u00e3o guineense para a preven\u00e7\u00e3o da Covid-19<\/strong>. Neste momento, estamos a organizar a\u00e7\u00f5es de comunica\u00e7\u00e3o para todo o pa\u00eds que ajudem a <strong>minimizar o risco de infe\u00e7\u00e3o ao n\u00edvel comunit\u00e1rio<\/strong>, e a articular com diversos parceiros para a concretiza\u00e7\u00e3o para a\u00e7\u00f5es de comunica\u00e7\u00e3o nas comunidades.<\/p><p>Estamos, ainda, a preparar nas tr\u00eas regi\u00f5es do pa\u00eds onde trabalhamos (Bissau, Cacheu e Biombo) o apoio aos respetivos Centros de Opera\u00e7\u00f5es de Emerg\u00eancia em Sa\u00fade e \u00e0s Equipas de Resposta R\u00e1pida, em conjunto com as dire\u00e7\u00f5es regionais de sa\u00fade e atrav\u00e9s da rede operacional de Agentes de Sa\u00fade Comunit\u00e1ria que acompanham as fam\u00edlias. Esperamos contar para esta interven\u00e7\u00e3o com o apoio do <a href=\"https:\/\/www.instituto-camoes.pt\/\">Cam\u00f5es, I.P. - Instituto da Coopera\u00e7\u00e3o e da L\u00edngua<\/a>, e tamb\u00e9m com a <a href=\"https:\/\/www.who.int\/\">Organiza\u00e7\u00e3o Mundial da Sa\u00fade.<\/a><\/p><p>\u00a0<\/p><p><strong> <img class=\"wp-image-30130 aligncenter\" src=\"http:\/\/vida.org.pt\/wp-content\/uploads\/2020\/04\/artigo.jpg\" alt=\"\" width=\"674\" height=\"332\" \/><br \/><\/strong><\/p><p>\u00a0<\/p><h4><span style=\"color: #ba1313;\"><strong>Em Mo\u00e7ambique<\/strong><\/span><\/h4><p>O apoio decorre no \u00e2mbito do projeto em curso <a href=\"http:\/\/vida.org.pt\/wp-content\/uploads\/2019\/04\/O-nosso-futuro-e-hoje.pdf\"><em>\u201c<\/em><em>O nosso futuro \u00e9 hoje: Fortalecimento da resili\u00eancia alimentar e ambiental das fam\u00edlias mais vulner\u00e1veis do distrito de Matutuine<\/em><em>\u201d<\/em><\/a>, apoiado pelo <a href=\"http:\/\/www.instituto-camoes.pt\">Cam\u00f5es, I.P. - Instituto da Coopera\u00e7\u00e3o e da L\u00edngua<\/a>\u00a0e <a href=\"https:\/\/ayudaenaccion.org\/\">Fundaci\u00f3n Ayuda en Acci\u00f3n<\/a>. Continuamos a acompanhar e a <strong>apoiar a rede das 60 ativistas<\/strong> <strong>em Seguran\u00e7a Alimentar e Nutricional da UAAMAT<\/strong> (Uni\u00e3o das Associa\u00e7\u00f5es Agr\u00e1rias de Matutuine), j\u00e1 sensibilizadas para as medidas de preven\u00e7\u00e3o necess\u00e1rias e respetivo contacto no apoio \u00e0 pandemia. Para continuarem em seguran\u00e7a as visitas de seguimento \u00e0s fam\u00edlias do distrito mais vulner\u00e1veis \u00e0 Covid-19, estamos a adquirir sab\u00e3o e material de prote\u00e7\u00e3o para garantir que as ativistas estejam protegidas.<\/p><p>Toda a equipa do projeto est\u00e1 em contacto permanente com a nossa rede de parceiros, ativistas, l\u00edderes comunit\u00e1rios e pontos focais em todo o distrito de Matutuine, de modo a fazer a liga\u00e7\u00e3o com as autoridades locais de sa\u00fade e apoiar na vigil\u00e2ncia e dete\u00e7\u00e3o de casos infectados nas comunidades mais isoladas.<\/p><p>\u00a0<\/p><h4><span style=\"color: #ba1313;\"><strong>Como estamos a proteger a nossa equipa?<\/strong><\/span><\/h4><p><strong>A seguran\u00e7a de todos(as) os(as) nossos(as) colaboradores(as) \u00e9 uma prioridade<\/strong>. Desenh\u00e1mos <strong>planos de conting\u00eancia<\/strong>, agora em vigor, estando a ser aplicadas as devidas normas e <strong>pr\u00e1ticas de seguran\u00e7a<\/strong> nas atividades a decorrer, incluindo a planifica\u00e7\u00e3o e restri\u00e7\u00e3o de viagens ao m\u00ednimo poss\u00edvel, planeamento do uso de escrit\u00f3rios e espa\u00e7os comuns, bem como as regras de higiene e prote\u00e7\u00e3o individual para cada colaborador(a).<\/p><p>A cada dia, avaliamos a evolu\u00e7\u00e3o da situa\u00e7\u00e3o em cada contexto local, de modo a tomar as medidas necess\u00e1rias de adapta\u00e7\u00e3o.<\/p><h5>\u00a0<\/h5><p>\u00a0<\/p><h5><strong>A nossa miss\u00e3o n\u00e3o pode parar, e a coopera\u00e7\u00e3o \u00e9 ainda mais evidente e necess\u00e1ria neste contexto. Estamos juntos!<\/strong><\/h5><p>\u00a0<\/p><p>\u00a0<\/p><h4 style=\"text-align: left;\"><a href=\"http:\/\/vida.org.pt\/como-participar\/\"><strong><u>Continue a apoiar o nosso trabalho<\/u><\/strong><\/a><\/h4>","_et_gb_content_width":"","_monsterinsights_skip_tracking":false,"_monsterinsights_sitenote_active":false,"_monsterinsights_sitenote_note":"","_monsterinsights_sitenote_category":0,"footnotes":""},"categories":[10,1],"tags":[],"class_list":["post-30111","post","type-post","status-publish","format-standard","has-post-thumbnail","hentry","category-noticias","category-sem-categoria"],"_links":{"self":[{"href":"https:\/\/vida.org.pt\/en\/wp-json\/wp\/v2\/posts\/30111","targetHints":{"allow":["GET"]}}],"collection":[{"href":"https:\/\/vida.org.pt\/en\/wp-json\/wp\/v2\/posts"}],"about":[{"href":"https:\/\/vida.org.pt\/en\/wp-json\/wp\/v2\/types\/post"}],"author":[{"embeddable":true,"href":"https:\/\/vida.org.pt\/en\/wp-json\/wp\/v2\/users\/2"}],"replies":[{"embeddable":true,"href":"https:\/\/vida.org.pt\/en\/wp-json\/wp\/v2\/comments?post=30111"}],"version-history":[{"count":25,"href":"https:\/\/vida.org.pt\/en\/wp-json\/wp\/v2\/posts\/30111\/revisions"}],"predecessor-version":[{"id":30268,"href":"https:\/\/vida.org.pt\/en\/wp-json\/wp\/v2\/posts\/30111\/revisions\/30268"}],"wp:featuredmedia":[{"embeddable":true,"href":"https:\/\/vida.org.pt\/en\/wp-json\/wp\/v2\/media\/30415"}],"wp:attachment":[{"href":"https:\/\/vida.org.pt\/en\/wp-json\/wp\/v2\/media?parent=30111"}],"wp:term":[{"taxonomy":"category","embeddable":true,"href":"https:\/\/vida.org.pt\/en\/wp-json\/wp\/v2\/categories?post=30111"},{"taxonomy":"post_tag","embeddable":true,"href":"https:\/\/vida.org.pt\/en\/wp-json\/wp\/v2\/tags?post=30111"}],"curies":[{"name":"wp","href":"https:\/\/api.w.org\/{rel}","templated":true}]}}