{"id":29361,"date":"2019-03-21T10:18:25","date_gmt":"2019-03-21T10:18:25","guid":{"rendered":"http:\/\/vida.org.pt\/?p=29361"},"modified":"2019-03-21T14:22:21","modified_gmt":"2019-03-21T14:22:21","slug":"ciclone-idai-ajuda-de-emergencia-a-mocambique","status":"publish","type":"post","link":"https:\/\/vida.org.pt\/en\/ciclone-idai-ajuda-de-emergencia-a-mocambique\/","title":{"rendered":"(Portugu\u00eas) Ciclone Idai | Ajuda Humanit\u00e1ria &#8211; Mo\u00e7ambique"},"content":{"rendered":"<p class=\"qtranxs-available-languages-message qtranxs-available-languages-message-en\">Sorry, this entry is only available in <a href=\"https:\/\/vida.org.pt\/pt\/wp-json\/wp\/v2\/posts\/29361\" class=\"qtranxs-available-language-link qtranxs-available-language-link-pt\" title=\"Portugu\u00eas\">Portugu\u00eas<\/a>.<\/p>","protected":false},"excerpt":{"rendered":"<p>Sorry, this entry is only available in Portugu\u00eas.<\/p>\n","protected":false},"author":2,"featured_media":0,"comment_status":"open","ping_status":"open","sticky":false,"template":"","format":"standard","meta":{"_et_pb_use_builder":"","_et_pb_old_content":"","_et_gb_content_width":"","_monsterinsights_skip_tracking":false,"_monsterinsights_sitenote_active":false,"_monsterinsights_sitenote_note":"","_monsterinsights_sitenote_category":0,"footnotes":""},"categories":[1],"tags":[],"class_list":["post-29361","post","type-post","status-publish","format-standard","hentry","category-sem-categoria"],"_links":{"self":[{"href":"https:\/\/vida.org.pt\/en\/wp-json\/wp\/v2\/posts\/29361","targetHints":{"allow":["GET"]}}],"collection":[{"href":"https:\/\/vida.org.pt\/en\/wp-json\/wp\/v2\/posts"}],"about":[{"href":"https:\/\/vida.org.pt\/en\/wp-json\/wp\/v2\/types\/post"}],"author":[{"embeddable":true,"href":"https:\/\/vida.org.pt\/en\/wp-json\/wp\/v2\/users\/2"}],"replies":[{"embeddable":true,"href":"https:\/\/vida.org.pt\/en\/wp-json\/wp\/v2\/comments?post=29361"}],"version-history":[{"count":11,"href":"https:\/\/vida.org.pt\/en\/wp-json\/wp\/v2\/posts\/29361\/revisions"}],"predecessor-version":[{"id":29385,"href":"https:\/\/vida.org.pt\/en\/wp-json\/wp\/v2\/posts\/29361\/revisions\/29385"}],"wp:attachment":[{"href":"https:\/\/vida.org.pt\/en\/wp-json\/wp\/v2\/media?parent=29361"}],"wp:term":[{"taxonomy":"category","embeddable":true,"href":"https:\/\/vida.org.pt\/en\/wp-json\/wp\/v2\/categories?post=29361"},{"taxonomy":"post_tag","embeddable":true,"href":"https:\/\/vida.org.pt\/en\/wp-json\/wp\/v2\/tags?post=29361"}],"curies":[{"name":"wp","href":"https:\/\/api.w.org\/{rel}","templated":true}]}}