{"id":26126,"date":"2017-02-21T15:49:20","date_gmt":"2017-02-21T15:49:20","guid":{"rendered":"http:\/\/vida.org.pt\/?p=26126"},"modified":"2024-01-22T17:27:11","modified_gmt":"2024-01-22T17:27:11","slug":"educacao-para-o-desenvolvimento","status":"publish","type":"post","link":"https:\/\/vida.org.pt\/en\/educacao-para-o-desenvolvimento\/","title":{"rendered":"Educa\u00e7\u00e3o para o Desenvolvimento"},"content":{"rendered":"<p>[et_pb_section fb_built=&#8221;1&#8243; fullwidth=&#8221;on&#8221; admin_label=&#8221;section&#8221; _builder_version=&#8221;4.9.3&#8243; _module_preset=&#8221;37224467-4af1-4d9c-afa5-8553279e0a9b&#8221; background_image=&#8221;https:\/\/vida.org.pt\/wp-content\/uploads\/2023\/07\/Mural_ESMP_finalizado_20-06-23-1.jpg&#8221; transparent_background=&#8221;off&#8221; padding_mobile=&#8221;off&#8221; make_fullwidth=&#8221;off&#8221; use_custom_width=&#8221;off&#8221; width_unit=&#8221;on&#8221; global_module=&#8221;33360&#8243; saved_tabs=&#8221;all&#8221;][et_pb_fullwidth_header title=&#8221;Educa\u00e7\u00e3o para o Desenvolvimento&#8221; content_max_width=&#8221;none&#8221; admin_label=&#8221;Fullwidth Header&#8221; _builder_version=&#8221;4.9.3&#8243; background_color=&#8221;rgba(0,0,0,0.47)&#8221; button_one_letter_spacing_hover=&#8221;0&#8243; button_two_letter_spacing_hover=&#8221;0&#8243; button_one_text_size__hover_enabled=&#8221;off&#8221; button_two_text_size__hover_enabled=&#8221;off&#8221; button_one_text_color__hover_enabled=&#8221;off&#8221; button_two_text_color__hover_enabled=&#8221;off&#8221; button_one_border_width__hover_enabled=&#8221;off&#8221; button_two_border_width__hover_enabled=&#8221;off&#8221; button_one_border_color__hover_enabled=&#8221;off&#8221; button_two_border_color__hover_enabled=&#8221;off&#8221; button_one_border_radius__hover_enabled=&#8221;off&#8221; button_two_border_radius__hover_enabled=&#8221;off&#8221; button_one_letter_spacing__hover_enabled=&#8221;on&#8221; button_one_letter_spacing__hover=&#8221;0&#8243; button_two_letter_spacing__hover_enabled=&#8221;on&#8221; button_two_letter_spacing__hover=&#8221;0&#8243; button_one_bg_color__hover_enabled=&#8221;off&#8221; button_two_bg_color__hover_enabled=&#8221;off&#8221;][\/et_pb_fullwidth_header][\/et_pb_section][et_pb_section fb_built=&#8221;1&#8243; custom_padding_last_edited=&#8221;on|desktop&#8221; admin_label=&#8221;Section&#8221; _builder_version=&#8221;3.22&#8243; background_color=&#8221;rgba(255,255,255,0.21)&#8221; custom_margin=&#8221;||40px|||&#8221; custom_padding=&#8221;13px||0px|||&#8221; custom_padding_tablet=&#8221;50px|0|50px|0&#8243; custom_padding_phone=&#8221;&#8221; transparent_background=&#8221;off&#8221; padding_mobile=&#8221;off&#8221; make_fullwidth=&#8221;off&#8221; use_custom_width=&#8221;off&#8221; width_unit=&#8221;on&#8221;][et_pb_row column_structure=&#8221;3_5,2_5&#8243; use_custom_gutter=&#8221;on&#8221; padding_mobile=&#8221;off&#8221; column_padding_mobile=&#8221;on&#8221; admin_label=&#8221;Row&#8221; _builder_version=&#8221;3.25&#8243; background_size=&#8221;initial&#8221; background_position=&#8221;top_left&#8221; background_repeat=&#8221;repeat&#8221; custom_margin=&#8221;44px|auto|11px|auto||&#8221; custom_padding=&#8221;||13px|||&#8221; make_fullwidth=&#8221;off&#8221; use_custom_width=&#8221;off&#8221; width_unit=&#8221;on&#8221;][et_pb_column type=&#8221;3_5&#8243; _builder_version=&#8221;3.25&#8243; custom_padding=&#8221;|||&#8221; custom_padding__hover=&#8221;|||&#8221;][et_pb_text admin_label=&#8221;Educa\u00e7\u00e3o para o Desenvolvimento&#8221; _builder_version=&#8221;4.9.3&#8243; background_size=&#8221;initial&#8221; background_position=&#8221;top_left&#8221; background_repeat=&#8221;repeat&#8221; text_orientation=&#8221;justified&#8221; min_height=&#8221;350.5px&#8221; use_border_color=&#8221;off&#8221; border_color=&#8221;#ffffff&#8221; border_style=&#8221;solid&#8221;]<\/p>\n<p>A <strong>Educa\u00e7\u00e3o para o Desenvolvimento e Cidadania Global<\/strong> &#8220;pretende ser um processo de aprendizagem e transforma\u00e7\u00e3o atrav\u00e9s da a\u00e7\u00e3o individual e\/ou colaborativa orientada para a justi\u00e7a social e o bem comum. A partir de uma tomada de consci\u00eancia assente numa interpreta\u00e7\u00e3o cr\u00edtica da realidade, a EDCG inter-relaciona um tema concreto com as causas das desigualdades onde quer que elas existam.&#8221; [Plataforma Portuguesa das ONGD, 2018]<\/p>\n<p>Desta forma, a EDCG procura consciencializar e promover a reflex\u00e3o cr\u00edtica, a mobiliza\u00e7\u00e3o e a participa\u00e7\u00e3o cidad\u00e3 em torno de temas transversais \u00e0s quest\u00f5es do Desenvolvimento e das desigualdades socioecon\u00f3micas \u00e0 escala global. Atrav\u00e9s de projetos,<strong>\u00a0<\/strong>estas quest\u00f5es chegam a escolas, universidades e outros grupos, em conjunto com parceiros que promovem igualmente a vis\u00e3o e a viv\u00eancia de um mundo mais justo, sustent\u00e1vel e inclusivo.<\/p>\n<p>A VIDA encontra-se sempre dispon\u00edvel para a participa\u00e7\u00e3o em eventos de sensibiliza\u00e7\u00e3o sobre estes temas, nomeadamente palestras, oficinas, semin\u00e1rios organizados por escolas e outras institui\u00e7\u00f5es.<\/p>\n<p>[\/et_pb_text][et_pb_button button_url=&#8221;http:\/\/vida.org.pt\/o-que-fazemos\/areas-de-intervencao\/&#8221; button_text=&#8221;Voltar&#8221; button_alignment=&#8221;left&#8221; _builder_version=&#8221;3.16&#8243; custom_button=&#8221;on&#8221; button_text_size=&#8221;14&#8243; button_letter_spacing_hover=&#8221;0&#8243; button_text_size__hover_enabled=&#8221;off&#8221; button_text_size__hover=&#8221;null&#8221; button_one_text_size__hover_enabled=&#8221;off&#8221; button_one_text_size__hover=&#8221;null&#8221; button_two_text_size__hover_enabled=&#8221;off&#8221; button_two_text_size__hover=&#8221;null&#8221; button_text_color__hover_enabled=&#8221;off&#8221; button_text_color__hover=&#8221;null&#8221; button_one_text_color__hover_enabled=&#8221;off&#8221; button_one_text_color__hover=&#8221;null&#8221; button_two_text_color__hover_enabled=&#8221;off&#8221; button_two_text_color__hover=&#8221;null&#8221; button_border_width__hover_enabled=&#8221;off&#8221; button_border_width__hover=&#8221;null&#8221; button_one_border_width__hover_enabled=&#8221;off&#8221; button_one_border_width__hover=&#8221;null&#8221; button_two_border_width__hover_enabled=&#8221;off&#8221; button_two_border_width__hover=&#8221;null&#8221; button_border_color__hover_enabled=&#8221;off&#8221; button_border_color__hover=&#8221;null&#8221; button_one_border_color__hover_enabled=&#8221;off&#8221; button_one_border_color__hover=&#8221;null&#8221; button_two_border_color__hover_enabled=&#8221;off&#8221; button_two_border_color__hover=&#8221;null&#8221; button_border_radius__hover_enabled=&#8221;off&#8221; button_border_radius__hover=&#8221;null&#8221; button_one_border_radius__hover_enabled=&#8221;off&#8221; button_one_border_radius__hover=&#8221;null&#8221; button_two_border_radius__hover_enabled=&#8221;off&#8221; button_two_border_radius__hover=&#8221;null&#8221; button_letter_spacing__hover_enabled=&#8221;on&#8221; button_letter_spacing__hover=&#8221;0&#8243; button_one_letter_spacing__hover_enabled=&#8221;off&#8221; button_one_letter_spacing__hover=&#8221;null&#8221; button_two_letter_spacing__hover_enabled=&#8221;off&#8221; button_two_letter_spacing__hover=&#8221;null&#8221; button_bg_color__hover_enabled=&#8221;off&#8221; button_bg_color__hover=&#8221;null&#8221; button_one_bg_color__hover_enabled=&#8221;off&#8221; button_one_bg_color__hover=&#8221;null&#8221; button_two_bg_color__hover_enabled=&#8221;off&#8221; button_two_bg_color__hover=&#8221;null&#8221;][\/et_pb_button][\/et_pb_column][et_pb_column type=&#8221;2_5&#8243; _builder_version=&#8221;3.25&#8243; custom_padding=&#8221;|||&#8221; custom_padding__hover=&#8221;|||&#8221;][et_pb_image src=&#8221;https:\/\/vida.org.pt\/wp-content\/uploads\/2023\/01\/Oficina-Sementes_ESRDA_24-11-2022-19-scaled.jpg&#8221; title_text=&#8221;Oficina Sementes_ESRDA_24-11-2022 (19)&#8221; show_in_lightbox=&#8221;on&#8221; use_overlay=&#8221;on&#8221; hover_overlay_color=&#8221;rgba(12,113,195,0.31)&#8221; align=&#8221;center&#8221; align_tablet=&#8221;center&#8221; align_phone=&#8221;&#8221; align_last_edited=&#8221;on|desktop&#8221; admin_label=&#8221;Image&#8221; _builder_version=&#8221;4.9.3&#8243; module_alignment=&#8221;center&#8221; animation_style=&#8221;slide&#8221; animation_direction=&#8221;left&#8221; animation_duration=&#8221;500ms&#8221; animation_intensity_slide=&#8221;10%&#8221; use_border_color=&#8221;off&#8221; border_color=&#8221;#ffffff&#8221; border_style=&#8221;solid&#8221; animation=&#8221;left&#8221; sticky=&#8221;off&#8221; always_center_on_mobile=&#8221;on&#8221;] [\/et_pb_image][\/et_pb_column][\/et_pb_row][et_pb_row _builder_version=&#8221;4.9.3&#8243; _module_preset=&#8221;default&#8221;][et_pb_column type=&#8221;4_4&#8243; _builder_version=&#8221;4.9.3&#8243; _module_preset=&#8221;default&#8221;][et_pb_divider color=&#8221;rgba(0,0,0,0.56)&#8221; _builder_version=&#8221;4.9.3&#8243; _module_preset=&#8221;default&#8221;][\/et_pb_divider][\/et_pb_column][\/et_pb_row][et_pb_row column_structure=&#8221;3_5,2_5&#8243; _builder_version=&#8221;4.9.3&#8243; _module_preset=&#8221;default&#8221; custom_margin=&#8221;14px|auto||auto||&#8221; custom_padding=&#8221;0px|||||&#8221;][et_pb_column type=&#8221;3_5&#8243; _builder_version=&#8221;4.9.3&#8243; _module_preset=&#8221;default&#8221;][et_pb_text _builder_version=&#8221;4.9.3&#8243; _module_preset=&#8221;default&#8221; text_font=&#8221;|600|||||||&#8221; text_font_size=&#8221;16px&#8221; header_4_font=&#8221;|800|||||||&#8221; header_4_text_color=&#8221;#b61918&#8243; width=&#8221;100%&#8221; custom_padding=&#8221;||0px|||&#8221; hover_enabled=&#8221;0&#8243; animation_style=&#8221;fade&#8221; sticky_enabled=&#8221;0&#8243;]<\/p>\n<h4>\u00c1REAS DE INTERVEN\u00c7\u00c3O<\/h4>\n<p>[\/et_pb_text][et_pb_text _builder_version=&#8221;4.9.3&#8243; _module_preset=&#8221;default&#8221; text_font=&#8221;|600|||||||&#8221; text_font_size=&#8221;16px&#8221; text_line_height=&#8221;1.8em&#8221; header_4_font=&#8221;|800|||||||&#8221; header_4_text_color=&#8221;#b61918&#8243; width=&#8221;100%&#8221; custom_margin=&#8221;-14px|||||&#8221; custom_padding=&#8221;24px|||||&#8221; hover_enabled=&#8221;0&#8243; animation_style=&#8221;fade&#8221; sticky_enabled=&#8221;0&#8243;]<\/p>\n<p>\u2022 Educa\u00e7\u00e3o n\u00e3o-formal &#8211; Forma\u00e7\u00e3o ao longo da vida<br \/>\u2022 Desenvolvimento de compet\u00eancias em \u00e1reas transversais<br \/>\u2022 Promo\u00e7\u00e3o da Educa\u00e7\u00e3o para o Desenvolvimento e Cidadania Global em contexto escolar<br \/>\u2022 A\u00e7\u00f5es de sensibiliza\u00e7\u00e3o junto da popula\u00e7\u00e3o em geral<\/p>\n<p>[\/et_pb_text][\/et_pb_column][et_pb_column type=&#8221;2_5&#8243; _builder_version=&#8221;4.9.3&#8243; _module_preset=&#8221;default&#8221;][et_pb_text _builder_version=&#8221;4.9.3&#8243; _module_preset=&#8221;default&#8221; custom_margin=&#8221;34px|||||&#8221; custom_padding=&#8221;|||32px||&#8221; hover_enabled=&#8221;0&#8243; animation_style=&#8221;slide&#8221; sticky_enabled=&#8221;0&#8243;]<\/p>\n<p style=\"text-align: left;\"><img loading=\"lazy\" decoding=\"async\" src=\"https:\/\/vida.org.pt\/wp-content\/uploads\/2024\/01\/ods_04.png\" width=\"109\" height=\"116\" alt=\"\" class=\"wp-image-33338 alignnone size-full\" \/> \u00a0 <img loading=\"lazy\" decoding=\"async\" src=\"https:\/\/vida.org.pt\/wp-content\/uploads\/2024\/01\/ods1-f56991d0.png\" width=\"109\" height=\"109\" alt=\"\" class=\"wp-image-33175 alignnone size-full\" srcset=\"https:\/\/vida.org.pt\/wp-content\/uploads\/2024\/01\/ods1-f56991d0.png 150w, https:\/\/vida.org.pt\/wp-content\/uploads\/2024\/01\/ods1-f56991d0-100x100.png 100w\" sizes=\"auto, (max-width: 109px) 100vw, 109px\" \/> \u00a0 <img loading=\"lazy\" decoding=\"async\" src=\"https:\/\/vida.org.pt\/wp-content\/uploads\/2024\/01\/ods5-e974173e.png\" width=\"109\" height=\"110\" alt=\"\" class=\"wp-image-33176 alignnone size-full\" srcset=\"https:\/\/vida.org.pt\/wp-content\/uploads\/2024\/01\/ods5-e974173e.png 200w, https:\/\/vida.org.pt\/wp-content\/uploads\/2024\/01\/ods5-e974173e-100x100.png 100w, https:\/\/vida.org.pt\/wp-content\/uploads\/2024\/01\/ods5-e974173e-150x150.png 150w\" sizes=\"auto, (max-width: 109px) 100vw, 109px\" \/> \u00a0 <img loading=\"lazy\" decoding=\"async\" src=\"https:\/\/vida.org.pt\/wp-content\/uploads\/2024\/01\/ods_10.png\" width=\"109\" height=\"110\" alt=\"\" class=\"wp-image-33369 alignnone size-full\" srcset=\"https:\/\/vida.org.pt\/wp-content\/uploads\/2024\/01\/ods_10.png 220w, https:\/\/vida.org.pt\/wp-content\/uploads\/2024\/01\/ods_10-100x100.png 100w, https:\/\/vida.org.pt\/wp-content\/uploads\/2024\/01\/ods_10-150x150.png 150w\" sizes=\"auto, (max-width: 109px) 100vw, 109px\" \/>\u00a0 \u00a0<img loading=\"lazy\" decoding=\"async\" src=\"https:\/\/vida.org.pt\/wp-content\/uploads\/2024\/01\/ods_12.png\" width=\"109\" height=\"108\" alt=\"\" class=\"wp-image-33417 alignnone size-full\" srcset=\"https:\/\/vida.org.pt\/wp-content\/uploads\/2024\/01\/ods_12.png 220w, https:\/\/vida.org.pt\/wp-content\/uploads\/2024\/01\/ods_12-100x100.png 100w, https:\/\/vida.org.pt\/wp-content\/uploads\/2024\/01\/ods_12-150x150.png 150w\" sizes=\"auto, (max-width: 109px) 100vw, 109px\" \/>\u00a0 \u00a0<img loading=\"lazy\" decoding=\"async\" src=\"https:\/\/vida.org.pt\/wp-content\/uploads\/2024\/01\/ods_13.png\" width=\"109\" height=\"110\" alt=\"\" class=\"wp-image-33192 alignnone size-full\" srcset=\"https:\/\/vida.org.pt\/wp-content\/uploads\/2024\/01\/ods_13.png 220w, https:\/\/vida.org.pt\/wp-content\/uploads\/2024\/01\/ods_13-100x100.png 100w, https:\/\/vida.org.pt\/wp-content\/uploads\/2024\/01\/ods_13-150x150.png 150w\" sizes=\"auto, (max-width: 109px) 100vw, 109px\" \/><\/p>\n<p>[\/et_pb_text][\/et_pb_column][\/et_pb_row][et_pb_row _builder_version=&#8221;4.9.3&#8243; _module_preset=&#8221;default&#8221;][et_pb_column type=&#8221;4_4&#8243; _builder_version=&#8221;4.9.3&#8243; _module_preset=&#8221;default&#8221;][et_pb_divider color=&#8221;rgba(0,0,0,0.56)&#8221; _builder_version=&#8221;4.9.3&#8243; _module_preset=&#8221;default&#8221;][\/et_pb_divider][\/et_pb_column][\/et_pb_row][et_pb_row _builder_version=&#8221;4.9.3&#8243; _module_preset=&#8221;default&#8221;][et_pb_column type=&#8221;4_4&#8243; _builder_version=&#8221;4.9.3&#8243; _module_preset=&#8221;default&#8221;][et_pb_text _builder_version=&#8221;4.9.3&#8243; _module_preset=&#8221;default&#8221; header_font_size=&#8221;22px&#8221; header_3_text_color=&#8221;#b61918&#8243; header_4_font=&#8221;|800|||||||&#8221; header_4_text_color=&#8221;#b61918&#8243; hover_enabled=&#8221;0&#8243; animation_style=&#8221;fade&#8221; sticky_enabled=&#8221;0&#8243;]<\/p>\n<h4>PROJETOS CONCLU\u00cdDOS<\/h4>\n<p>[\/et_pb_text][\/et_pb_column][\/et_pb_row][et_pb_row column_structure=&#8221;1_3,1_3,1_3&#8243; _builder_version=&#8221;4.9.3&#8243; _module_preset=&#8221;default&#8221; custom_margin=&#8221;-27px|auto||auto||&#8221; custom_padding=&#8221;||40px|||&#8221; hover_enabled=&#8221;0&#8243; animation_style=&#8221;fade&#8221; sticky_enabled=&#8221;0&#8243;][et_pb_column type=&#8221;1_3&#8243; _builder_version=&#8221;4.9.3&#8243; _module_preset=&#8221;default&#8221;][et_pb_blurb title=&#8221;1Planet4All: Empowering youth, living EU values, tackling climate change&#8221; url=&#8221;https:\/\/vida.org.pt\/1planet4all\/blogue\/&#8221; image=&#8221;https:\/\/vida.org.pt\/wp-content\/uploads\/2023\/07\/WS_Compost_schools-5-1.jpg&#8221; _builder_version=&#8221;4.9.3&#8243; _module_preset=&#8221;default&#8221; body_font_size=&#8221;13px&#8221; body_line_height=&#8221;1.5em&#8221;]<\/p>\n<p>Este projeto resultou de uma alian\u00e7a de 14 ONGD de toda a Europa que trabalham em pa\u00edses do Sul Global, severamente afetados pelas altera\u00e7\u00f5es clim\u00e1ticas. Aproximando as realidades do Norte e do Sul Global, <span>pretendeu promover a consciencializa\u00e7\u00e3o e o entendimento cr\u00edtico dos jovens europeus em rela\u00e7\u00e3o \u00e0s altera\u00e7\u00f5es clim\u00e1ticas enquanto amea\u00e7a ao alcance dos Objetivos de Desenvolvimento Sustent\u00e1vel, e inspirar o seu envolvimento ativo em a\u00e7\u00f5es concretas para a constru\u00e7\u00e3o de comunidades \u201cclimate-smart\u201d, seguras e inclusivas.<\/span><\/p>\n<p>[\/et_pb_blurb][\/et_pb_column][et_pb_column type=&#8221;1_3&#8243; _builder_version=&#8221;4.9.3&#8243; _module_preset=&#8221;default&#8221;][et_pb_blurb title=&#8221;Planeta VIDA&#8221; url=&#8221;https:\/\/www.facebook.com\/planetavidaorg&#8221; image=&#8221;https:\/\/vida.org.pt\/wp-content\/uploads\/2017\/02\/educacao-desenvolvimento.jpg&#8221; _builder_version=&#8221;4.9.3&#8243; _module_preset=&#8221;default&#8221; body_font_size=&#8221;13px&#8221; body_line_height=&#8221;1.5em&#8221;]<\/p>\n<p>Este projeto desenvolveu uma rede de a\u00e7\u00e3o entre escolas com vista a promover a reflex\u00e3o em torno de temas relacionados com os Objetivos de Desenvolvimento Sustent\u00e1vel, e as interdepend\u00eancias e liga\u00e7\u00f5es em quest\u00f5es como o Desenvolvimento e as desigualdades globais. Foi criado um website &#8211; Planeta VIDA [atualmente desativado] &#8211; com o objetivo de disponibilizar conte\u00fados e informa\u00e7\u00e3o de qualidade, relacionados com estes temas, a crian\u00e7as, jovens e agentes educativos em qualquer parte do pa\u00eds.<\/p>\n<p>[\/et_pb_blurb][\/et_pb_column][et_pb_column type=&#8221;1_3&#8243; _builder_version=&#8221;4.9.3&#8243; _module_preset=&#8221;default&#8221;][\/et_pb_column][\/et_pb_row][et_pb_row _builder_version=&#8221;4.9.3&#8243; _module_preset=&#8221;default&#8221;][et_pb_column type=&#8221;4_4&#8243; _builder_version=&#8221;4.9.3&#8243; _module_preset=&#8221;default&#8221;][et_pb_divider color=&#8221;rgba(0,0,0,0.56)&#8221; _builder_version=&#8221;4.9.3&#8243; _module_preset=&#8221;default&#8221;][\/et_pb_divider][\/et_pb_column][\/et_pb_row][et_pb_row column_structure=&#8221;1_2,1_2&#8243; admin_label=&#8221;Row&#8221; _builder_version=&#8221;4.9.3&#8243; background_size=&#8221;initial&#8221; background_position=&#8221;top_left&#8221; background_repeat=&#8221;repeat&#8221; custom_margin=&#8221;-13px|auto||auto||&#8221; custom_padding=&#8221;||0px|||&#8221; hover_enabled=&#8221;0&#8243; animation_style=&#8221;fade&#8221; sticky_enabled=&#8221;0&#8243;][et_pb_column type=&#8221;1_2&#8243; _builder_version=&#8221;3.25&#8243; custom_padding=&#8221;|||&#8221; custom_padding__hover=&#8221;|||&#8221;][et_pb_cta title=&#8221;Escolas pelo Planeta&#8221; button_url=&#8221;http:\/\/planetavida.org&#8221; url_new_window=&#8221;on&#8221; button_text=&#8221;Aceda aqui&#8221; admin_label=&#8221;Chamada ao V\u00eddeo&#8221; _builder_version=&#8221;4.9.3&#8243; body_font_size=&#8221;15px&#8221; body_line_height=&#8221;1.5em&#8221; background_color=&#8221;#0c71c3&#8243; background_size=&#8221;initial&#8221; background_position=&#8221;top_left&#8221; background_repeat=&#8221;repeat&#8221; custom_button=&#8221;on&#8221; button_text_size=&#8221;17px&#8221; custom_padding=&#8221;40px||44px|||&#8221; hover_enabled=&#8221;0&#8243; use_border_color=&#8221;off&#8221; border_color=&#8221;#ffffff&#8221; border_style=&#8221;solid&#8221; button_letter_spacing_hover=&#8221;0&#8243; button_text_size__hover_enabled=&#8221;off&#8221; button_one_text_size__hover_enabled=&#8221;off&#8221; button_two_text_size__hover_enabled=&#8221;off&#8221; button_text_color__hover_enabled=&#8221;off&#8221; button_one_text_color__hover_enabled=&#8221;off&#8221; button_two_text_color__hover_enabled=&#8221;off&#8221; button_border_width__hover_enabled=&#8221;off&#8221; button_one_border_width__hover_enabled=&#8221;off&#8221; button_two_border_width__hover_enabled=&#8221;off&#8221; button_border_color__hover_enabled=&#8221;off&#8221; button_one_border_color__hover_enabled=&#8221;off&#8221; button_two_border_color__hover_enabled=&#8221;off&#8221; button_border_radius__hover_enabled=&#8221;off&#8221; button_one_border_radius__hover_enabled=&#8221;off&#8221; button_two_border_radius__hover_enabled=&#8221;off&#8221; button_letter_spacing__hover_enabled=&#8221;on&#8221; button_letter_spacing__hover=&#8221;0&#8243; button_one_letter_spacing__hover_enabled=&#8221;off&#8221; button_two_letter_spacing__hover_enabled=&#8221;off&#8221; button_bg_color__hover_enabled=&#8221;off&#8221; button_one_bg_color__hover_enabled=&#8221;off&#8221; button_two_bg_color__hover_enabled=&#8221;off&#8221; sticky_enabled=&#8221;0&#8243;]<\/p>\n<p><span>Iniciativa desenvolvida no \u00e2mbito do projeto <em>1Planet4All<\/em> com o objetivo de unir todas as escolas ao compromisso de participar ativamente na a\u00e7\u00e3o clim\u00e1tica. O<\/span><span>\u00a0<\/span>Escolas pelo Planeta<span>\u00a0visa construir uma comunidade de aprendizagem e a\u00e7\u00e3o na qual todos e todas t\u00eam um papel e uma voz.\u00a0<\/span><\/p>\n<p>[\/et_pb_cta][\/et_pb_column][et_pb_column type=&#8221;1_2&#8243; _builder_version=&#8221;4.9.3&#8243; _module_preset=&#8221;default&#8221;][et_pb_video src=&#8221;https:\/\/www.youtube.com\/watch?v=hgiAik0qG0g&#8221; _builder_version=&#8221;4.9.3&#8243; _module_preset=&#8221;default&#8221; hover_enabled=&#8221;0&#8243; sticky_enabled=&#8221;0&#8243;][\/et_pb_video][\/et_pb_column][\/et_pb_row][et_pb_row _builder_version=&#8221;4.9.3&#8243; _module_preset=&#8221;default&#8221; min_height=&#8221;37.4px&#8221; custom_padding=&#8221;55px|||||&#8221;][et_pb_column type=&#8221;4_4&#8243; _builder_version=&#8221;4.9.3&#8243; _module_preset=&#8221;default&#8221;][et_pb_divider color=&#8221;rgba(0,0,0,0.56)&#8221; _builder_version=&#8221;4.9.3&#8243; _module_preset=&#8221;default&#8221; custom_margin=&#8221;||-12px|||&#8221;][\/et_pb_divider][\/et_pb_column][\/et_pb_row][et_pb_row _builder_version=&#8221;4.9.3&#8243; _module_preset=&#8221;default&#8221;][et_pb_column type=&#8221;4_4&#8243; _builder_version=&#8221;4.9.3&#8243; _module_preset=&#8221;default&#8221;][et_pb_text _builder_version=&#8221;4.9.3&#8243; _module_preset=&#8221;default&#8221; header_font_size=&#8221;22px&#8221; header_3_text_color=&#8221;#b61918&#8243; header_4_font=&#8221;|800|||||||&#8221; header_4_text_color=&#8221;#b61918&#8243;]<\/p>\n<h4>RECURSOS &amp; INVESTIGA\u00c7\u00c3O<\/h4>\n<p>[\/et_pb_text][\/et_pb_column][\/et_pb_row][et_pb_row column_structure=&#8221;1_3,1_3,1_3&#8243; _builder_version=&#8221;4.9.3&#8243; _module_preset=&#8221;default&#8221; custom_margin=&#8221;|auto|35px|auto||&#8221; custom_padding=&#8221;9px||5px|||&#8221;][et_pb_column type=&#8221;1_3&#8243; admin_label=&#8221;Plantar a Mudan\u00e7a! 2023&#8243; _builder_version=&#8221;4.9.3&#8243; _module_preset=&#8221;default&#8221;][et_pb_blurb title=&#8221;Plantar a Mudan\u00e7a! \u2013 Uma experi\u00eancia de utiliza\u00e7\u00e3o de hortas escolares como espa\u00e7os de aprendizagem e de conex\u00e3o com a natureza&#8221; url=&#8221;https:\/\/vida.org.pt\/wp-content\/uploads\/2023\/10\/Artigo_Plantar-a-Mudanca.pdf&#8221; url_new_window=&#8221;on&#8221; use_icon=&#8221;on&#8221; font_icon=&#8221;%%73%%&#8221; icon_color=&#8221;#b61918&#8243; icon_placement=&#8221;left&#8221; use_icon_font_size=&#8221;on&#8221; icon_font_size=&#8221;24px&#8221; _builder_version=&#8221;4.9.3&#8243; _module_preset=&#8221;default&#8221; body_font_size=&#8221;13px&#8221;]<\/p>\n<p class=\"et_pb_module_header\">Diogo Mendes, Ana Margarida Vaz, Patr\u00edcia Maridalho, Ana Gaspar Nunes (VIDA)<br \/>Apresentado no V Col\u00f3quio Nacional de Horticultura Biol\u00f3gica\u00a0(2023)<\/p>\n<p>[\/et_pb_blurb][\/et_pb_column][et_pb_column type=&#8221;1_3&#8243; admin_label=&#8221;Miniflorestas para MegaAprendizagens (2023)&#8221; _builder_version=&#8221;4.9.3&#8243; _module_preset=&#8221;default&#8221;][et_pb_blurb title=&#8221;MiniFlorestas para MegaAprendizagens &#8211; Um guia para a integra\u00e7\u00e3o da biodiversidade urbana no ensino&#8221; url=&#8221;https:\/\/vida.org.pt\/guia-miniflorestas\/&#8221; url_new_window=&#8221;on&#8221; use_icon=&#8221;on&#8221; font_icon=&#8221;%%73%%&#8221; icon_color=&#8221;#b61918&#8243; icon_placement=&#8221;left&#8221; use_icon_font_size=&#8221;on&#8221; icon_font_size=&#8221;24px&#8221; _builder_version=&#8221;4.9.3&#8243; _module_preset=&#8221;default&#8221; body_font_size=&#8221;13px&#8221;]<\/p>\n<p>Ant\u00f3nio Alexandre e David Avelar (editores)<br \/>Facilitado pela 2adapt em colabora\u00e7\u00e3o com diversas institui\u00e7\u00f5es (2023)<\/p>\n<p>[\/et_pb_blurb][\/et_pb_column][et_pb_column type=&#8221;1_3&#8243; admin_label=&#8221;Desconstru\u00e7\u00e3o Construtiva (2022)&#8221; _builder_version=&#8221;4.9.3&#8243; _module_preset=&#8221;default&#8221;][et_pb_blurb title=&#8221;Desconstru\u00e7\u00e3o Construtiva &#8211; A viagem de uma banana da Costa Rica&#8221; url=&#8221;https:\/\/escolaspeloplaneta.pt\/desconstrucao-construtiva-guia-da-dinamica\/&#8221; url_new_window=&#8221;on&#8221; use_icon=&#8221;on&#8221; font_icon=&#8221;%%73%%&#8221; icon_color=&#8221;#b61918&#8243; icon_placement=&#8221;left&#8221; use_icon_font_size=&#8221;on&#8221; icon_font_size=&#8221;24px&#8221; _builder_version=&#8221;4.9.3&#8243; _module_preset=&#8221;default&#8221; body_font_size=&#8221;13px&#8221;]<\/p>\n<p>Din\u00e2mica concebida por Frederica Teixeira (Wakeseed Agroecologia\/ C\u00edrculos de Sementes)<br \/>Adapta\u00e7\u00e3o (2022) por Ana Margarida Vaz e Diogo Mendes (VIDA)<\/p>\n<p>[\/et_pb_blurb][\/et_pb_column][\/et_pb_row][et_pb_row column_structure=&#8221;1_3,1_3,1_3&#8243; _builder_version=&#8221;4.9.3&#8243; _module_preset=&#8221;default&#8221; custom_margin=&#8221;|auto|35px|auto||&#8221; custom_padding=&#8221;9px||5px|||&#8221;][et_pb_column type=&#8221;1_3&#8243; admin_label=&#8221;Speakers do clima &#8211; manual (2021)&#8221; _builder_version=&#8221;4.9.3&#8243; _module_preset=&#8221;default&#8221;][et_pb_blurb title=&#8221;Speakers do Clima &#8211; Manual de formandos&#8221; url=&#8221;https:\/\/vida.org.pt\/wp-content\/uploads\/2021\/05\/1Planet4All_Manual_Speakers-do-Clima-online.pdf&#8221; url_new_window=&#8221;on&#8221; use_icon=&#8221;on&#8221; font_icon=&#8221;%%73%%&#8221; icon_color=&#8221;#b61918&#8243; icon_placement=&#8221;left&#8221; use_icon_font_size=&#8221;on&#8221; icon_font_size=&#8221;24px&#8221; _builder_version=&#8221;4.9.3&#8243; _module_preset=&#8221;default&#8221; body_font_size=&#8221;13px&#8221;]<\/p>\n<p>Jos\u00e9 Azevedo (coord.), Ana Sofia Maia, Ivone Neiva Santos<br \/>Em parceria com a Faculdade de Letras da Universidade do Porto (2021)<\/p>\n<p>[\/et_pb_blurb][\/et_pb_column][et_pb_column type=&#8221;1_3&#8243; _builder_version=&#8221;4.9.3&#8243; _module_preset=&#8221;default&#8221;][\/et_pb_column][et_pb_column type=&#8221;1_3&#8243; _builder_version=&#8221;4.9.3&#8243; _module_preset=&#8221;default&#8221;][\/et_pb_column][\/et_pb_row][et_pb_row _builder_version=&#8221;4.9.3&#8243; _module_preset=&#8221;default&#8221;][et_pb_column type=&#8221;4_4&#8243; _builder_version=&#8221;4.9.3&#8243; _module_preset=&#8221;default&#8221;][et_pb_divider color=&#8221;rgba(0,0,0,0.56)&#8221; _builder_version=&#8221;4.9.3&#8243; _module_preset=&#8221;default&#8221;][\/et_pb_divider][et_pb_text _builder_version=&#8221;4.9.3&#8243; _module_preset=&#8221;default&#8221; header_font_size=&#8221;22px&#8221; header_3_text_color=&#8221;#b61918&#8243; header_4_font=&#8221;|800|||||||&#8221; header_4_text_color=&#8221;#b61918&#8243; hover_enabled=&#8221;0&#8243; animation_style=&#8221;fade&#8221; sticky_enabled=&#8221;0&#8243;]<\/p>\n<h4>EVENTOS ORGANIZADOS<\/h4>\n<p>[\/et_pb_text][\/et_pb_column][\/et_pb_row][et_pb_row column_structure=&#8221;2_3,1_3&#8243; _builder_version=&#8221;4.9.3&#8243; _module_preset=&#8221;default&#8221; custom_padding=&#8221;15px|||||&#8221; hover_enabled=&#8221;0&#8243; sticky_enabled=&#8221;0&#8243;][et_pb_column type=&#8221;2_3&#8243; _builder_version=&#8221;4.9.3&#8243; _module_preset=&#8221;default&#8221;][et_pb_accordion _builder_version=&#8221;4.9.3&#8243; _module_preset=&#8221;default&#8221; min_height=&#8221;333.2px&#8221; custom_margin=&#8221;0px||14px|||&#8221; link_option_url=&#8221;https:\/\/vida.org.pt\/3-anos-de-1planet4all-estamos-no-caminho-da-mudanca\/&#8221; hover_enabled=&#8221;0&#8243; sticky_enabled=&#8221;0&#8243; animation_style=&#8221;fade&#8221;][et_pb_accordion_item title=&#8221;3 anos de 1Planet4All: Estamos no caminho da Mudan\u00e7a?&#8221; open=&#8221;on&#8221; _builder_version=&#8221;4.9.3&#8243; _module_preset=&#8221;default&#8221; link_option_url=&#8221;https:\/\/vida.org.pt\/3-anos-de-1planet4all-estamos-no-caminho-da-mudanca\/&#8221; hover_enabled=&#8221;0&#8243; toggle_level=&#8221;h5&#8243; toggle_font_size=&#8221;18px&#8221; sticky_enabled=&#8221;0&#8243; link_option_url_new_window=&#8221;on&#8221;]<\/p>\n<h5><strong>Lisboa, 18 janeiro 2023<\/strong><\/h5>\n<p>Evento final de balan\u00e7o e partilha de aprendizagens por estudantes e docentes das escolas secund\u00e1rias envolvidas, parceiros e financiadores do projeto europeu <em>1Planet4All<\/em><\/p>\n<p><em><\/em>Organizado pela VIDA e financiado pela Uni\u00e3o Europeia e pelo Cam\u00f5es, I.P.<\/p>\n<p><span style=\"text-decoration: underline;\"><strong><a href=\"https:\/\/www.youtube.com\/watch?v=ta8SNftpzrk&amp;t=1s\" target=\"_blank\" rel=\"noopener\">V\u00eddeo resumo do projeto<\/a><\/strong><\/span><strong>\u00a0 |\u00a0 <\/strong><span style=\"text-decoration: underline;\"><strong><a href=\"https:\/\/vida.org.pt\/3-anos-de-1planet4all-estamos-no-caminho-da-mudanca\/\" target=\"_blank\" rel=\"noopener\">Resumo do evento<\/a><\/strong><\/span><strong><\/strong><\/p>\n<p>&nbsp;<\/p>\n<p>[\/et_pb_accordion_item][\/et_pb_accordion][\/et_pb_column][et_pb_column type=&#8221;1_3&#8243; _builder_version=&#8221;4.9.3&#8243; _module_preset=&#8221;default&#8221;][et_pb_image src=&#8221;https:\/\/vida.org.pt\/wp-content\/uploads\/2023\/01\/18012023-_MG_5710-1.jpg&#8221; title_text=&#8221;18012023-_MG_5710&#8243; show_in_lightbox=&#8221;on&#8221; use_overlay=&#8221;on&#8221; hover_overlay_color=&#8221;rgba(12,113,195,0.31)&#8221; align_tablet=&#8221;center&#8221; align_phone=&#8221;&#8221; align_last_edited=&#8221;on|desktop&#8221; admin_label=&#8221;Image&#8221; _builder_version=&#8221;4.9.3&#8243; animation_style=&#8221;slide&#8221; animation_direction=&#8221;left&#8221; animation_duration=&#8221;500ms&#8221; animation_intensity_slide=&#8221;10%&#8221; hover_enabled=&#8221;0&#8243; use_border_color=&#8221;off&#8221; border_color=&#8221;#ffffff&#8221; border_style=&#8221;solid&#8221; animation=&#8221;left&#8221; sticky=&#8221;off&#8221; always_center_on_mobile=&#8221;on&#8221; min_height=&#8221;232.7px&#8221; sticky_enabled=&#8221;0&#8243;] [\/et_pb_image][\/et_pb_column][\/et_pb_row][et_pb_row column_structure=&#8221;2_3,1_3&#8243; _builder_version=&#8221;4.9.3&#8243; _module_preset=&#8221;default&#8221; custom_padding=&#8221;15px|||||&#8221; hover_enabled=&#8221;0&#8243; sticky_enabled=&#8221;0&#8243;][et_pb_column type=&#8221;2_3&#8243; _builder_version=&#8221;4.9.3&#8243; _module_preset=&#8221;default&#8221;][et_pb_accordion _builder_version=&#8221;4.9.3&#8243; _module_preset=&#8221;default&#8221; min_height=&#8221;312.2px&#8221; custom_margin=&#8221;0px||14px|||&#8221; link_option_url=&#8221;https:\/\/vida.org.pt\/3-anos-de-1planet4all-estamos-no-caminho-da-mudanca\/&#8221; hover_enabled=&#8221;0&#8243; sticky_enabled=&#8221;0&#8243; animation_style=&#8221;fade&#8221;][et_pb_accordion_item title=&#8221;A Educa\u00e7\u00e3o para o Desenvolvimento e o nosso futuro: O caso do projeto %22Planeta Vida%22 como transformador de espa\u00e7os educativos&#8221; open=&#8221;on&#8221; _builder_version=&#8221;4.9.3&#8243; _module_preset=&#8221;default&#8221; link_option_url=&#8221;https:\/\/www.facebook.com\/planetavidaorg\/photos\/a.146035162170095\/881765095263761\/&#8221; hover_enabled=&#8221;0&#8243; toggle_level=&#8221;h5&#8243; toggle_font_size=&#8221;18px&#8221; sticky_enabled=&#8221;0&#8243;]<\/p>\n<h5><strong>Lisboa, 28 novembro 2015<\/strong><\/h5>\n<p>Evento de partilha de aprendizagens e experi\u00eancias de crian\u00e7as, jovens e docentes que participaram no projeto <em>Planeta Vida<\/em><\/p>\n<p><em><\/em>Organizado pela VIDA, em parceria com a APROFGEO, e financiado pelo Cam\u00f5es, I.P.<\/p>\n<p><span style=\"text-decoration: underline;\"><a href=\"https:\/\/www.facebook.com\/planetavidaorg\/photos\/a.146035162170095\/881765095263761\/\" target=\"_blank\" rel=\"noopener\" title=\"Programa do evento\"><strong>Programa do evento<\/strong><\/a><\/span><strong><\/strong><\/p>\n<p>[\/et_pb_accordion_item][\/et_pb_accordion][\/et_pb_column][et_pb_column type=&#8221;1_3&#8243; _builder_version=&#8221;4.9.3&#8243; _module_preset=&#8221;default&#8221;][et_pb_image src=&#8221;https:\/\/vida.org.pt\/wp-content\/uploads\/2024\/01\/10352593_685844698189136_4332435045587876048_n.jpg&#8221; title_text=&#8221;10352593_685844698189136_4332435045587876048_n&#8221; show_in_lightbox=&#8221;on&#8221; use_overlay=&#8221;on&#8221; hover_overlay_color=&#8221;rgba(12,113,195,0.31)&#8221; align_tablet=&#8221;center&#8221; align_phone=&#8221;&#8221; align_last_edited=&#8221;on|desktop&#8221; admin_label=&#8221;Image&#8221; _builder_version=&#8221;4.9.3&#8243; animation_style=&#8221;slide&#8221; animation_direction=&#8221;left&#8221; animation_duration=&#8221;500ms&#8221; animation_intensity_slide=&#8221;10%&#8221; hover_enabled=&#8221;0&#8243; use_border_color=&#8221;off&#8221; border_color=&#8221;#ffffff&#8221; border_style=&#8221;solid&#8221; animation=&#8221;left&#8221; sticky=&#8221;off&#8221; always_center_on_mobile=&#8221;on&#8221; sticky_enabled=&#8221;0&#8243;] [\/et_pb_image][\/et_pb_column][\/et_pb_row][\/et_pb_section]<\/p>\n","protected":false},"excerpt":{"rendered":"<p>[et_pb_section fb_built=&#8221;1&#8243; fullwidth=&#8221;on&#8221; admin_label=&#8221;section&#8221; _builder_version=&#8221;4.9.3&#8243; _module_preset=&#8221;37224467-4af1-4d9c-afa5-8553279e0a9b&#8221; background_image=&#8221;https:\/\/vida.org.pt\/wp-content\/uploads\/2023\/07\/Mural_ESMP_finalizado_20-06-23-1.jpg&#8221; transparent_background=&#8221;off&#8221; padding_mobile=&#8221;off&#8221; make_fullwidth=&#8221;off&#8221; use_custom_width=&#8221;off&#8221; width_unit=&#8221;on&#8221; global_module=&#8221;33360&#8243; saved_tabs=&#8221;all&#8221;][et_pb_fullwidth_header title=&#8221;Educa\u00e7\u00e3o para o Desenvolvimento&#8221; content_max_width=&#8221;none&#8221; admin_label=&#8221;Fullwidth Header&#8221; _builder_version=&#8221;4.9.3&#8243; background_color=&#8221;rgba(0,0,0,0.47)&#8221; button_one_letter_spacing_hover=&#8221;0&#8243; button_two_letter_spacing_hover=&#8221;0&#8243; button_one_text_size__hover_enabled=&#8221;off&#8221; button_two_text_size__hover_enabled=&#8221;off&#8221; button_one_text_color__hover_enabled=&#8221;off&#8221; button_two_text_color__hover_enabled=&#8221;off&#8221; button_one_border_width__hover_enabled=&#8221;off&#8221; button_two_border_width__hover_enabled=&#8221;off&#8221; button_one_border_color__hover_enabled=&#8221;off&#8221; button_two_border_color__hover_enabled=&#8221;off&#8221; button_one_border_radius__hover_enabled=&#8221;off&#8221; button_two_border_radius__hover_enabled=&#8221;off&#8221; button_one_letter_spacing__hover_enabled=&#8221;on&#8221; button_one_letter_spacing__hover=&#8221;0&#8243; button_two_letter_spacing__hover_enabled=&#8221;on&#8221; button_two_letter_spacing__hover=&#8221;0&#8243; button_one_bg_color__hover_enabled=&#8221;off&#8221; button_two_bg_color__hover_enabled=&#8221;off&#8221;][\/et_pb_fullwidth_header][\/et_pb_section][et_pb_section fb_built=&#8221;1&#8243; custom_padding_last_edited=&#8221;on|desktop&#8221; admin_label=&#8221;Section&#8221; _builder_version=&#8221;3.22&#8243; background_color=&#8221;rgba(255,255,255,0.21)&#8221; custom_margin=&#8221;||40px|||&#8221; custom_padding=&#8221;13px||0px|||&#8221; custom_padding_tablet=&#8221;50px|0|50px|0&#8243; custom_padding_phone=&#8221;&#8221; transparent_background=&#8221;off&#8221; padding_mobile=&#8221;off&#8221; make_fullwidth=&#8221;off&#8221; use_custom_width=&#8221;off&#8221; width_unit=&#8221;on&#8221;][et_pb_row [&hellip;]<\/p>\n","protected":false},"author":1,"featured_media":0,"comment_status":"open","ping_status":"open","sticky":false,"template":"","format":"standard","meta":{"_et_pb_use_builder":"on","_et_pb_old_content":"","_et_gb_content_width":"","_monsterinsights_skip_tracking":false,"_monsterinsights_sitenote_active":false,"_monsterinsights_sitenote_note":"","_monsterinsights_sitenote_category":0,"footnotes":""},"categories":[11],"tags":[],"class_list":["post-26126","post","type-post","status-publish","format-standard","hentry","category-areas-de-intervencao"],"_links":{"self":[{"href":"https:\/\/vida.org.pt\/en\/wp-json\/wp\/v2\/posts\/26126","targetHints":{"allow":["GET"]}}],"collection":[{"href":"https:\/\/vida.org.pt\/en\/wp-json\/wp\/v2\/posts"}],"about":[{"href":"https:\/\/vida.org.pt\/en\/wp-json\/wp\/v2\/types\/post"}],"author":[{"embeddable":true,"href":"https:\/\/vida.org.pt\/en\/wp-json\/wp\/v2\/users\/1"}],"replies":[{"embeddable":true,"href":"https:\/\/vida.org.pt\/en\/wp-json\/wp\/v2\/comments?post=26126"}],"version-history":[{"count":33,"href":"https:\/\/vida.org.pt\/en\/wp-json\/wp\/v2\/posts\/26126\/revisions"}],"predecessor-version":[{"id":33550,"href":"https:\/\/vida.org.pt\/en\/wp-json\/wp\/v2\/posts\/26126\/revisions\/33550"}],"wp:attachment":[{"href":"https:\/\/vida.org.pt\/en\/wp-json\/wp\/v2\/media?parent=26126"}],"wp:term":[{"taxonomy":"category","embeddable":true,"href":"https:\/\/vida.org.pt\/en\/wp-json\/wp\/v2\/categories?post=26126"},{"taxonomy":"post_tag","embeddable":true,"href":"https:\/\/vida.org.pt\/en\/wp-json\/wp\/v2\/tags?post=26126"}],"curies":[{"name":"wp","href":"https:\/\/api.w.org\/{rel}","templated":true}]}}