{"id":25743,"date":"2017-02-01T12:51:33","date_gmt":"2017-02-01T12:51:33","guid":{"rendered":"http:\/\/vida.org.pt\/?p=25743"},"modified":"2025-08-21T13:44:38","modified_gmt":"2025-08-21T13:44:38","slug":"alimentacao-recursos-naturais-clima","status":"publish","type":"post","link":"https:\/\/vida.org.pt\/en\/alimentacao-recursos-naturais-clima\/","title":{"rendered":"Alimenta\u00e7\u00e3o, Recursos Naturais e Clima"},"content":{"rendered":"<p>[et_pb_section fb_built=&#8221;1&#8243; inner_shadow=&#8221;on&#8221; fullwidth=&#8221;on&#8221; custom_padding_last_edited=&#8221;on|desktop&#8221; admin_label=&#8221;section&#8221; _builder_version=&#8221;3.22&#8243; background_color=&#8221;#6aceb6&#8243; background_image=&#8221;http:\/\/vida.org.pt\/wp-content\/uploads\/2017\/02\/menina-campo-tomate@2x.jpg&#8221; custom_padding_tablet=&#8221;50px|0|50px|0&#8243; custom_padding_phone=&#8221;&#8221; transparent_background=&#8221;off&#8221; padding_mobile=&#8221;off&#8221; make_fullwidth=&#8221;off&#8221; use_custom_width=&#8221;off&#8221; width_unit=&#8221;on&#8221;][et_pb_fullwidth_header title=&#8221;Alimenta\u00e7\u00e3o, Recursos Naturais e Clima&#8221; content_max_width=&#8221;none&#8221; _builder_version=&#8221;4.9.3&#8243; background_color=&#8221;rgba(0,0,0,0.47)&#8221; button_one_letter_spacing_hover=&#8221;0&#8243; button_two_letter_spacing_hover=&#8221;0&#8243; button_one_text_size__hover_enabled=&#8221;off&#8221; button_two_text_size__hover_enabled=&#8221;off&#8221; button_one_text_color__hover_enabled=&#8221;off&#8221; button_two_text_color__hover_enabled=&#8221;off&#8221; button_one_border_width__hover_enabled=&#8221;off&#8221; button_two_border_width__hover_enabled=&#8221;off&#8221; button_one_border_color__hover_enabled=&#8221;off&#8221; button_two_border_color__hover_enabled=&#8221;off&#8221; button_one_border_radius__hover_enabled=&#8221;off&#8221; button_two_border_radius__hover_enabled=&#8221;off&#8221; button_one_letter_spacing__hover_enabled=&#8221;on&#8221; button_one_letter_spacing__hover=&#8221;0&#8243; button_two_letter_spacing__hover_enabled=&#8221;on&#8221; button_two_letter_spacing__hover=&#8221;0&#8243; button_one_bg_color__hover_enabled=&#8221;off&#8221; button_two_bg_color__hover_enabled=&#8221;off&#8221;]<br \/>\n[\/et_pb_fullwidth_header][\/et_pb_section][et_pb_section fb_built=&#8221;1&#8243; custom_padding_last_edited=&#8221;on|desktop&#8221; _builder_version=&#8221;3.22&#8243; background_color=&#8221;rgba(255,255,255,0.21)&#8221; custom_margin=&#8221;||40px|||&#8221; custom_padding=&#8221;13px||0px|||&#8221; custom_padding_tablet=&#8221;50px|0|50px|0&#8243; custom_padding_phone=&#8221;&#8221; transparent_background=&#8221;off&#8221; padding_mobile=&#8221;off&#8221; make_fullwidth=&#8221;off&#8221; use_custom_width=&#8221;off&#8221; width_unit=&#8221;on&#8221; global_module=&#8221;33185&#8243; saved_tabs=&#8221;all&#8221;][et_pb_row column_structure=&#8221;3_5,2_5&#8243; use_custom_gutter=&#8221;on&#8221; padding_mobile=&#8221;off&#8221; column_padding_mobile=&#8221;on&#8221; _builder_version=&#8221;3.25&#8243; background_size=&#8221;initial&#8221; background_position=&#8221;top_left&#8221; background_repeat=&#8221;repeat&#8221; custom_margin=&#8221;44px|auto||auto||&#8221; make_fullwidth=&#8221;off&#8221; use_custom_width=&#8221;off&#8221; width_unit=&#8221;on&#8221;][et_pb_column type=&#8221;3_5&#8243; _builder_version=&#8221;3.25&#8243; custom_padding=&#8221;|||&#8221; custom_padding__hover=&#8221;|||&#8221;][et_pb_text admin_label=&#8221;Sa\u00fade&#8221; _builder_version=&#8221;4.9.3&#8243; text_font_size=&#8221;15px&#8221; background_size=&#8221;initial&#8221; background_position=&#8221;top_left&#8221; background_repeat=&#8221;repeat&#8221; text_orientation=&#8221;justified&#8221; custom_margin=&#8221;||23px|||&#8221; hover_enabled=&#8221;0&#8243; use_border_color=&#8221;off&#8221; border_color=&#8221;#ffffff&#8221; border_style=&#8221;solid&#8221; sticky_enabled=&#8221;0&#8243;]<\/p>\n<p><span>As condi\u00e7\u00f5es de vida existentes nas \u00e1reas onde a VIDA trabalha est\u00e3o altamente dependentes do ecossistema, especialmente da pr\u00e1tica agr\u00edcola e pecu\u00e1ria. S\u00e3o regi\u00f5es rurais, isoladas de centros urbanos, com escasso acesso a mercados ou a informa\u00e7\u00e3o.<\/span><\/p>\n<p><span>A economia familiar assenta numa agricultura de subsist\u00eancia que, geralmente, n\u00e3o \u00e9 suficiente para assegurar as necessidades alimentares e nutricionais da fam\u00edlia.\u00a0<\/span><\/p>\n<p><span>Os desafios impostos pelas altera\u00e7\u00f5es clim\u00e1ticas, novas pestes e doen\u00e7as, a aus\u00eancia de \u00e1gua por per\u00edodos prolongados e a desertifica\u00e7\u00e3o s\u00e3o processos que influenciam a produ\u00e7\u00e3o. Por esse motivo, para assegurar a sobreviv\u00eancia das fam\u00edlias, \u00e9 necess\u00e1rio um trabalho conjunto entre a investiga\u00e7\u00e3o e os\/as agricultores\/as. O trabalho desenvolvido procura encontrar solu\u00e7\u00f5es simples e adequadas \u00e0 realidade de cada contexto baseadas em pr\u00e1ticas agroecol\u00f3gicas, permitindo produzir alimentos em maior quantidade e diversidade, e, por outro lado, contribuir para a conserva\u00e7\u00e3o da floresta e da biodiversidade. <\/span><\/p>\n<p>[\/et_pb_text][et_pb_button button_url=&#8221;http:\/\/vida.org.pt\/o-que-fazemos\/areas-de-intervencao\/&#8221; button_text=&#8221;Voltar&#8221; button_alignment=&#8221;left&#8221; _builder_version=&#8221;3.16&#8243; custom_button=&#8221;on&#8221; button_text_size=&#8221;14&#8243; button_letter_spacing_hover=&#8221;0&#8243; button_text_size__hover_enabled=&#8221;off&#8221; button_text_size__hover=&#8221;null&#8221; button_one_text_size__hover_enabled=&#8221;off&#8221; button_one_text_size__hover=&#8221;null&#8221; button_two_text_size__hover_enabled=&#8221;off&#8221; button_two_text_size__hover=&#8221;null&#8221; button_text_color__hover_enabled=&#8221;off&#8221; button_text_color__hover=&#8221;null&#8221; button_one_text_color__hover_enabled=&#8221;off&#8221; button_one_text_color__hover=&#8221;null&#8221; button_two_text_color__hover_enabled=&#8221;off&#8221; button_two_text_color__hover=&#8221;null&#8221; button_border_width__hover_enabled=&#8221;off&#8221; button_border_width__hover=&#8221;null&#8221; button_one_border_width__hover_enabled=&#8221;off&#8221; button_one_border_width__hover=&#8221;null&#8221; button_two_border_width__hover_enabled=&#8221;off&#8221; button_two_border_width__hover=&#8221;null&#8221; button_border_color__hover_enabled=&#8221;off&#8221; button_border_color__hover=&#8221;null&#8221; button_one_border_color__hover_enabled=&#8221;off&#8221; button_one_border_color__hover=&#8221;null&#8221; button_two_border_color__hover_enabled=&#8221;off&#8221; button_two_border_color__hover=&#8221;null&#8221; button_border_radius__hover_enabled=&#8221;off&#8221; button_border_radius__hover=&#8221;null&#8221; button_one_border_radius__hover_enabled=&#8221;off&#8221; button_one_border_radius__hover=&#8221;null&#8221; button_two_border_radius__hover_enabled=&#8221;off&#8221; button_two_border_radius__hover=&#8221;null&#8221; button_letter_spacing__hover_enabled=&#8221;on&#8221; button_letter_spacing__hover=&#8221;0&#8243; button_one_letter_spacing__hover_enabled=&#8221;off&#8221; button_one_letter_spacing__hover=&#8221;null&#8221; button_two_letter_spacing__hover_enabled=&#8221;off&#8221; button_two_letter_spacing__hover=&#8221;null&#8221; button_bg_color__hover_enabled=&#8221;off&#8221; button_bg_color__hover=&#8221;null&#8221; button_one_bg_color__hover_enabled=&#8221;off&#8221; button_one_bg_color__hover=&#8221;null&#8221; button_two_bg_color__hover_enabled=&#8221;off&#8221; button_two_bg_color__hover=&#8221;null&#8221;][\/et_pb_button][\/et_pb_column][et_pb_column type=&#8221;2_5&#8243; _builder_version=&#8221;3.25&#8243; custom_padding=&#8221;|||&#8221; custom_padding__hover=&#8221;|||&#8221;][et_pb_image src=&#8221;https:\/\/vida.org.pt\/wp-content\/uploads\/2017\/02\/KPT-GB-2016-4.jpg&#8221; title_text=&#8221;KPT GB 2016 (4)&#8221; show_in_lightbox=&#8221;on&#8221; use_overlay=&#8221;on&#8221; hover_overlay_color=&#8221;rgba(12,113,195,0.31)&#8221; align=&#8221;center&#8221; align_tablet=&#8221;center&#8221; align_phone=&#8221;&#8221; align_last_edited=&#8221;on|desktop&#8221; _builder_version=&#8221;4.9.3&#8243; module_alignment=&#8221;center&#8221; animation_style=&#8221;slide&#8221; animation_direction=&#8221;left&#8221; animation_duration=&#8221;500ms&#8221; animation_intensity_slide=&#8221;10%&#8221; use_border_color=&#8221;off&#8221; border_color=&#8221;#ffffff&#8221; border_style=&#8221;solid&#8221; animation=&#8221;left&#8221; sticky=&#8221;off&#8221; always_center_on_mobile=&#8221;on&#8221;][\/et_pb_image][\/et_pb_column][\/et_pb_row][et_pb_row _builder_version=&#8221;4.9.3&#8243; _module_preset=&#8221;default&#8221;][et_pb_column type=&#8221;4_4&#8243; _builder_version=&#8221;4.9.3&#8243; _module_preset=&#8221;default&#8221;][et_pb_divider color=&#8221;rgba(0,0,0,0.56)&#8221; _builder_version=&#8221;4.9.3&#8243; _module_preset=&#8221;default&#8221;][\/et_pb_divider][\/et_pb_column][\/et_pb_row][et_pb_row column_structure=&#8221;2_3,1_3&#8243; _builder_version=&#8221;4.9.3&#8243; _module_preset=&#8221;default&#8221; custom_margin=&#8221;14px|auto||auto||&#8221; custom_padding=&#8221;0px|||||&#8221;][et_pb_column type=&#8221;2_3&#8243; _builder_version=&#8221;4.9.3&#8243; _module_preset=&#8221;default&#8221;][et_pb_text _builder_version=&#8221;4.9.3&#8243; _module_preset=&#8221;default&#8221; text_font=&#8221;|600|||||||&#8221; text_font_size=&#8221;16px&#8221; header_4_font=&#8221;|800|||||||&#8221; header_4_text_color=&#8221;#b61918&#8243; width=&#8221;100%&#8221; custom_padding=&#8221;||0px|||&#8221; animation_style=&#8221;fade&#8221;]<\/p>\n<h4>\u00c1REAS DE INTERVEN\u00c7\u00c3O<\/h4>\n<p>[\/et_pb_text][et_pb_text _builder_version=&#8221;4.9.3&#8243; _module_preset=&#8221;default&#8221; text_font=&#8221;|600|||||||&#8221; text_font_size=&#8221;16px&#8221; text_line_height=&#8221;1.8em&#8221; header_4_font=&#8221;|800|||||||&#8221; header_4_text_color=&#8221;#b61918&#8243; width=&#8221;100%&#8221; custom_margin=&#8221;-14px|||||&#8221; custom_padding=&#8221;8px|||||&#8221; animation_style=&#8221;fade&#8221;]<\/p>\n<p>\u2022 Promo\u00e7\u00e3o e testagem de sistemas agroecol\u00f3gicos<br \/>\u2022 Ensaios agr\u00edcolas e campos de demonstra\u00e7\u00e3o em parceria com institutos de investiga\u00e7\u00e3o nacionais e internacionais<br \/>\u2022 Apoio \u00e0 gest\u00e3o sustent\u00e1vel dos recursos naturais e conserva\u00e7\u00e3o da biodiversidade ao n\u00edvel comunit\u00e1rio<br \/>\u2022 Recupera\u00e7\u00e3o de floresta e de esp\u00e9cies nativas (viveiros comunit\u00e1rios)<br \/>\u2022 Promo\u00e7\u00e3o da biodiversidade, restaura\u00e7\u00e3o e conserva\u00e7\u00e3o de ecossistemas semi-\u00e1ridos<br \/>\u2022 Resili\u00eancia ambiental e preven\u00e7\u00e3o e mitiga\u00e7\u00e3o do risco face a eventos clim\u00e1ticos extremos<\/p>\n<p>[\/et_pb_text][\/et_pb_column][et_pb_column type=&#8221;1_3&#8243; _builder_version=&#8221;4.9.3&#8243; _module_preset=&#8221;default&#8221;][et_pb_text _builder_version=&#8221;4.9.3&#8243; _module_preset=&#8221;default&#8221; custom_margin=&#8221;34px|||||&#8221; custom_padding=&#8221;|||32px||&#8221; animation_style=&#8221;slide&#8221;]<\/p>\n<p style=\"text-align: left;\"><img loading=\"lazy\" decoding=\"async\" src=\"https:\/\/vida.org.pt\/wp-content\/uploads\/2024\/01\/ods2-1349e469.png\" width=\"110\" height=\"109\" alt=\"\" class=\"wp-image-33191 alignnone size-full\" srcset=\"https:\/\/vida.org.pt\/wp-content\/uploads\/2024\/01\/ods2-1349e469.png 200w, https:\/\/vida.org.pt\/wp-content\/uploads\/2024\/01\/ods2-1349e469-100x100.png 100w, https:\/\/vida.org.pt\/wp-content\/uploads\/2024\/01\/ods2-1349e469-150x150.png 150w\" sizes=\"auto, (max-width: 110px) 100vw, 110px\" \/>\u00a0 \u00a0 <img loading=\"lazy\" decoding=\"async\" src=\"https:\/\/vida.org.pt\/wp-content\/uploads\/2024\/01\/ods1-f56991d0.png\" width=\"110\" height=\"112\" alt=\"\" class=\"wp-image-33175 alignnone size-medium\" \/>\u00a0 \u00a0<img loading=\"lazy\" decoding=\"async\" src=\"https:\/\/vida.org.pt\/wp-content\/uploads\/2024\/01\/ods_13.png\" width=\"110\" height=\"109\" alt=\"\" class=\"wp-image-33192 alignnone size-full\" srcset=\"https:\/\/vida.org.pt\/wp-content\/uploads\/2024\/01\/ods_13.png 220w, https:\/\/vida.org.pt\/wp-content\/uploads\/2024\/01\/ods_13-100x100.png 100w, https:\/\/vida.org.pt\/wp-content\/uploads\/2024\/01\/ods_13-150x150.png 150w\" sizes=\"auto, (max-width: 110px) 100vw, 110px\" \/>\u00a0 \u00a0 <img loading=\"lazy\" decoding=\"async\" src=\"https:\/\/vida.org.pt\/wp-content\/uploads\/2024\/01\/ods_15.png\" width=\"111\" height=\"110\" alt=\"\" class=\"wp-image-33193 alignnone size-full\" srcset=\"https:\/\/vida.org.pt\/wp-content\/uploads\/2024\/01\/ods_15.png 220w, https:\/\/vida.org.pt\/wp-content\/uploads\/2024\/01\/ods_15-100x100.png 100w, https:\/\/vida.org.pt\/wp-content\/uploads\/2024\/01\/ods_15-150x150.png 150w\" sizes=\"auto, (max-width: 111px) 100vw, 111px\" \/><\/p>\n<p>[\/et_pb_text][\/et_pb_column][\/et_pb_row][et_pb_row _builder_version=&#8221;4.9.3&#8243; _module_preset=&#8221;default&#8221;][et_pb_column type=&#8221;4_4&#8243; _builder_version=&#8221;4.9.3&#8243; _module_preset=&#8221;default&#8221;][et_pb_divider color=&#8221;rgba(0,0,0,0.56)&#8221; _builder_version=&#8221;4.9.3&#8243; _module_preset=&#8221;default&#8221;][\/et_pb_divider][\/et_pb_column][\/et_pb_row][et_pb_row _builder_version=&#8221;4.9.3&#8243; _module_preset=&#8221;default&#8221;][et_pb_column type=&#8221;4_4&#8243; _builder_version=&#8221;4.9.3&#8243; _module_preset=&#8221;default&#8221;][et_pb_text _builder_version=&#8221;4.9.3&#8243; _module_preset=&#8221;default&#8221; header_font_size=&#8221;22px&#8221; header_3_text_color=&#8221;#b61918&#8243; header_4_font=&#8221;|800|||||||&#8221; header_4_text_color=&#8221;#b61918&#8243;]<\/p>\n<h4>PROJETOS A DECORRER NA \u00c1REA<\/h4>\n<p>[\/et_pb_text][\/et_pb_column][\/et_pb_row][et_pb_row column_structure=&#8221;1_3,1_3,1_3&#8243; _builder_version=&#8221;4.9.3&#8243; _module_preset=&#8221;default&#8221; custom_margin=&#8221;-7px|auto||auto||&#8221; custom_padding=&#8221;7px|||||&#8221;][et_pb_column type=&#8221;1_3&#8243; _builder_version=&#8221;4.9.3&#8243; _module_preset=&#8221;default&#8221;][et_pb_blurb title=&#8221;Jovens para a Mudan\u00e7a: O desafio do desenvolvimento sustent\u00e1vel de Matutuine&#8221; url=&#8221;https:\/\/vida.org.pt\/wp-content\/uploads\/2023\/03\/Ficha-tecnica_Projeto_Jovens-para-a-Mudanca.pdf&#8221; url_new_window=&#8221;on&#8221; image=&#8221;https:\/\/vida.org.pt\/wp-content\/uploads\/2023\/07\/Site_projetos-2-2.jpg&#8221; image_max_width=&#8221;none&#8221; admin_label=&#8221;Jovens Mudan\u00e7a&#8221; _builder_version=&#8221;4.9.3&#8243; background_size=&#8221;initial&#8221; background_position=&#8221;top_left&#8221; background_repeat=&#8221;repeat&#8221; vertical_offset_tablet=&#8221;0&#8243; horizontal_offset_tablet=&#8221;0&#8243; text_orientation=&#8221;justified&#8221; animation=&#8221;bottom&#8221; z_index_tablet=&#8221;0&#8243; header_text_shadow_horizontal_length_tablet=&#8221;0px&#8221; header_text_shadow_vertical_length_tablet=&#8221;0px&#8221; header_text_shadow_blur_strength_tablet=&#8221;1px&#8221; body_text_shadow_horizontal_length_tablet=&#8221;0px&#8221; body_text_shadow_vertical_length_tablet=&#8221;0px&#8221; body_text_shadow_blur_strength_tablet=&#8221;1px&#8221; body_link_text_shadow_horizontal_length_tablet=&#8221;0px&#8221; body_link_text_shadow_vertical_length_tablet=&#8221;0px&#8221; body_link_text_shadow_blur_strength_tablet=&#8221;1px&#8221; body_ul_text_shadow_horizontal_length_tablet=&#8221;0px&#8221; body_ul_text_shadow_vertical_length_tablet=&#8221;0px&#8221; body_ul_text_shadow_blur_strength_tablet=&#8221;1px&#8221; body_ol_text_shadow_horizontal_length_tablet=&#8221;0px&#8221; body_ol_text_shadow_vertical_length_tablet=&#8221;0px&#8221; body_ol_text_shadow_blur_strength_tablet=&#8221;1px&#8221; body_quote_text_shadow_horizontal_length_tablet=&#8221;0px&#8221; body_quote_text_shadow_vertical_length_tablet=&#8221;0px&#8221; body_quote_text_shadow_blur_strength_tablet=&#8221;1px&#8221; box_shadow_horizontal_tablet=&#8221;0px&#8221; box_shadow_vertical_tablet=&#8221;0px&#8221; box_shadow_blur_tablet=&#8221;40px&#8221; box_shadow_spread_tablet=&#8221;0px&#8221; box_shadow_horizontal_image_tablet=&#8221;0px&#8221; box_shadow_vertical_image_tablet=&#8221;0px&#8221; box_shadow_blur_image_tablet=&#8221;40px&#8221; box_shadow_spread_image_tablet=&#8221;0px&#8221; text_shadow_horizontal_length_tablet=&#8221;0px&#8221; text_shadow_vertical_length_tablet=&#8221;0px&#8221; text_shadow_blur_strength_tablet=&#8221;1px&#8221; use_border_color=&#8221;off&#8221; border_color=&#8221;#ffffff&#8221; border_style=&#8221;solid&#8221;]<\/p>\n<div class=\"body\">\n<div class=\"content html-only has-footer\">\n<p>Esta a\u00e7\u00e3o, em estreita parceria com o Fundo Nacional para o Desenvolvimento Sustent\u00e1vel, o BIOFUND e a Associa\u00e7\u00e3o Pfukane Djabula, pretende capacitar os jovens do distrito para que se tornem mais conscientes da riqueza ambiental do seu territ\u00f3rio e sejam detentores de ferramentas que permitam dar respostas aos desafios di\u00e1rios das comunidades e do distrito, contribuindo para a conserva\u00e7\u00e3o da biodiversidade, a cria\u00e7\u00e3o de novos neg\u00f3cios sustent\u00e1veis, a resili\u00eancia ambiental e alimentar das fam\u00edlias e, ainda, o fortalecimento da rede de organiza\u00e7\u00f5es e atores existentes em Matutuine.<\/p>\n<\/div>\n<\/div>\n<p>[\/et_pb_blurb][\/et_pb_column][et_pb_column type=&#8221;1_3&#8243; _builder_version=&#8221;4.9.3&#8243; _module_preset=&#8221;default&#8221;][\/et_pb_column][et_pb_column type=&#8221;1_3&#8243; _builder_version=&#8221;4.9.3&#8243; _module_preset=&#8221;default&#8221;][\/et_pb_column][\/et_pb_row][et_pb_row _builder_version=&#8221;4.9.3&#8243; _module_preset=&#8221;default&#8221;][et_pb_column type=&#8221;4_4&#8243; _builder_version=&#8221;4.9.3&#8243; _module_preset=&#8221;default&#8221;][et_pb_divider color=&#8221;rgba(0,0,0,0.56)&#8221; _builder_version=&#8221;4.9.3&#8243; _module_preset=&#8221;default&#8221;][\/et_pb_divider][\/et_pb_column][\/et_pb_row][et_pb_row _builder_version=&#8221;4.9.3&#8243; _module_preset=&#8221;default&#8221;][et_pb_column type=&#8221;4_4&#8243; _builder_version=&#8221;4.9.3&#8243; _module_preset=&#8221;default&#8221;][et_pb_text _builder_version=&#8221;4.9.3&#8243; _module_preset=&#8221;default&#8221; header_font_size=&#8221;22px&#8221; header_3_text_color=&#8221;#b61918&#8243; header_4_font=&#8221;|800|||||||&#8221; header_4_text_color=&#8221;#b61918&#8243;]<\/p>\n<h4>PROJETOS CONCLU\u00cdDOS<\/h4>\n<p>[\/et_pb_text][\/et_pb_column][\/et_pb_row][et_pb_row column_structure=&#8221;1_3,1_3,1_3&#8243; _builder_version=&#8221;4.9.3&#8243; _module_preset=&#8221;default&#8221; custom_margin=&#8221;-27px|auto||auto||&#8221; custom_padding=&#8221;||40px|||&#8221;][et_pb_column type=&#8221;1_3&#8243; _builder_version=&#8221;4.9.3&#8243; _module_preset=&#8221;default&#8221;][et_pb_text _builder_version=&#8221;4.9.3&#8243; _module_preset=&#8221;default&#8221; header_font_size=&#8221;22px&#8221; header_3_font=&#8221;|600|||||||&#8221; header_3_text_color=&#8221;#b61918&#8243; header_3_font_size=&#8221;17px&#8221;]<\/p>\n<h3>AGRICULTURA e NUTRI\u00c7\u00c3O<\/h3>\n<p>[\/et_pb_text][et_pb_blurb title=&#8221;1000 dias de boa alimenta\u00e7\u00e3o&#8221; url=&#8221;https:\/\/vida.org.pt\/wp-content\/uploads\/2021\/02\/Ficha-tecnica-1000-dias-boa-alimentacao.pdf&#8221; url_new_window=&#8221;on&#8221; image=&#8221;https:\/\/vida.org.pt\/wp-content\/uploads\/2023\/01\/Visita-campo-Sangane-Nov-22-5.jpg&#8221; _builder_version=&#8221;4.9.3&#8243; _module_preset=&#8221;default&#8221; body_font_size=&#8221;13px&#8221; body_line_height=&#8221;1.5em&#8221;]<\/p>\n<p>Este projeto, resultante de uma parceria com a Helpo, pretende melhorar o estado nutricional durante os primeiros 1000 dias de vida da crian\u00e7a, atrav\u00e9s da produ\u00e7\u00e3o dos alimentos locais e da sua disponibilidade anual utilizando t\u00e9cnicas de conserva\u00e7\u00e3o, transforma\u00e7\u00e3o e armazenamento no distrito da Ilha de Mo\u00e7ambique, prov\u00edncia de Nampula.<\/p>\n<p>[\/et_pb_blurb][\/et_pb_column][et_pb_column type=&#8221;1_3&#8243; _builder_version=&#8221;4.9.3&#8243; _module_preset=&#8221;default&#8221;][et_pb_text _builder_version=&#8221;4.9.3&#8243; _module_preset=&#8221;default&#8221; header_font_size=&#8221;22px&#8221; header_3_font=&#8221;|600|||||||&#8221; header_3_text_color=&#8221;#b61918&#8243; header_3_font_size=&#8221;19px&#8221;]<\/p>\n<h3>HORTICULTURA<\/h3>\n<p>[\/et_pb_text][et_pb_blurb title=&#8221;Mindjeris di Amanh\u00e3&#8221; url=&#8221;https:\/\/vida.org.pt\/wp-content\/uploads\/2021\/08\/Ficha-tecnica-Mindjeres-Amanha.pdf&#8221; url_new_window=&#8221;on&#8221; image=&#8221;https:\/\/vida.org.pt\/wp-content\/uploads\/2021\/01\/25012021-IMG_20210125_114705.jpg&#8221; _builder_version=&#8221;4.9.3&#8243; _module_preset=&#8221;default&#8221; body_font_size=&#8221;13px&#8221; body_line_height=&#8221;1.5em&#8221;]<\/p>\n<p>Com o objetivo de aumentar a resili\u00eancia das horticultoras-vendedoras atrav\u00e9s da otimiza\u00e7\u00e3o das atividades produtivas e comerciais nos mercados do Canchungo e Bula, as atividades propostas respondem \u00e0 urg\u00eancia sanit\u00e1ria (intervindo em mercados com enorme potencial de transmiss\u00e3o Covid-19) e \u00e0 resili\u00eancia das fam\u00edlias a m\u00e9dio prazo, contribuindo para reduzir o impacto da pandemia nas \u00e1reas urbanas e periurbanas de Canchungo.<\/p>\n<p>[\/et_pb_blurb][\/et_pb_column][et_pb_column type=&#8221;1_3&#8243; _builder_version=&#8221;4.9.3&#8243; _module_preset=&#8221;default&#8221;][et_pb_text _builder_version=&#8221;4.9.3&#8243; _module_preset=&#8221;default&#8221; header_font_size=&#8221;22px&#8221; header_3_font=&#8221;|600|||||||&#8221; header_3_text_color=&#8221;#b61918&#8243; header_3_font_size=&#8221;20px&#8221; custom_margin=&#8221;||33px|||&#8221;]<\/p>\n<p>&nbsp;<\/p>\n<p>[\/et_pb_text][et_pb_blurb title=&#8221;K\u00f3p\u00f3ti pa cudji n\u00f4 futuro&#8221; url=&#8221;https:\/\/vida.org.pt\/wp-content\/uploads\/2018\/07\/K%C3%B3p%C3%B3ti-pa-cudji-n%C3%B4-futuro.pdf&#8221; url_new_window=&#8221;on&#8221; image=&#8221;https:\/\/vida.org.pt\/wp-content\/uploads\/2017\/02\/II-Modulo-Jan-2016-KPT.jpg&#8221; _builder_version=&#8221;4.9.3&#8243; _module_preset=&#8221;default&#8221; body_font_size=&#8221;13px&#8221; body_line_height=&#8221;1.5em&#8221; custom_margin=&#8221;-6px|||||&#8221;]<\/p>\n<p>O desenvolvimento rural surgiu em 2015 como uma das prioridades das mulheres agricultoras de Suzana, na Guin\u00e9-Bissau, uma vez que a economia familiar nestas regi\u00f5es rurais isoladas assenta na agricultura de subsist\u00eancia que se torna insuficiente para assegurar as necessidades b\u00e1sicas das fam\u00edlias. A Associa\u00e7\u00e3o UBOMAL e a VIDA, empreenderam esta a\u00e7\u00e3o com o objetivo de melhorar as condi\u00e7\u00f5es de vida das suas fam\u00edlias e comunidade.<\/p>\n<p>[\/et_pb_blurb][\/et_pb_column][\/et_pb_row][et_pb_row column_structure=&#8221;1_3,1_3,1_3&#8243; _builder_version=&#8221;4.9.3&#8243; _module_preset=&#8221;default&#8221; custom_margin=&#8221;-27px|auto||auto||&#8221; custom_padding=&#8221;||40px|||&#8221;][et_pb_column type=&#8221;1_3&#8243; _builder_version=&#8221;4.9.3&#8243; _module_preset=&#8221;default&#8221;][et_pb_text _builder_version=&#8221;4.9.3&#8243; _module_preset=&#8221;default&#8221; header_font_size=&#8221;22px&#8221; header_3_font=&#8221;|600|||||||&#8221; header_3_text_color=&#8221;#b61918&#8243; header_3_font_size=&#8221;19px&#8221; width=&#8221;100%&#8221; custom_padding=&#8221;|0px||||&#8221;]<\/p>\n<h3>RESILI\u00caNCIA ALIMENTAR E AMBIENTAL<\/h3>\n<p>[\/et_pb_text][et_pb_blurb title=&#8221;O nosso futuro \u00e9 hoje&#8221; url=&#8221;https:\/\/vida.org.pt\/wp-content\/uploads\/2019\/04\/O-nosso-futuro-e-hoje.pdf&#8221; url_new_window=&#8221;on&#8221; image=&#8221;https:\/\/vida.org.pt\/wp-content\/uploads\/2021\/09\/13052021-WhatsApp-Image-2021-05-13-at-09.18.15.jpg&#8221; _builder_version=&#8221;4.9.3&#8243; _module_preset=&#8221;default&#8221; body_font_size=&#8221;13px&#8221; body_line_height=&#8221;1.5em&#8221; custom_margin=&#8221;-1px|||||&#8221;]<\/p>\n<p>No seguimento do trabalho da VIDA no distrito de Matutu\u00edne, Mo\u00e7ambique, desde 1999, foram identificadas as atividades multidisciplinares, envolvendo parceiros locais, para que o combate \u00e0 inseguran\u00e7a alimentar e m\u00e1 nutri\u00e7\u00e3o e a sinaliza\u00e7\u00e3o precoce das fam\u00edlias em risco consiga obter respostas mais eficientes por parte dos servi\u00e7os do Estado. Este projeto pretendeu apoiar e fortalecer a rede de apoio \u00e0s fam\u00edlias vulner\u00e1veis e fortalecer a resili\u00eancia alimentar e ambiental do distrito.<\/p>\n<p>[\/et_pb_blurb][\/et_pb_column][et_pb_column type=&#8221;1_3&#8243; _builder_version=&#8221;4.9.3&#8243; _module_preset=&#8221;default&#8221;][et_pb_text _builder_version=&#8221;4.9.3&#8243; _module_preset=&#8221;default&#8221; header_font_size=&#8221;22px&#8221; header_3_font=&#8221;|600|||||||&#8221; header_3_text_color=&#8221;#b61918&#8243; header_3_font_size=&#8221;20px&#8221; min_height=&#8221;46.4px&#8221; custom_margin=&#8221;||28px|||&#8221;][\/et_pb_text][et_pb_blurb title=&#8221;Machambeiros de Matutuine&#8221; url=&#8221;https:\/\/vida.org.pt\/wp-content\/uploads\/2017\/07\/Machambeiros-de-Matutuine.pdf&#8221; url_new_window=&#8221;on&#8221; image=&#8221;https:\/\/vida.org.pt\/wp-content\/uploads\/2016\/11\/DSCN2975-2.jpg&#8221; _builder_version=&#8221;4.9.3&#8243; _module_preset=&#8221;default&#8221; body_font_size=&#8221;13px&#8221; body_line_height=&#8221;1.5em&#8221; custom_margin=&#8221;-1px|||||&#8221;]<\/p>\n<p><span class=\"s1\">Desde 1999 que a VIDA desenvolve um trabalho conjunto com as comunidades rurais isoladas no distrito de Matutu\u00edne, em Mo\u00e7ambique, que culminou, em 2014, com a cria\u00e7\u00e3o da primeira Uni\u00e3o de Associa\u00e7\u00f5es Agr\u00e1rias de Matutu\u00edne (UAAMAT). Mais um compromisso na caminhada para o aumento do rendimento e a seguran\u00e7a alimentar das fam\u00edlias rurais mais pobres que se encontram organizadas em associa\u00e7\u00f5es.<\/span><\/p>\n<p>[\/et_pb_blurb][\/et_pb_column][et_pb_column type=&#8221;1_3&#8243; _builder_version=&#8221;4.9.3&#8243; _module_preset=&#8221;default&#8221;][\/et_pb_column][\/et_pb_row][et_pb_row _builder_version=&#8221;4.9.3&#8243; _module_preset=&#8221;default&#8221;][et_pb_column type=&#8221;4_4&#8243; _builder_version=&#8221;4.9.3&#8243; _module_preset=&#8221;default&#8221;][et_pb_divider color=&#8221;rgba(0,0,0,0.56)&#8221; _builder_version=&#8221;4.9.3&#8243; _module_preset=&#8221;default&#8221;][\/et_pb_divider][\/et_pb_column][\/et_pb_row][et_pb_row column_structure=&#8221;1_2,1_2&#8243; _builder_version=&#8221;4.9.3&#8243; background_size=&#8221;initial&#8221; background_position=&#8221;top_left&#8221; background_repeat=&#8221;repeat&#8221; custom_margin=&#8221;-13px|auto||auto||&#8221; custom_padding=&#8221;||0px|||&#8221;][et_pb_column type=&#8221;1_2&#8243; _builder_version=&#8221;3.25&#8243; custom_padding=&#8221;|||&#8221; custom_padding__hover=&#8221;|||&#8221;][et_pb_cta title=&#8221;Desenvolvimento Rural e Horticultura&#8221; button_url=&#8221;https:\/\/www.youtube.com\/watch?v=LM0vlEmu_sI&#8221; button_text=&#8221;Ver V\u00eddeo&#8221; admin_label=&#8221;Chamada ao V\u00eddeo&#8221; _builder_version=&#8221;4.9.3&#8243; header_font_size=&#8221;23px&#8221; body_font_size=&#8221;15px&#8221; background_color=&#8221;#e09900&#8243; background_size=&#8221;initial&#8221; background_position=&#8221;top_left&#8221; background_repeat=&#8221;repeat&#8221; custom_button=&#8221;on&#8221; button_text_size=&#8221;17px&#8221; min_height=&#8221;281.6px&#8221; custom_margin=&#8221;||59px|||&#8221; custom_padding=&#8221;83px||62px|||&#8221; use_border_color=&#8221;off&#8221; border_color=&#8221;#ffffff&#8221; border_style=&#8221;solid&#8221; button_letter_spacing_hover=&#8221;0&#8243; button_text_size__hover_enabled=&#8221;off&#8221; button_one_text_size__hover_enabled=&#8221;off&#8221; button_two_text_size__hover_enabled=&#8221;off&#8221; button_text_color__hover_enabled=&#8221;off&#8221; button_one_text_color__hover_enabled=&#8221;off&#8221; button_two_text_color__hover_enabled=&#8221;off&#8221; button_border_width__hover_enabled=&#8221;off&#8221; button_one_border_width__hover_enabled=&#8221;off&#8221; button_two_border_width__hover_enabled=&#8221;off&#8221; button_border_color__hover_enabled=&#8221;off&#8221; button_one_border_color__hover_enabled=&#8221;off&#8221; button_two_border_color__hover_enabled=&#8221;off&#8221; button_border_radius__hover_enabled=&#8221;off&#8221; button_one_border_radius__hover_enabled=&#8221;off&#8221; button_two_border_radius__hover_enabled=&#8221;off&#8221; button_letter_spacing__hover_enabled=&#8221;on&#8221; button_letter_spacing__hover=&#8221;0&#8243; button_one_letter_spacing__hover_enabled=&#8221;off&#8221; button_two_letter_spacing__hover_enabled=&#8221;off&#8221; button_bg_color__hover_enabled=&#8221;off&#8221; button_one_bg_color__hover_enabled=&#8221;off&#8221; button_two_bg_color__hover_enabled=&#8221;off&#8221;]<\/p>\n<p class=\"p1\"><b><\/b><span class=\"s1\">Sabia que <em>K\u00f3p\u00f3ti pa cudji n\u00f4 futuro<\/em>\u00a0significa \u201cCultivar para colher o nosso futuro\u201d no crioulo da Guin\u00e9-Bissau?<\/span><\/p>\n<p class=\"p1\"><span class=\"s1\">Conhe\u00e7a o que foi feito neste projeto com as horticultoras de 6 aldeias da regi\u00e3o de Cacheu.<\/span><\/p>\n<p>[\/et_pb_cta][\/et_pb_column][et_pb_column type=&#8221;1_2&#8243; _builder_version=&#8221;4.9.3&#8243; _module_preset=&#8221;default&#8221;][et_pb_image src=&#8221;https:\/\/vida.org.pt\/wp-content\/uploads\/2020\/10\/KPT-Lumo-7.jpg&#8221; title_text=&#8221;KPT Lumo (7)&#8221; show_in_lightbox=&#8221;on&#8221; use_overlay=&#8221;on&#8221; hover_overlay_color=&#8221;rgba(12,113,195,0.31)&#8221; align_tablet=&#8221;center&#8221; align_phone=&#8221;&#8221; align_last_edited=&#8221;on|desktop&#8221; _builder_version=&#8221;4.9.3&#8243; animation_style=&#8221;slide&#8221; animation_direction=&#8221;left&#8221; animation_duration=&#8221;500ms&#8221; animation_intensity_slide=&#8221;10%&#8221; use_border_color=&#8221;off&#8221; border_color=&#8221;#ffffff&#8221; border_style=&#8221;solid&#8221; animation=&#8221;left&#8221; sticky=&#8221;off&#8221; always_center_on_mobile=&#8221;on&#8221;][\/et_pb_image][\/et_pb_column][\/et_pb_row][et_pb_row column_structure=&#8221;1_2,1_2&#8243; _builder_version=&#8221;4.9.3&#8243; background_size=&#8221;initial&#8221; background_position=&#8221;top_left&#8221; background_repeat=&#8221;repeat&#8221; custom_margin=&#8221;-13px|auto||auto||&#8221; custom_padding=&#8221;||0px|||&#8221;][et_pb_column type=&#8221;1_2&#8243; _builder_version=&#8221;4.9.3&#8243; _module_preset=&#8221;default&#8221;][et_pb_image src=&#8221;https:\/\/vida.org.pt\/wp-content\/uploads\/2024\/01\/MG_9717.jpg&#8221; title_text=&#8221;_MG_9717&#8243; show_in_lightbox=&#8221;on&#8221; use_overlay=&#8221;on&#8221; hover_overlay_color=&#8221;rgba(12,113,195,0.31)&#8221; align_tablet=&#8221;center&#8221; align_phone=&#8221;&#8221; align_last_edited=&#8221;on|desktop&#8221; _builder_version=&#8221;4.9.3&#8243; animation_style=&#8221;slide&#8221; animation_direction=&#8221;left&#8221; animation_duration=&#8221;500ms&#8221; animation_intensity_slide=&#8221;10%&#8221; use_border_color=&#8221;off&#8221; border_color=&#8221;#ffffff&#8221; border_style=&#8221;solid&#8221; animation=&#8221;left&#8221; sticky=&#8221;off&#8221; always_center_on_mobile=&#8221;on&#8221;][\/et_pb_image][\/et_pb_column][et_pb_column type=&#8221;1_2&#8243; _builder_version=&#8221;3.25&#8243; custom_padding=&#8221;|||&#8221; custom_padding__hover=&#8221;|||&#8221;][et_pb_cta title=&#8221;Campe\u00f5es das Zonas \u00c1ridas&#8221; button_url=&#8221;https:\/\/www.facebook.com\/vidaongd\/photos\/a.316469131714131\/1387333694627664\/&#8221; button_text=&#8221;Ver mais&#8221; admin_label=&#8221;Chamada ao V\u00eddeo&#8221; _builder_version=&#8221;4.9.3&#8243; header_font_size=&#8221;25px&#8221; body_font_size=&#8221;15px&#8221; background_color=&#8221;#e09900&#8243; background_size=&#8221;initial&#8221; background_position=&#8221;top_left&#8221; background_repeat=&#8221;repeat&#8221; custom_button=&#8221;on&#8221; button_text_size=&#8221;17px&#8221; min_height=&#8221;281.6px&#8221; custom_margin=&#8221;||59px|||&#8221; custom_padding=&#8221;59px||50px|||&#8221; use_border_color=&#8221;off&#8221; border_color=&#8221;#ffffff&#8221; border_style=&#8221;solid&#8221; button_letter_spacing_hover=&#8221;0&#8243; button_text_size__hover_enabled=&#8221;off&#8221; button_one_text_size__hover_enabled=&#8221;off&#8221; button_two_text_size__hover_enabled=&#8221;off&#8221; button_text_color__hover_enabled=&#8221;off&#8221; button_one_text_color__hover_enabled=&#8221;off&#8221; button_two_text_color__hover_enabled=&#8221;off&#8221; button_border_width__hover_enabled=&#8221;off&#8221; button_one_border_width__hover_enabled=&#8221;off&#8221; button_two_border_width__hover_enabled=&#8221;off&#8221; button_border_color__hover_enabled=&#8221;off&#8221; button_one_border_color__hover_enabled=&#8221;off&#8221; button_two_border_color__hover_enabled=&#8221;off&#8221; button_border_radius__hover_enabled=&#8221;off&#8221; button_one_border_radius__hover_enabled=&#8221;off&#8221; button_two_border_radius__hover_enabled=&#8221;off&#8221; button_letter_spacing__hover_enabled=&#8221;on&#8221; button_letter_spacing__hover=&#8221;0&#8243; button_one_letter_spacing__hover_enabled=&#8221;off&#8221; button_two_letter_spacing__hover_enabled=&#8221;off&#8221; button_bg_color__hover_enabled=&#8221;off&#8221; button_one_bg_color__hover_enabled=&#8221;off&#8221; button_two_bg_color__hover_enabled=&#8221;off&#8221;]<\/p>\n<p><span>Em 2016, a VIDA foi distinguida com o certificado &#8220;Campe\u00f5es das Zonas \u00c1ridas&#8221; da Conven\u00e7\u00e3o das Na\u00e7\u00f5es Unidas de Combate \u00e0 Desertifica\u00e7\u00e3o pelo trabalho cont\u00ednuo com as comunidades do distrito de Matutuine, em Mo\u00e7ambique, que tem vindo a ser um contributo decisivo no combate \u00e0 desertifica\u00e7\u00e3o, \u00e0 degrada\u00e7\u00e3o do solo e \u00e0 seca.<\/span><\/p>\n<p>[\/et_pb_cta][\/et_pb_column][\/et_pb_row][et_pb_row _builder_version=&#8221;4.9.3&#8243; _module_preset=&#8221;default&#8221;][et_pb_column type=&#8221;4_4&#8243; _builder_version=&#8221;4.9.3&#8243; _module_preset=&#8221;default&#8221;][et_pb_divider color=&#8221;rgba(0,0,0,0.56)&#8221; _builder_version=&#8221;4.9.3&#8243; _module_preset=&#8221;default&#8221;][\/et_pb_divider][\/et_pb_column][\/et_pb_row][et_pb_row _builder_version=&#8221;4.9.3&#8243; _module_preset=&#8221;default&#8221;][et_pb_column type=&#8221;4_4&#8243; _builder_version=&#8221;4.9.3&#8243; _module_preset=&#8221;default&#8221;][et_pb_text _builder_version=&#8221;4.9.3&#8243; _module_preset=&#8221;default&#8221; header_font_size=&#8221;22px&#8221; header_3_text_color=&#8221;#b61918&#8243; header_4_font=&#8221;|800|||||||&#8221; header_4_text_color=&#8221;#b61918&#8243;]<\/p>\n<h4>INVESTIGA\u00c7\u00c3O &amp; IMPACTO<\/h4>\n<p>[\/et_pb_text][\/et_pb_column][\/et_pb_row][et_pb_row column_structure=&#8221;1_3,1_3,1_3&#8243; _builder_version=&#8221;4.9.3&#8243; _module_preset=&#8221;default&#8221; min_height=&#8221;224.7px&#8221; custom_padding=&#8221;9px||27px|||&#8221;][et_pb_column type=&#8221;1_3&#8243; _builder_version=&#8221;4.9.3&#8243; _module_preset=&#8221;default&#8221;][et_pb_blurb title=&#8221;Sistema de produ\u00e7\u00e3o de tomate biol\u00f3gico no distrito da Ilha de Mo\u00e7ambique&#8221; url=&#8221;https:\/\/vida.org.pt\/wp-content\/uploads\/2023\/06\/Artigo-Merson-et-al-Vida-Mocambique-28Abr23-Final-v2.pdf&#8221; url_new_window=&#8221;on&#8221; use_icon=&#8221;on&#8221; font_icon=&#8221;%%73%%&#8221; icon_color=&#8221;#b61918&#8243; icon_placement=&#8221;left&#8221; use_icon_font_size=&#8221;on&#8221; icon_font_size=&#8221;24px&#8221; _builder_version=&#8221;4.9.3&#8243; _module_preset=&#8221;default&#8221; body_font_size=&#8221;13px&#8221;]<\/p>\n<p><span>Merson Muatiua, Eurico Kauaua, Samuel Ernesto, Patr\u00edcia Maridalho (VIDA), L. Miguel Brito e Isabel Mour\u00e3o (ESAPL-IPVC)<br \/><\/span><span>Mo\u00e7ambique (2023)<\/span><\/p>\n<p>[\/et_pb_blurb][\/et_pb_column][et_pb_column type=&#8221;1_3&#8243; _builder_version=&#8221;4.9.3&#8243; _module_preset=&#8221;default&#8221;][et_pb_blurb title=&#8221;From Learning to Doing: Diffusion of Agricultural Innovations in Guinea-Bissau&#8221; url=&#8221;https:\/\/vida.org.pt\/wp-content\/uploads\/2019\/03\/From-learning-to-doing-Diffusion-Agricultural-Innovations-Guinea-Bissau.pdf&#8221; url_new_window=&#8221;on&#8221; use_icon=&#8221;on&#8221; font_icon=&#8221;%%73%%&#8221; icon_color=&#8221;#b61918&#8243; icon_placement=&#8221;left&#8221; use_icon_font_size=&#8221;on&#8221; icon_font_size=&#8221;24px&#8221; _builder_version=&#8221;4.9.3&#8243; _module_preset=&#8221;default&#8221; body_font_size=&#8221;13px&#8221;]<\/p>\n<p class=\"et_pb_module_header\">Rute M. Caeiro<br \/>NOVAFRICA \u2013 Nova SBE da Universidade Nova de Lisboa (2019)<\/p>\n<p>[\/et_pb_blurb][\/et_pb_column][et_pb_column type=&#8221;1_3&#8243; _builder_version=&#8221;4.9.3&#8243; _module_preset=&#8221;default&#8221;][et_pb_blurb title=&#8221;Knowledge of vitamin A deficiency and crop adoption: Evidence from a field experiment in Mozambique&#8221; url=&#8221;https:\/\/vida.org.pt\/wp-content\/uploads\/2020\/02\/Knowledge-of-vitamin-A-deficiency_-Mozambique.pdf&#8221; url_new_window=&#8221;on&#8221; use_icon=&#8221;on&#8221; font_icon=&#8221;%%73%%&#8221; icon_color=&#8221;#b61918&#8243; icon_placement=&#8221;left&#8221; use_icon_font_size=&#8221;on&#8221; icon_font_size=&#8221;24px&#8221; _builder_version=&#8221;4.9.3&#8243; _module_preset=&#8221;default&#8221; body_font_size=&#8221;13px&#8221;]<\/p>\n<p>Rute Caeiro e Pedro Vicente<br \/>NOVAFRICA \u2013 Nova SBE da Universidade Nova de Lisboa (2015)<\/p>\n<p>[\/et_pb_blurb][\/et_pb_column][\/et_pb_row][et_pb_row column_structure=&#8221;1_3,1_3,1_3&#8243; _builder_version=&#8221;4.9.3&#8243; _module_preset=&#8221;default&#8221; custom_margin=&#8221;|auto|35px|auto||&#8221; custom_padding=&#8221;9px||5px|||&#8221;][et_pb_column type=&#8221;1_3&#8243; _builder_version=&#8221;4.9.3&#8243; _module_preset=&#8221;default&#8221;][et_pb_blurb title=&#8221;A realidade das altera\u00e7\u00f5es clim\u00e1ticas nas \u00faltimas d\u00e9cadas na Guin\u00e9-Bissau&#8221; url=&#8221;https:\/\/vida.org.pt\/wp-content\/uploads\/2018\/04\/Poster_VIDA-ESA.pdf&#8221; url_new_window=&#8221;on&#8221; use_icon=&#8221;on&#8221; font_icon=&#8221;%%73%%&#8221; icon_color=&#8221;#b61918&#8243; icon_placement=&#8221;left&#8221; use_icon_font_size=&#8221;on&#8221; icon_font_size=&#8221;24px&#8221; _builder_version=&#8221;4.9.3&#8243; _module_preset=&#8221;default&#8221; body_font_size=&#8221;13px&#8221;]<\/p>\n<p>Isabel Mour\u00e3o, L. Miguel Brito (ESAPL-IPVC), Pedro Santos, Patr\u00edcia Maridalho (VIDA)<br \/>No \u00e2mbito do Congresso de Horticultura em Bissau (17\/03\/2018)<\/p>\n<p>[\/et_pb_blurb][\/et_pb_column][et_pb_column type=&#8221;1_3&#8243; _builder_version=&#8221;4.9.3&#8243; _module_preset=&#8221;default&#8221;][et_pb_blurb title=&#8221;Produ\u00e7\u00e3o hort\u00edcola familiar no distrito de Matutu\u00edne: Abrindo o caminho da integra\u00e7\u00e3o nos mercados&#8221; url=&#8221;https:\/\/vida.org.pt\/wp-content\/uploads\/2017\/12\/Produ%C3%A7%C3%A3o-Hort%C3%ADcola-Familiar_Mo%C3%A7ambique-APH.pdf&#8221; url_new_window=&#8221;on&#8221; use_icon=&#8221;on&#8221; font_icon=&#8221;%%73%%&#8221; icon_color=&#8221;#b61918&#8243; icon_placement=&#8221;left&#8221; use_icon_font_size=&#8221;on&#8221; icon_font_size=&#8221;24px&#8221; _builder_version=&#8221;4.9.3&#8243; _module_preset=&#8221;default&#8221; body_font_size=&#8221;13px&#8221;]<\/p>\n<p>Filipa Zacarias (VIDA) e Paulo Cossa (SDAE Matutuine)<br \/>Publicado na revista da Associa\u00e7\u00e3o Portuguesa de Horticultura, Edi\u00e7\u00e3o n\u00ba116 (2014)<\/p>\n<p>[\/et_pb_blurb][\/et_pb_column][et_pb_column type=&#8221;1_3&#8243; _builder_version=&#8221;4.9.3&#8243; _module_preset=&#8221;default&#8221;][et_pb_blurb title=&#8221;Horticultura biol\u00f3gica no Norte da Guin\u00e9-Bissau: um estudo de caso da etnia felupe&#8221; url=&#8221;https:\/\/sapientia.ualg.pt\/bitstream\/10400.1\/8643\/1\/2016-%20IV%20Col%20Nac%20Horticultura%20Biol%c3%b3gica-Livro%20de%20Resumos.pdf&#8221; url_new_window=&#8221;on&#8221; use_icon=&#8221;on&#8221; font_icon=&#8221;%%73%%&#8221; icon_color=&#8221;#b61918&#8243; icon_placement=&#8221;left&#8221; use_icon_font_size=&#8221;on&#8221; icon_font_size=&#8221;24px&#8221; _builder_version=&#8221;4.9.3&#8243; _module_preset=&#8221;default&#8221; body_font_size=&#8221;13px&#8221;]<\/p>\n<p><span>Por Pedro Santos, Patr\u00edcia Maridalho (VIDA), Isabel Mour\u00e3o e L. Miguel Brito (ESAPL-IPVC)<\/span><br \/><span>Livro de Resumos\u00a0<\/span>IV Col\u00f3quio Nacional de Horticultura Biol\u00f3gica (17-19\/03\/2016)<\/p>\n<p>[\/et_pb_blurb][\/et_pb_column][\/et_pb_row][et_pb_row _builder_version=&#8221;4.9.3&#8243; _module_preset=&#8221;default&#8221;][et_pb_column type=&#8221;4_4&#8243; _builder_version=&#8221;4.9.3&#8243; _module_preset=&#8221;default&#8221;][et_pb_divider color=&#8221;rgba(0,0,0,0.56)&#8221; _builder_version=&#8221;4.9.3&#8243; _module_preset=&#8221;default&#8221;][\/et_pb_divider][et_pb_text _builder_version=&#8221;4.9.3&#8243; _module_preset=&#8221;default&#8221; header_font_size=&#8221;22px&#8221; header_3_text_color=&#8221;#b61918&#8243; header_4_font=&#8221;|800|||||||&#8221; header_4_text_color=&#8221;#b61918&#8243;]<\/p>\n<h4>EVENTOS ORGANIZADOS<\/h4>\n<p>[\/et_pb_text][\/et_pb_column][\/et_pb_row][et_pb_row column_structure=&#8221;2_3,1_3&#8243; _builder_version=&#8221;4.9.3&#8243; _module_preset=&#8221;default&#8221; custom_padding=&#8221;15px|||||&#8221;][et_pb_column type=&#8221;2_3&#8243; _builder_version=&#8221;4.9.3&#8243; _module_preset=&#8221;default&#8221;][et_pb_accordion _builder_version=&#8221;4.9.3&#8243; _module_preset=&#8221;default&#8221; min_height=&#8221;199.2px&#8221; custom_margin=&#8221;0px||2px|||&#8221;][et_pb_accordion_item title=&#8221;Congresso de Horticultura na Guin\u00e9-Bissau &#8211; O futuro nas nossas m\u00e3os&#8221; open=&#8221;on&#8221; _builder_version=&#8221;4.9.3&#8243; _module_preset=&#8221;default&#8221;]<\/p>\n<h5><strong>Bissau, 17 mar\u00e7o 2018<\/strong><\/h5>\n<p>Organizado pela VIDA, em parceria com Dire\u00e7\u00e3o Geral Agricultura da Guin\u00e9-Bissau, Instituto Nacional de Pesquisa Agr\u00e1ria, Dire\u00e7\u00e3o Regional de Agricultura de Cacheu e Escola Superior Agr\u00e1ria de Ponte de Lima\/IPVC<\/p>\n<p>No \u00e2mbito do projeto <em>Kopoti pa cudji n\u00f4 futuro,<\/em> financiado pela Uni\u00e3o Europeia e pelo Cam\u00f5es, I.P.<\/p>\n<p><span style=\"text-decoration: underline;\"><strong><a href=\"https:\/\/vida.org.pt\/wp-content\/uploads\/2018\/04\/S%C3%ADntese-e-conclus%C3%B5es_CongressoHorticultura2018.pdf\">S\u00edntese e Conclus\u00f5es (pdf)<\/a><\/strong><\/span><strong> |\u00a0 <\/strong><span style=\"text-decoration: underline;\"><strong><a href=\"https:\/\/www.youtube.com\/watch?v=fydnH2_i55M&amp;t=1s\">Livro de Resumos (pdf)<\/a><\/strong><\/span><strong>\u00a0 |\u00a0\u00a0<\/strong><span style=\"text-decoration: underline;\"><strong><a href=\"https:\/\/www.youtube.com\/watch?v=fydnH2_i55M&amp;t=1s\">V\u00eddeo (YouTube)<\/a><\/strong><\/span><\/p>\n<p>[\/et_pb_accordion_item][\/et_pb_accordion][\/et_pb_column][et_pb_column type=&#8221;1_3&#8243; _builder_version=&#8221;4.9.3&#8243; _module_preset=&#8221;default&#8221;][et_pb_image src=&#8221;https:\/\/vida.org.pt\/wp-content\/uploads\/2016\/11\/17032018-17032018-_MG_3443.jpg&#8221; title_text=&#8221;17032018-17032018-_MG_3443&#8243; show_in_lightbox=&#8221;on&#8221; use_overlay=&#8221;on&#8221; hover_overlay_color=&#8221;rgba(12,113,195,0.31)&#8221; align_tablet=&#8221;center&#8221; align_phone=&#8221;&#8221; align_last_edited=&#8221;on|desktop&#8221; _builder_version=&#8221;4.9.3&#8243; animation_style=&#8221;slide&#8221; animation_direction=&#8221;left&#8221; animation_duration=&#8221;500ms&#8221; animation_intensity_slide=&#8221;10%&#8221; use_border_color=&#8221;off&#8221; border_color=&#8221;#ffffff&#8221; border_style=&#8221;solid&#8221; animation=&#8221;left&#8221; sticky=&#8221;off&#8221; always_center_on_mobile=&#8221;on&#8221;][\/et_pb_image][\/et_pb_column][\/et_pb_row][\/et_pb_section]<\/p>\n","protected":false},"excerpt":{"rendered":"<p>[et_pb_section fb_built=&#8221;1&#8243; inner_shadow=&#8221;on&#8221; fullwidth=&#8221;on&#8221; custom_padding_last_edited=&#8221;on|desktop&#8221; admin_label=&#8221;section&#8221; _builder_version=&#8221;3.22&#8243; background_color=&#8221;#6aceb6&#8243; background_image=&#8221;http:\/\/vida.org.pt\/wp-content\/uploads\/2017\/02\/menina-campo-tomate@2x.jpg&#8221; custom_padding_tablet=&#8221;50px|0|50px|0&#8243; custom_padding_phone=&#8221;&#8221; transparent_background=&#8221;off&#8221; padding_mobile=&#8221;off&#8221; make_fullwidth=&#8221;off&#8221; use_custom_width=&#8221;off&#8221; width_unit=&#8221;on&#8221;][et_pb_fullwidth_header title=&#8221;Alimenta\u00e7\u00e3o, Recursos Naturais e Clima&#8221; content_max_width=&#8221;none&#8221; _builder_version=&#8221;4.9.3&#8243; background_color=&#8221;rgba(0,0,0,0.47)&#8221; button_one_letter_spacing_hover=&#8221;0&#8243; button_two_letter_spacing_hover=&#8221;0&#8243; button_one_text_size__hover_enabled=&#8221;off&#8221; button_two_text_size__hover_enabled=&#8221;off&#8221; button_one_text_color__hover_enabled=&#8221;off&#8221; button_two_text_color__hover_enabled=&#8221;off&#8221; button_one_border_width__hover_enabled=&#8221;off&#8221; button_two_border_width__hover_enabled=&#8221;off&#8221; button_one_border_color__hover_enabled=&#8221;off&#8221; button_two_border_color__hover_enabled=&#8221;off&#8221; button_one_border_radius__hover_enabled=&#8221;off&#8221; button_two_border_radius__hover_enabled=&#8221;off&#8221; button_one_letter_spacing__hover_enabled=&#8221;on&#8221; button_one_letter_spacing__hover=&#8221;0&#8243; button_two_letter_spacing__hover_enabled=&#8221;on&#8221; button_two_letter_spacing__hover=&#8221;0&#8243; button_one_bg_color__hover_enabled=&#8221;off&#8221; button_two_bg_color__hover_enabled=&#8221;off&#8221;] [\/et_pb_fullwidth_header][\/et_pb_section][et_pb_section fb_built=&#8221;1&#8243; custom_padding_last_edited=&#8221;on|desktop&#8221; _builder_version=&#8221;3.22&#8243; background_color=&#8221;rgba(255,255,255,0.21)&#8221; custom_margin=&#8221;||40px|||&#8221; custom_padding=&#8221;13px||0px|||&#8221; custom_padding_tablet=&#8221;50px|0|50px|0&#8243; custom_padding_phone=&#8221;&#8221; transparent_background=&#8221;off&#8221; padding_mobile=&#8221;off&#8221; make_fullwidth=&#8221;off&#8221; use_custom_width=&#8221;off&#8221; [&hellip;]<\/p>\n","protected":false},"author":1,"featured_media":25718,"comment_status":"open","ping_status":"open","sticky":false,"template":"","format":"standard","meta":{"_et_pb_use_builder":"on","_et_pb_old_content":"","_et_gb_content_width":"","_monsterinsights_skip_tracking":false,"_monsterinsights_sitenote_active":false,"_monsterinsights_sitenote_note":"","_monsterinsights_sitenote_category":0,"footnotes":""},"categories":[11],"tags":[],"class_list":["post-25743","post","type-post","status-publish","format-standard","has-post-thumbnail","hentry","category-areas-de-intervencao"],"_links":{"self":[{"href":"https:\/\/vida.org.pt\/en\/wp-json\/wp\/v2\/posts\/25743","targetHints":{"allow":["GET"]}}],"collection":[{"href":"https:\/\/vida.org.pt\/en\/wp-json\/wp\/v2\/posts"}],"about":[{"href":"https:\/\/vida.org.pt\/en\/wp-json\/wp\/v2\/types\/post"}],"author":[{"embeddable":true,"href":"https:\/\/vida.org.pt\/en\/wp-json\/wp\/v2\/users\/1"}],"replies":[{"embeddable":true,"href":"https:\/\/vida.org.pt\/en\/wp-json\/wp\/v2\/comments?post=25743"}],"version-history":[{"count":34,"href":"https:\/\/vida.org.pt\/en\/wp-json\/wp\/v2\/posts\/25743\/revisions"}],"predecessor-version":[{"id":34542,"href":"https:\/\/vida.org.pt\/en\/wp-json\/wp\/v2\/posts\/25743\/revisions\/34542"}],"wp:featuredmedia":[{"embeddable":true,"href":"https:\/\/vida.org.pt\/en\/wp-json\/wp\/v2\/media\/25718"}],"wp:attachment":[{"href":"https:\/\/vida.org.pt\/en\/wp-json\/wp\/v2\/media?parent=25743"}],"wp:term":[{"taxonomy":"category","embeddable":true,"href":"https:\/\/vida.org.pt\/en\/wp-json\/wp\/v2\/categories?post=25743"},{"taxonomy":"post_tag","embeddable":true,"href":"https:\/\/vida.org.pt\/en\/wp-json\/wp\/v2\/tags?post=25743"}],"curies":[{"name":"wp","href":"https:\/\/api.w.org\/{rel}","templated":true}]}}