{"id":25740,"date":"2017-02-01T12:50:14","date_gmt":"2017-02-01T12:50:14","guid":{"rendered":"http:\/\/vida.org.pt\/?p=25740"},"modified":"2025-08-21T13:43:08","modified_gmt":"2025-08-21T13:43:08","slug":"saude","status":"publish","type":"post","link":"https:\/\/vida.org.pt\/en\/saude\/","title":{"rendered":"Sa\u00fade"},"content":{"rendered":"<p>[et_pb_section fb_built=&#8221;1&#8243; inner_shadow=&#8221;on&#8221; fullwidth=&#8221;on&#8221; custom_padding_last_edited=&#8221;on|desktop&#8221; admin_label=&#8221;section&#8221; _builder_version=&#8221;4.9.3&#8243; background_color=&#8221;#6aceb6&#8243; background_image=&#8221;https:\/\/vida.org.pt\/wp-content\/uploads\/2016\/11\/rthr.jpg&#8221; custom_padding_tablet=&#8221;50px|0|50px|0&#8243; custom_padding_phone=&#8221;&#8221; transparent_background=&#8221;off&#8221; padding_mobile=&#8221;off&#8221; make_fullwidth=&#8221;off&#8221; use_custom_width=&#8221;off&#8221; width_unit=&#8221;on&#8221;][et_pb_fullwidth_header title=&#8221;Sa\u00fade, Nutri\u00e7\u00e3o e Popula\u00e7\u00e3o&#8221; content_max_width=&#8221;none&#8221; admin_label=&#8221;Fullwidth Header&#8221; _builder_version=&#8221;4.9.3&#8243; background_color=&#8221;rgba(0,0,0,0.47)&#8221; min_height=&#8221;172px&#8221; custom_margin=&#8221;||41px|||&#8221; custom_padding=&#8221;||0px|||&#8221; button_one_letter_spacing_hover=&#8221;0&#8243; button_two_letter_spacing_hover=&#8221;0&#8243; button_one_text_size__hover_enabled=&#8221;off&#8221; button_two_text_size__hover_enabled=&#8221;off&#8221; button_one_text_color__hover_enabled=&#8221;off&#8221; button_two_text_color__hover_enabled=&#8221;off&#8221; button_one_border_width__hover_enabled=&#8221;off&#8221; button_two_border_width__hover_enabled=&#8221;off&#8221; button_one_border_color__hover_enabled=&#8221;off&#8221; button_two_border_color__hover_enabled=&#8221;off&#8221; button_one_border_radius__hover_enabled=&#8221;off&#8221; button_two_border_radius__hover_enabled=&#8221;off&#8221; button_one_letter_spacing__hover_enabled=&#8221;on&#8221; button_one_letter_spacing__hover=&#8221;0&#8243; button_two_letter_spacing__hover_enabled=&#8221;on&#8221; button_two_letter_spacing__hover=&#8221;0&#8243; button_one_bg_color__hover_enabled=&#8221;off&#8221; button_two_bg_color__hover_enabled=&#8221;off&#8221;][\/et_pb_fullwidth_header][\/et_pb_section][et_pb_section fb_built=&#8221;1&#8243; custom_padding_last_edited=&#8221;on|desktop&#8221; admin_label=&#8221;Section&#8221; _builder_version=&#8221;3.22&#8243; background_color=&#8221;rgba(255,255,255,0.21)&#8221; custom_padding=&#8221;13px||0px|||&#8221; custom_padding_tablet=&#8221;50px|0|50px|0&#8243; custom_padding_phone=&#8221;&#8221; transparent_background=&#8221;off&#8221; padding_mobile=&#8221;off&#8221; make_fullwidth=&#8221;off&#8221; use_custom_width=&#8221;off&#8221; width_unit=&#8221;on&#8221;][et_pb_row column_structure=&#8221;1_2,1_2&#8243; use_custom_gutter=&#8221;on&#8221; padding_mobile=&#8221;off&#8221; column_padding_mobile=&#8221;on&#8221; admin_label=&#8221;Row&#8221; _builder_version=&#8221;3.25&#8243; background_size=&#8221;initial&#8221; background_position=&#8221;top_left&#8221; background_repeat=&#8221;repeat&#8221; make_fullwidth=&#8221;off&#8221; use_custom_width=&#8221;off&#8221; width_unit=&#8221;on&#8221;][et_pb_column type=&#8221;1_2&#8243; _builder_version=&#8221;3.25&#8243; custom_padding=&#8221;|||&#8221; custom_padding__hover=&#8221;|||&#8221;][et_pb_text admin_label=&#8221;Sa\u00fade&#8221; _builder_version=&#8221;4.9.3&#8243; text_font_size=&#8221;15px&#8221; background_size=&#8221;initial&#8221; background_position=&#8221;top_left&#8221; background_repeat=&#8221;repeat&#8221; text_orientation=&#8221;justified&#8221; custom_margin=&#8221;||39px|||&#8221; hover_enabled=&#8221;0&#8243; use_border_color=&#8221;off&#8221; border_color=&#8221;#ffffff&#8221; border_style=&#8221;solid&#8221; sticky_enabled=&#8221;0&#8243;]<\/p>\n<p><span>Nos pa\u00edses em que a VIDA trabalha os servi\u00e7os de sa\u00fade s\u00e3o prec\u00e1rios e com bastantes constrangimentos. As dist\u00e2ncias at\u00e9 a uma infraestrutura ou profissional de sa\u00fade, agravadas pelas dificuldades de desloca\u00e7\u00e3o, dificultam o acesso da popula\u00e7\u00e3o aos servi\u00e7os de sa\u00fade.<\/span><\/p>\n<p><span>As doen\u00e7as mais comuns, facilmente tratadas quando existem servi\u00e7os de sa\u00fade, continuam a ser uma das causas de mortalidade nos lugares onde esses servi\u00e7os s\u00e3o inexistentes.<\/span><\/p>\n<p><span>A escassez cr\u00f3nica de recursos que se reflete na falta de consum\u00edveis e medicamentos b\u00e1sicos, equipamentos diferenciados e funcionais (capacidade de diagn\u00f3stico) e profissionais especializados continuam a ser os principais constrangimentos enfrentados.<\/span><\/p>\n<p>[\/et_pb_text][et_pb_button button_url=&#8221;http:\/\/vida.org.pt\/o-que-fazemos\/areas-de-intervencao\/&#8221; button_text=&#8221;Voltar&#8221; button_alignment=&#8221;left&#8221; _builder_version=&#8221;3.16&#8243; custom_button=&#8221;on&#8221; button_text_size=&#8221;14&#8243; button_letter_spacing_hover=&#8221;0&#8243; button_text_size__hover_enabled=&#8221;off&#8221; button_text_size__hover=&#8221;null&#8221; button_one_text_size__hover_enabled=&#8221;off&#8221; button_one_text_size__hover=&#8221;null&#8221; button_two_text_size__hover_enabled=&#8221;off&#8221; button_two_text_size__hover=&#8221;null&#8221; button_text_color__hover_enabled=&#8221;off&#8221; button_text_color__hover=&#8221;null&#8221; button_one_text_color__hover_enabled=&#8221;off&#8221; button_one_text_color__hover=&#8221;null&#8221; button_two_text_color__hover_enabled=&#8221;off&#8221; button_two_text_color__hover=&#8221;null&#8221; button_border_width__hover_enabled=&#8221;off&#8221; button_border_width__hover=&#8221;null&#8221; button_one_border_width__hover_enabled=&#8221;off&#8221; button_one_border_width__hover=&#8221;null&#8221; button_two_border_width__hover_enabled=&#8221;off&#8221; button_two_border_width__hover=&#8221;null&#8221; button_border_color__hover_enabled=&#8221;off&#8221; button_border_color__hover=&#8221;null&#8221; button_one_border_color__hover_enabled=&#8221;off&#8221; button_one_border_color__hover=&#8221;null&#8221; button_two_border_color__hover_enabled=&#8221;off&#8221; button_two_border_color__hover=&#8221;null&#8221; button_border_radius__hover_enabled=&#8221;off&#8221; button_border_radius__hover=&#8221;null&#8221; button_one_border_radius__hover_enabled=&#8221;off&#8221; button_one_border_radius__hover=&#8221;null&#8221; button_two_border_radius__hover_enabled=&#8221;off&#8221; button_two_border_radius__hover=&#8221;null&#8221; button_letter_spacing__hover_enabled=&#8221;on&#8221; button_letter_spacing__hover=&#8221;0&#8243; button_one_letter_spacing__hover_enabled=&#8221;off&#8221; button_one_letter_spacing__hover=&#8221;null&#8221; button_two_letter_spacing__hover_enabled=&#8221;off&#8221; button_two_letter_spacing__hover=&#8221;null&#8221; button_bg_color__hover_enabled=&#8221;off&#8221; button_bg_color__hover=&#8221;null&#8221; button_one_bg_color__hover_enabled=&#8221;off&#8221; button_one_bg_color__hover=&#8221;null&#8221; button_two_bg_color__hover_enabled=&#8221;off&#8221; button_two_bg_color__hover=&#8221;null&#8221;][\/et_pb_button][\/et_pb_column][et_pb_column type=&#8221;1_2&#8243; _builder_version=&#8221;3.25&#8243; custom_padding=&#8221;|||&#8221; custom_padding__hover=&#8221;|||&#8221;][et_pb_image src=&#8221;http:\/\/vida.org.pt\/wp-content\/uploads\/2016\/11\/Foto-F-Mendes-12.jpg&#8221; show_in_lightbox=&#8221;on&#8221; use_overlay=&#8221;on&#8221; hover_overlay_color=&#8221;rgba(12,113,195,0.31)&#8221; align_tablet=&#8221;center&#8221; align_phone=&#8221;&#8221; align_last_edited=&#8221;on|desktop&#8221; admin_label=&#8221;Image&#8221; _builder_version=&#8221;3.23&#8243; animation_style=&#8221;slide&#8221; animation_direction=&#8221;left&#8221; animation_duration=&#8221;500ms&#8221; animation_intensity_slide=&#8221;10%&#8221; use_border_color=&#8221;off&#8221; border_color=&#8221;#ffffff&#8221; border_style=&#8221;solid&#8221; animation=&#8221;left&#8221; sticky=&#8221;off&#8221; always_center_on_mobile=&#8221;on&#8221;][\/et_pb_image][\/et_pb_column][\/et_pb_row][et_pb_row _builder_version=&#8221;4.9.3&#8243; _module_preset=&#8221;default&#8221; custom_padding=&#8221;||11px|||&#8221;][et_pb_column type=&#8221;4_4&#8243; _builder_version=&#8221;4.9.3&#8243; _module_preset=&#8221;default&#8221;][et_pb_divider color=&#8221;rgba(0,0,0,0.39)&#8221; _builder_version=&#8221;4.9.3&#8243; _module_preset=&#8221;default&#8221;][\/et_pb_divider][\/et_pb_column][\/et_pb_row][et_pb_row column_structure=&#8221;3_5,2_5&#8243; _builder_version=&#8221;4.9.3&#8243; _module_preset=&#8221;default&#8221; custom_margin=&#8221;14px|auto||auto||&#8221;][et_pb_column type=&#8221;3_5&#8243; _builder_version=&#8221;4.9.3&#8243; _module_preset=&#8221;default&#8221;][et_pb_text _builder_version=&#8221;4.9.3&#8243; _module_preset=&#8221;default&#8221; text_font=&#8221;|600|||||||&#8221; text_font_size=&#8221;16px&#8221; header_4_font=&#8221;|800|||||||&#8221; header_4_text_color=&#8221;#b61918&#8243; width=&#8221;100%&#8221; custom_padding=&#8221;||0px|||&#8221; animation_style=&#8221;fade&#8221;]<\/p>\n<h4>\u00c1REAS DE INTERVEN\u00c7\u00c3O<\/h4>\n<p>[\/et_pb_text][et_pb_text _builder_version=&#8221;4.9.3&#8243; _module_preset=&#8221;default&#8221; text_font=&#8221;|600|||||||&#8221; text_font_size=&#8221;16px&#8221; text_line_height=&#8221;1.8em&#8221; header_4_font=&#8221;|800|||||||&#8221; header_4_text_color=&#8221;#b61918&#8243; width=&#8221;100%&#8221; custom_margin=&#8221;-14px|||||&#8221; custom_padding=&#8221;8px|||||&#8221; animation_style=&#8221;fade&#8221;]<\/p>\n<p>\u2022 Sa\u00fade Comunit\u00e1ria<br \/>\u2022 Nutri\u00e7\u00e3o<br \/>\u2022 Redes comunit\u00e1rias de prote\u00e7\u00e3o social<br \/>\u2022 Promo\u00e7\u00e3o da justi\u00e7a social em comunidades em situa\u00e7\u00e3o vulner\u00e1vel<br \/>\u2022 Capacita\u00e7\u00e3o institucional<\/p>\n<p>[\/et_pb_text][\/et_pb_column][et_pb_column type=&#8221;2_5&#8243; _builder_version=&#8221;4.9.3&#8243; _module_preset=&#8221;default&#8221;][et_pb_text _builder_version=&#8221;4.9.3&#8243; _module_preset=&#8221;default&#8221; custom_margin=&#8221;30px|||||&#8221; custom_padding=&#8221;|||32px||&#8221; animation_style=&#8221;slide&#8221;]<\/p>\n<p style=\"text-align: left;\"><img loading=\"lazy\" decoding=\"async\" src=\"https:\/\/vida.org.pt\/wp-content\/uploads\/2024\/01\/ods3-bc0d762e.png\" width=\"109\" height=\"110\" alt=\"\" class=\"wp-image-33174 alignnone size-full\" srcset=\"https:\/\/vida.org.pt\/wp-content\/uploads\/2024\/01\/ods3-bc0d762e.png 200w, https:\/\/vida.org.pt\/wp-content\/uploads\/2024\/01\/ods3-bc0d762e-100x100.png 100w, https:\/\/vida.org.pt\/wp-content\/uploads\/2024\/01\/ods3-bc0d762e-150x150.png 150w\" sizes=\"auto, (max-width: 109px) 100vw, 109px\" \/>\u00a0 \u00a0 <img loading=\"lazy\" decoding=\"async\" src=\"https:\/\/vida.org.pt\/wp-content\/uploads\/2024\/01\/ods1-f56991d0.png\" width=\"110\" height=\"112\" alt=\"\" class=\"wp-image-33175 alignnone size-medium\" \/>\u00a0 \u00a0 <img loading=\"lazy\" decoding=\"async\" src=\"https:\/\/vida.org.pt\/wp-content\/uploads\/2024\/01\/ods5-e974173e.png\" width=\"110\" height=\"109\" alt=\"\" class=\"wp-image-33176 alignnone size-full\" srcset=\"https:\/\/vida.org.pt\/wp-content\/uploads\/2024\/01\/ods5-e974173e.png 200w, https:\/\/vida.org.pt\/wp-content\/uploads\/2024\/01\/ods5-e974173e-100x100.png 100w, https:\/\/vida.org.pt\/wp-content\/uploads\/2024\/01\/ods5-e974173e-150x150.png 150w\" sizes=\"auto, (max-width: 110px) 100vw, 110px\" \/><\/p>\n<p>[\/et_pb_text][\/et_pb_column][\/et_pb_row][et_pb_row _builder_version=&#8221;4.9.3&#8243; _module_preset=&#8221;default&#8221;][et_pb_column type=&#8221;4_4&#8243; _builder_version=&#8221;4.9.3&#8243; _module_preset=&#8221;default&#8221;][et_pb_divider color=&#8221;rgba(0,0,0,0.39)&#8221; _builder_version=&#8221;4.9.3&#8243; _module_preset=&#8221;default&#8221;][\/et_pb_divider][\/et_pb_column][\/et_pb_row][et_pb_row _builder_version=&#8221;4.9.3&#8243; _module_preset=&#8221;default&#8221;][et_pb_column type=&#8221;4_4&#8243; _builder_version=&#8221;4.9.3&#8243; _module_preset=&#8221;default&#8221;][et_pb_text _builder_version=&#8221;4.9.3&#8243; _module_preset=&#8221;default&#8221; header_font_size=&#8221;22px&#8221; header_3_text_color=&#8221;#b61918&#8243; header_4_font=&#8221;|800|||||||&#8221; header_4_text_color=&#8221;#b61918&#8243; animation_style=&#8221;fade&#8221;]<\/p>\n<h4>PROJETOS A DECORRER NA \u00c1REA<\/h4>\n<p>[\/et_pb_text][\/et_pb_column][\/et_pb_row][et_pb_row column_structure=&#8221;1_3,1_3,1_3&#8243; _builder_version=&#8221;4.9.3&#8243; _module_preset=&#8221;default&#8221; custom_margin=&#8221;-7px|auto||auto||&#8221; custom_padding=&#8221;7px|||||&#8221;][et_pb_column type=&#8221;1_3&#8243; _builder_version=&#8221;4.9.3&#8243; _module_preset=&#8221;default&#8221;][et_pb_blurb title=&#8221;Linha de Sa\u00fade 24h &#8211; Refor\u00e7o da disponibilidade e proximidade dos servi\u00e7os de sa\u00fade \u00e0 popula\u00e7\u00e3o da Guin\u00e9-Bissau&#8221; url=&#8221;https:\/\/vida.org.pt\/wp-content\/uploads\/2024\/01\/Ficha-tecnica_Linha-Saude-24h.pdf&#8221; url_new_window=&#8221;on&#8221; image=&#8221;https:\/\/vida.org.pt\/wp-content\/uploads\/2024\/01\/WhatsApp-Image-2021-09-04-at-13.09.47-1-1.jpg&#8221; image_max_width=&#8221;none&#8221; admin_label=&#8221;1planet4all&#8221; _builder_version=&#8221;4.9.3&#8243; body_font_size=&#8221;13px&#8221; body_line_height=&#8221;1.5em&#8221; background_size=&#8221;initial&#8221; background_position=&#8221;top_left&#8221; background_repeat=&#8221;repeat&#8221; vertical_offset_tablet=&#8221;0&#8243; horizontal_offset_tablet=&#8221;0&#8243; text_orientation=&#8221;justified&#8221; animation_style=&#8221;slide&#8221; animation=&#8221;bottom&#8221; z_index_tablet=&#8221;0&#8243; header_text_shadow_horizontal_length_tablet=&#8221;0px&#8221; header_text_shadow_vertical_length_tablet=&#8221;0px&#8221; header_text_shadow_blur_strength_tablet=&#8221;1px&#8221; body_text_shadow_horizontal_length_tablet=&#8221;0px&#8221; body_text_shadow_vertical_length_tablet=&#8221;0px&#8221; body_text_shadow_blur_strength_tablet=&#8221;1px&#8221; body_link_text_shadow_horizontal_length_tablet=&#8221;0px&#8221; body_link_text_shadow_vertical_length_tablet=&#8221;0px&#8221; body_link_text_shadow_blur_strength_tablet=&#8221;1px&#8221; body_ul_text_shadow_horizontal_length_tablet=&#8221;0px&#8221; body_ul_text_shadow_vertical_length_tablet=&#8221;0px&#8221; body_ul_text_shadow_blur_strength_tablet=&#8221;1px&#8221; body_ol_text_shadow_horizontal_length_tablet=&#8221;0px&#8221; body_ol_text_shadow_vertical_length_tablet=&#8221;0px&#8221; body_ol_text_shadow_blur_strength_tablet=&#8221;1px&#8221; body_quote_text_shadow_horizontal_length_tablet=&#8221;0px&#8221; body_quote_text_shadow_vertical_length_tablet=&#8221;0px&#8221; body_quote_text_shadow_blur_strength_tablet=&#8221;1px&#8221; box_shadow_horizontal_tablet=&#8221;0px&#8221; box_shadow_vertical_tablet=&#8221;0px&#8221; box_shadow_blur_tablet=&#8221;40px&#8221; box_shadow_spread_tablet=&#8221;0px&#8221; box_shadow_horizontal_image_tablet=&#8221;0px&#8221; box_shadow_vertical_image_tablet=&#8221;0px&#8221; box_shadow_blur_image_tablet=&#8221;40px&#8221; box_shadow_spread_image_tablet=&#8221;0px&#8221; text_shadow_horizontal_length_tablet=&#8221;0px&#8221; text_shadow_vertical_length_tablet=&#8221;0px&#8221; text_shadow_blur_strength_tablet=&#8221;1px&#8221; use_border_color=&#8221;off&#8221; border_color=&#8221;#ffffff&#8221; border_style=&#8221;solid&#8221; global_module=&#8221;33159&#8243;]<\/p>\n<p>Ap\u00f3s balan\u00e7o do Call Center COVID-19 (operacionalizado pela VIDA), \u00e9 un\u00e2nime a necessidade de dar continuidade \u00e0 disponibiliza\u00e7\u00e3o de servi\u00e7os de sa\u00fade atrav\u00e9s da rede m\u00f3vel de telefone, largamente disseminada e utilizada pela popula\u00e7\u00e3o guineense. A Linha de Sa\u00fade 24h permite que seja realizada a triagem, aconselhamento e encaminhamento por profissionais de sa\u00fade que avaliam o n\u00edvel de risco apresentado pelo cidad\u00e3o e encaminham para as entidades mais adequadas a n\u00edvel nacional.<\/p>\n<p>[\/et_pb_blurb][\/et_pb_column][et_pb_column type=&#8221;1_3&#8243; _builder_version=&#8221;4.9.3&#8243; _module_preset=&#8221;default&#8221;][et_pb_blurb title=&#8221;Micro-Seguro de Sa\u00fade para Grupos de Poupan\u00e7a&#8221; url=&#8221;https:\/\/vida.org.pt\/wp-content\/uploads\/2023\/07\/Ficha-tecnica_Grupos-Poupanca-Saude.pdf&#8221; url_new_window=&#8221;on&#8221; image=&#8221;http:\/\/vida.org.pt\/wp-content\/uploads\/2023\/07\/Grupos-Poupanca_Apresent-projeto_Elia_Jul-23-6.jpg&#8221; image_max_width=&#8221;none&#8221; admin_label=&#8221;Grupos Poupan\u00e7a&#8221; _builder_version=&#8221;4.9.3&#8243; body_font_size=&#8221;13px&#8221; body_line_height=&#8221;1.5em&#8221; background_size=&#8221;initial&#8221; background_position=&#8221;top_left&#8221; background_repeat=&#8221;repeat&#8221; vertical_offset_tablet=&#8221;0&#8243; horizontal_offset_tablet=&#8221;0&#8243; text_orientation=&#8221;justified&#8221; animation_style=&#8221;slide&#8221; animation=&#8221;bottom&#8221; z_index_tablet=&#8221;0&#8243; header_text_shadow_horizontal_length_tablet=&#8221;0px&#8221; header_text_shadow_vertical_length_tablet=&#8221;0px&#8221; header_text_shadow_blur_strength_tablet=&#8221;1px&#8221; body_text_shadow_horizontal_length_tablet=&#8221;0px&#8221; body_text_shadow_vertical_length_tablet=&#8221;0px&#8221; body_text_shadow_blur_strength_tablet=&#8221;1px&#8221; body_link_text_shadow_horizontal_length_tablet=&#8221;0px&#8221; body_link_text_shadow_vertical_length_tablet=&#8221;0px&#8221; body_link_text_shadow_blur_strength_tablet=&#8221;1px&#8221; body_ul_text_shadow_horizontal_length_tablet=&#8221;0px&#8221; body_ul_text_shadow_vertical_length_tablet=&#8221;0px&#8221; body_ul_text_shadow_blur_strength_tablet=&#8221;1px&#8221; body_ol_text_shadow_horizontal_length_tablet=&#8221;0px&#8221; body_ol_text_shadow_vertical_length_tablet=&#8221;0px&#8221; body_ol_text_shadow_blur_strength_tablet=&#8221;1px&#8221; body_quote_text_shadow_horizontal_length_tablet=&#8221;0px&#8221; body_quote_text_shadow_vertical_length_tablet=&#8221;0px&#8221; body_quote_text_shadow_blur_strength_tablet=&#8221;1px&#8221; box_shadow_horizontal_tablet=&#8221;0px&#8221; box_shadow_vertical_tablet=&#8221;0px&#8221; box_shadow_blur_tablet=&#8221;40px&#8221; box_shadow_spread_tablet=&#8221;0px&#8221; box_shadow_horizontal_image_tablet=&#8221;0px&#8221; box_shadow_vertical_image_tablet=&#8221;0px&#8221; box_shadow_blur_image_tablet=&#8221;40px&#8221; box_shadow_spread_image_tablet=&#8221;0px&#8221; text_shadow_horizontal_length_tablet=&#8221;0px&#8221; text_shadow_vertical_length_tablet=&#8221;0px&#8221; text_shadow_blur_strength_tablet=&#8221;1px&#8221; use_border_color=&#8221;off&#8221; border_color=&#8221;#ffffff&#8221; border_style=&#8221;solid&#8221; global_module=&#8221;33160&#8243;]<\/p>\n<div class=\"body\">\n<div class=\"content html-only has-footer\">\n<p>Esta componente do projeto <em>&#8220;Capacitar as mulheres para mitigar os choques clim\u00e1ticos e as vulnerabilidades na Guin\u00e9-Bissau atrav\u00e9s de iniciativas de resili\u00eancia lideradas pela comunidade&#8221;<\/em> \u00e9 implementada pela VIDA e pretende fortalecer os mecanismos de poupan\u00e7a comunit\u00e1ria em cinco aldeias da sec\u00e7\u00e3o de Suzana, por meio da metodologia de Comunidades de Poupan\u00e7a e Empr\u00e9stimo Interno (SILC), juntamente com atividades de capacita\u00e7\u00e3o em gest\u00e3o financeira, alfabetiza\u00e7\u00e3o digital, presta\u00e7\u00e3o de contas e acesso gratuito \u00e0 sa\u00fade.<\/p>\n<\/div>\n<\/div>\n<p>[\/et_pb_blurb][\/et_pb_column][et_pb_column type=&#8221;1_3&#8243; _builder_version=&#8221;4.9.3&#8243; _module_preset=&#8221;default&#8221;][\/et_pb_column][\/et_pb_row][et_pb_row _builder_version=&#8221;4.9.3&#8243; _module_preset=&#8221;default&#8221;][et_pb_column type=&#8221;4_4&#8243; _builder_version=&#8221;4.9.3&#8243; _module_preset=&#8221;default&#8221;][et_pb_divider color=&#8221;rgba(0,0,0,0.39)&#8221; _builder_version=&#8221;4.9.3&#8243; _module_preset=&#8221;default&#8221;][\/et_pb_divider][\/et_pb_column][\/et_pb_row][et_pb_row _builder_version=&#8221;4.9.3&#8243; _module_preset=&#8221;default&#8221;][et_pb_column type=&#8221;4_4&#8243; _builder_version=&#8221;4.9.3&#8243; _module_preset=&#8221;default&#8221;][et_pb_text _builder_version=&#8221;4.9.3&#8243; _module_preset=&#8221;default&#8221; header_font_size=&#8221;22px&#8221; header_3_text_color=&#8221;#b61918&#8243; header_4_font=&#8221;|800|||||||&#8221; header_4_text_color=&#8221;#b61918&#8243; animation_style=&#8221;fade&#8221;]<\/p>\n<h4>PROJETOS CONCLU\u00cdDOS<\/h4>\n<p>[\/et_pb_text][\/et_pb_column][\/et_pb_row][et_pb_row column_structure=&#8221;1_4,1_4,1_4,1_4&#8243; _builder_version=&#8221;4.9.3&#8243; _module_preset=&#8221;default&#8221; custom_margin=&#8221;-27px|auto||auto||&#8221; animation_style=&#8221;fade&#8221;][et_pb_column type=&#8221;1_4&#8243; _builder_version=&#8221;4.9.3&#8243; _module_preset=&#8221;default&#8221;][et_pb_text _builder_version=&#8221;4.9.3&#8243; _module_preset=&#8221;default&#8221; header_font_size=&#8221;22px&#8221; header_3_font=&#8221;|600|||||||&#8221; header_3_text_color=&#8221;#b61918&#8243; header_3_font_size=&#8221;19px&#8221;]<\/p>\n<h3>SA\u00daDE e NUTRI\u00c7\u00c3O<\/h3>\n<p>[\/et_pb_text][et_pb_blurb title=&#8221;Refor\u00e7o das Estruturas de Sa\u00fade de iniciativa comunit\u00e1ria na regi\u00e3o de Cacheu &#8211; Mutualidade de Sa\u00fade e Centro Materno-Infantil de S. Domingos&#8221; url=&#8221;https:\/\/vida.org.pt\/wp-content\/uploads\/2019\/04\/Reforco-Estruturas-de-Saude-Iniciativa-Comunitaria.pdf&#8221; image=&#8221;https:\/\/vida.org.pt\/wp-content\/uploads\/2024\/01\/Entrega-cartao-mutualista_2019.jpg&#8221; _builder_version=&#8221;4.9.3&#8243; _module_preset=&#8221;default&#8221; body_font_size=&#8221;13px&#8221; body_line_height=&#8221;1.5em&#8221;]<\/p>\n<p><span class=\"s1\">Com base na experi\u00eancia de mais de duas d\u00e9cadas de trabalho no \u00e2mbito da sa\u00fade comunit\u00e1ria e materno-infantil na regi\u00e3o de Cacheu, este projeto contribuiu para o fortalecimento da Mutualidade de Sa\u00fade nas comunidades de Suzana e Varela, e do Centro Comunit\u00e1rio de Sa\u00fade Materno-Infantil de S. Domingos, para se tornarem refer\u00eancias para outras zonas do pa\u00eds.<\/span><\/p>\n<p>[\/et_pb_blurb][\/et_pb_column][et_pb_column type=&#8221;1_4&#8243; _builder_version=&#8221;4.9.3&#8243; _module_preset=&#8221;default&#8221;][et_pb_text _builder_version=&#8221;4.9.3&#8243; _module_preset=&#8221;default&#8221; header_font_size=&#8221;22px&#8221; header_3_font=&#8221;|600|||||||&#8221; header_3_text_color=&#8221;#b61918&#8243; header_3_font_size=&#8221;19px&#8221;]<\/p>\n<h3>SA\u00daDE COMUNIT\u00c1RIA<\/h3>\n<p>[\/et_pb_text][et_pb_blurb title=&#8221;Estrat\u00e9gia para a redu\u00e7\u00e3o da mortalidade materna, neonatal e infantojuvenil na Guin\u00e9-Bissau &#8211; Setor Aut\u00f3nomo de Bissau&#8221; url=&#8221;https:\/\/vida.org.pt\/wp-content\/uploads\/2019\/12\/POSTER-SAB.pdf&#8221; image=&#8221;https:\/\/vida.org.pt\/wp-content\/uploads\/2016\/11\/bike-ASC-sab-1.jpg&#8221; _builder_version=&#8221;4.9.3&#8243; _module_preset=&#8221;default&#8221; body_font_size=&#8221;13px&#8221; body_line_height=&#8221;1.5em&#8221;]<\/p>\n<p>Em 2015, aceit\u00e1mos o convite da UNICEF para estabelecer uma rede de Sa\u00fade Comunit\u00e1ria abrangendo as fam\u00edlias de toda a capital, em parceria com o Dire\u00e7\u00e3o Regional de Sa\u00fade, T\u00e9cnicos de Sa\u00fade e parceiros internacionais.<\/p>\n<p>[\/et_pb_blurb][\/et_pb_column][et_pb_column type=&#8221;1_4&#8243; _builder_version=&#8221;4.9.3&#8243; _module_preset=&#8221;default&#8221;][et_pb_text _builder_version=&#8221;4.9.3&#8243; _module_preset=&#8221;default&#8221; header_font_size=&#8221;22px&#8221; header_3_font=&#8221;|600|||||||&#8221; header_3_text_color=&#8221;#b61918&#8243; header_3_font_size=&#8221;20px&#8221;]<\/p>\n<p>&nbsp;<\/p>\n<p>[\/et_pb_text][et_pb_blurb title=&#8221;Tabanka Ku Saudi&#8221; url=&#8221;https:\/\/vida.org.pt\/wp-content\/uploads\/2018\/09\/Tabanka-ku-saudi.pdf&#8221; image=&#8221;https:\/\/vida.org.pt\/wp-content\/uploads\/2016\/11\/11872249_10153227917161185_8997511268794299182_o-1.jpg&#8221; _builder_version=&#8221;4.9.3&#8243; _module_preset=&#8221;default&#8221; body_font_size=&#8221;13px&#8221; body_line_height=&#8221;1.5em&#8221; custom_margin=&#8221;28px|||||&#8221;]<\/p>\n<p>Atrav\u00e9s da operacionaliza\u00e7\u00e3o de uma rede de Agentes de Sa\u00fade Comunit\u00e1ria, o projeto pretendeu implementar as interven\u00e7\u00f5es de alto impacto, reconhecidas internacionalmente, ao capacitar a resposta da comunidade aos problemas de sa\u00fade, sobretudo \u00e0s comunidades mais isoladas e fustigadas pela escassez de a\u00e7\u00e3o\/recursos de um Estado fr\u00e1gil.<\/p>\n<p>[\/et_pb_blurb][\/et_pb_column][et_pb_column type=&#8221;1_4&#8243; _builder_version=&#8221;4.9.3&#8243; _module_preset=&#8221;default&#8221;][et_pb_text _builder_version=&#8221;4.9.3&#8243; _module_preset=&#8221;default&#8221; header_font_size=&#8221;20px&#8221; header_3_font=&#8221;|600|||||||&#8221; header_3_text_color=&#8221;#b61918&#8243; header_3_font_size=&#8221;20px&#8221;]<\/p>\n<h3>POPULA\u00c7\u00c3O<\/h3>\n<p>[\/et_pb_text][et_pb_blurb title=&#8221;Refor\u00e7o dos servi\u00e7os de a\u00e7\u00e3o social na prov\u00edncia de Maputo&#8221; url=&#8221;https:\/\/vida.org.pt\/wp-content\/uploads\/2021\/12\/Ficha-Tecnica_Reforco-servicos-acao-social-provincia-Maputo.pdf&#8221; image=&#8221;https:\/\/vida.org.pt\/wp-content\/uploads\/2023\/07\/Site_projetos-1-2-scaled.jpg&#8221; _builder_version=&#8221;4.9.3&#8243; _module_preset=&#8221;default&#8221; body_font_size=&#8221;13px&#8221; body_line_height=&#8221;1.5em&#8221; custom_margin=&#8221;-6px|||||&#8221;]<\/p>\n<p>Este projeto surge a partir do trabalho iniciado em 2019 no distrito de Matutuine com o Servi\u00e7o Provincial de Assuntos Sociais de Maputo face \u00e0 inexist\u00eancia de mecanismos estruturais eficazes para responder a crises humanit\u00e1rias e atuar de forma efetiva na presta\u00e7\u00e3o de aux\u00edlio \u00e0s fam\u00edlias mais vulner\u00e1veis da prov\u00edncia.\u00a0<\/p>\n<p>[\/et_pb_blurb][\/et_pb_column][\/et_pb_row][et_pb_row _builder_version=&#8221;4.9.3&#8243; _module_preset=&#8221;default&#8221;][et_pb_column type=&#8221;4_4&#8243; _builder_version=&#8221;4.9.3&#8243; _module_preset=&#8221;default&#8221;][et_pb_divider color=&#8221;rgba(0,0,0,0.39)&#8221; _builder_version=&#8221;4.9.3&#8243; _module_preset=&#8221;default&#8221;][\/et_pb_divider][\/et_pb_column][\/et_pb_row][et_pb_row column_structure=&#8221;1_2,1_2&#8243; admin_label=&#8221;Row&#8221; _builder_version=&#8221;4.9.3&#8243; background_size=&#8221;initial&#8221; background_position=&#8221;top_left&#8221; background_repeat=&#8221;repeat&#8221; animation_style=&#8221;fade&#8221;][et_pb_column type=&#8221;1_2&#8243; _builder_version=&#8221;3.25&#8243; custom_padding=&#8221;|||&#8221; custom_padding__hover=&#8221;|||&#8221;][et_pb_cta title=&#8221;PROGRAMA DE PROTE\u00c7\u00c3O SOCIAL EM MAPUTO&#8221; button_url=&#8221;https:\/\/vida.org.pt\/lancamento-oficial-do-projeto-de-acao-social-na-provincia-de-maputo\/&#8221; button_text=&#8221;Saber mais&#8221; admin_label=&#8221;Chamada ao V\u00eddeo&#8221; _builder_version=&#8221;4.9.3&#8243; header_font_size=&#8221;23px&#8221; body_font_size=&#8221;15px&#8221; body_line_height=&#8221;1.5em&#8221; background_color=&#8221;#e09900&#8243; background_size=&#8221;initial&#8221; background_position=&#8221;top_left&#8221; background_repeat=&#8221;repeat&#8221; custom_button=&#8221;on&#8221; button_text_size=&#8221;16px&#8221; min_height=&#8221;296.6px&#8221; custom_padding=&#8221;36px||28px|||&#8221; use_border_color=&#8221;off&#8221; border_color=&#8221;#ffffff&#8221; border_style=&#8221;solid&#8221; button_letter_spacing_hover=&#8221;0&#8243; button_text_size__hover_enabled=&#8221;off&#8221; button_one_text_size__hover_enabled=&#8221;off&#8221; button_two_text_size__hover_enabled=&#8221;off&#8221; button_text_color__hover_enabled=&#8221;off&#8221; button_one_text_color__hover_enabled=&#8221;off&#8221; button_two_text_color__hover_enabled=&#8221;off&#8221; button_border_width__hover_enabled=&#8221;off&#8221; button_one_border_width__hover_enabled=&#8221;off&#8221; button_two_border_width__hover_enabled=&#8221;off&#8221; button_border_color__hover_enabled=&#8221;off&#8221; button_one_border_color__hover_enabled=&#8221;off&#8221; button_two_border_color__hover_enabled=&#8221;off&#8221; button_border_radius__hover_enabled=&#8221;off&#8221; button_one_border_radius__hover_enabled=&#8221;off&#8221; button_two_border_radius__hover_enabled=&#8221;off&#8221; button_letter_spacing__hover_enabled=&#8221;on&#8221; button_letter_spacing__hover=&#8221;0&#8243; button_one_letter_spacing__hover_enabled=&#8221;off&#8221; button_two_letter_spacing__hover_enabled=&#8221;off&#8221; button_bg_color__hover_enabled=&#8221;off&#8221; button_one_bg_color__hover_enabled=&#8221;off&#8221; button_two_bg_color__hover_enabled=&#8221;off&#8221;]<\/p>\n<p class=\"entry-title\">O projeto para o <em>Refor\u00e7o dos Servi\u00e7os de A\u00e7\u00e3o Social para a Preven\u00e7\u00e3o e Mitiga\u00e7\u00e3o de Situa\u00e7\u00f5es de Risco ao n\u00edvel da Prote\u00e7\u00e3o Social na Prov\u00edncia de Maputo<\/em> foi oficialmente lan\u00e7ado em junho de 2022 pela Secret\u00e1ria de Estado da prov\u00edncia de Maputo.<\/p>\n<p class=\"entry-title\">At\u00e9 ao final do projeto (2023), foram registadas 33 297 pessoas de 9 994 agregados familiares considerados extremamente vulner\u00e1veis na base de dados oficial (gerida pelo Servi\u00e7o Provincial de Assuntos Sociais de Maputo).<\/p>\n<p>[\/et_pb_cta][\/et_pb_column][et_pb_column type=&#8221;1_2&#8243; _builder_version=&#8221;4.9.3&#8243; _module_preset=&#8221;default&#8221;][et_pb_image src=&#8221;https:\/\/vida.org.pt\/wp-content\/uploads\/2024\/01\/WhatsApp-Image-2023-06-27-at-16.21.20.jpg&#8221; title_text=&#8221;WhatsApp Image 2023-06-27 at 16.21.20&#8243; _builder_version=&#8221;4.9.3&#8243; _module_preset=&#8221;default&#8221; custom_padding=&#8221;||0px|||&#8221;][\/et_pb_image][\/et_pb_column][\/et_pb_row][et_pb_row column_structure=&#8221;1_2,1_2&#8243; admin_label=&#8221;Row&#8221; _builder_version=&#8221;4.9.3&#8243; background_size=&#8221;initial&#8221; background_position=&#8221;top_left&#8221; background_repeat=&#8221;repeat&#8221; animation_style=&#8221;fade&#8221;][et_pb_column type=&#8221;1_2&#8243; _builder_version=&#8221;3.25&#8243; custom_padding=&#8221;|||&#8221; custom_padding__hover=&#8221;|||&#8221;][et_pb_image src=&#8221;https:\/\/vida.org.pt\/wp-content\/uploads\/2024\/01\/IMG_1175.jpg&#8221; title_text=&#8221;IMG_1175&#8243; _builder_version=&#8221;4.9.3&#8243; _module_preset=&#8221;default&#8221;][\/et_pb_image][\/et_pb_column][et_pb_column type=&#8221;1_2&#8243; _builder_version=&#8221;4.9.3&#8243; _module_preset=&#8221;default&#8221;][et_pb_cta title=&#8221;CENTRO MATERNO-INFANTIL DE REFER\u00caNCIA NA REGI\u00c3O DE CACHEU&#8221; button_url=&#8221;http:\/\/vida.org.pt\/o-que-fazemos\/areas-de-intervencao\/saude\/&#8221; admin_label=&#8221;Chamada ao V\u00eddeo&#8221; _builder_version=&#8221;4.9.3&#8243; header_font_size=&#8221;22px&#8221; header_line_height=&#8221;1.5em&#8221; body_font_size=&#8221;15px&#8221; body_line_height=&#8221;1.5em&#8221; background_color=&#8221;#e09900&#8243; background_size=&#8221;initial&#8221; background_position=&#8221;top_left&#8221; background_repeat=&#8221;repeat&#8221; custom_button=&#8221;on&#8221; button_text_size=&#8221;16px&#8221; min_height=&#8221;245.6px&#8221; custom_padding=&#8221;47px||26px|||&#8221; use_border_color=&#8221;off&#8221; border_color=&#8221;#ffffff&#8221; border_style=&#8221;solid&#8221; button_letter_spacing_hover=&#8221;0&#8243; button_text_size__hover_enabled=&#8221;off&#8221; button_one_text_size__hover_enabled=&#8221;off&#8221; button_two_text_size__hover_enabled=&#8221;off&#8221; button_text_color__hover_enabled=&#8221;off&#8221; button_one_text_color__hover_enabled=&#8221;off&#8221; button_two_text_color__hover_enabled=&#8221;off&#8221; button_border_width__hover_enabled=&#8221;off&#8221; button_one_border_width__hover_enabled=&#8221;off&#8221; button_two_border_width__hover_enabled=&#8221;off&#8221; button_border_color__hover_enabled=&#8221;off&#8221; button_one_border_color__hover_enabled=&#8221;off&#8221; button_two_border_color__hover_enabled=&#8221;off&#8221; button_border_radius__hover_enabled=&#8221;off&#8221; button_one_border_radius__hover_enabled=&#8221;off&#8221; button_two_border_radius__hover_enabled=&#8221;off&#8221; button_letter_spacing__hover_enabled=&#8221;on&#8221; button_letter_spacing__hover=&#8221;0&#8243; button_one_letter_spacing__hover_enabled=&#8221;off&#8221; button_two_letter_spacing__hover_enabled=&#8221;off&#8221; button_bg_color__hover_enabled=&#8221;off&#8221; button_one_bg_color__hover_enabled=&#8221;off&#8221; button_two_bg_color__hover_enabled=&#8221;off&#8221;]<\/p>\n<div class=\"xdj266r x11i5rnm xat24cr x1mh8g0r x1vvkbs x126k92a\">\n<div dir=\"auto\">O Centro Comunit\u00e1rio de Sa\u00fade Materno-Infantil de S\u00e3o Domingos, na <span>Guin\u00e9-Bissau, foi reconhecido em 2019 como um dos centros com melhor gest\u00e3o na regi\u00e3o de Cacheu. <\/span><\/div>\n<div dir=\"auto\"><span><\/span>O Centro foi constru\u00eddo pela VIDA em 2010, com o apoio do <span class=\"xt0psk2\">Cam\u00f5es, I.P.<\/span>, <span class=\"xt0psk2\">Funda\u00e7\u00e3o Calouste Gulbenkian<\/span> e Alto Comissariado da Sa\u00fade, e desde ent\u00e3o tem um modelo de gest\u00e3o tripartida (VIDA, Minist\u00e9rio da Sa\u00fade e Associa\u00e7\u00e3o de Mulheres de S\u00e3o Domingos).<\/div>\n<\/div>\n<p>[\/et_pb_cta][\/et_pb_column][\/et_pb_row][et_pb_row column_structure=&#8221;1_2,1_2&#8243; admin_label=&#8221;Row&#8221; _builder_version=&#8221;4.9.3&#8243; background_size=&#8221;initial&#8221; background_position=&#8221;top_left&#8221; background_repeat=&#8221;repeat&#8221; animation_style=&#8221;fade&#8221;][et_pb_column type=&#8221;1_2&#8243; _builder_version=&#8221;3.25&#8243; custom_padding=&#8221;|||&#8221; custom_padding__hover=&#8221;|||&#8221;][et_pb_cta title=&#8221;MUTUALIDADE DE SA\u00daDE&#8221; button_url=&#8221;http:\/\/vida.org.pt\/o-que-fazemos\/areas-de-intervencao\/saude\/&#8221; button_text=&#8221;Ver V\u00eddeo&#8221; admin_label=&#8221;Chamada ao V\u00eddeo&#8221; _builder_version=&#8221;4.9.3&#8243; header_font_size=&#8221;23px&#8221; body_font_size=&#8221;16&#8243; body_line_height=&#8221;1.5em&#8221; background_color=&#8221;#e09900&#8243; background_size=&#8221;initial&#8221; background_position=&#8221;top_left&#8221; background_repeat=&#8221;repeat&#8221; custom_button=&#8221;on&#8221; button_text_size=&#8221;16px&#8221; min_height=&#8221;245.6px&#8221; custom_padding=&#8221;30px||28px|||&#8221; use_border_color=&#8221;off&#8221; border_color=&#8221;#ffffff&#8221; border_style=&#8221;solid&#8221; button_letter_spacing_hover=&#8221;0&#8243; button_text_size__hover_enabled=&#8221;off&#8221; button_one_text_size__hover_enabled=&#8221;off&#8221; button_two_text_size__hover_enabled=&#8221;off&#8221; button_text_color__hover_enabled=&#8221;off&#8221; button_one_text_color__hover_enabled=&#8221;off&#8221; button_two_text_color__hover_enabled=&#8221;off&#8221; button_border_width__hover_enabled=&#8221;off&#8221; button_one_border_width__hover_enabled=&#8221;off&#8221; button_two_border_width__hover_enabled=&#8221;off&#8221; button_border_color__hover_enabled=&#8221;off&#8221; button_one_border_color__hover_enabled=&#8221;off&#8221; button_two_border_color__hover_enabled=&#8221;off&#8221; button_border_radius__hover_enabled=&#8221;off&#8221; button_one_border_radius__hover_enabled=&#8221;off&#8221; button_two_border_radius__hover_enabled=&#8221;off&#8221; button_letter_spacing__hover_enabled=&#8221;on&#8221; button_letter_spacing__hover=&#8221;0&#8243; button_one_letter_spacing__hover_enabled=&#8221;off&#8221; button_two_letter_spacing__hover_enabled=&#8221;off&#8221; button_bg_color__hover_enabled=&#8221;off&#8221; button_one_bg_color__hover_enabled=&#8221;off&#8221; button_two_bg_color__hover_enabled=&#8221;off&#8221;]<\/p>\n<p class=\"p1\"><span class=\"s1\">J\u00e1 conhece o Sistema de Mutualidade de Sa\u00fade na regi\u00e3o de Cacheu, na Guin\u00e9-Bissau? <\/span><\/p>\n<p class=\"p1\"><span class=\"s1\">Conhe\u00e7a <\/span><span class=\"s2\">aqui<b> <\/b><\/span><span class=\"s1\">os testemunhos dos pr\u00f3prios benefici\u00e1rios! <\/span><\/p>\n<p>[\/et_pb_cta][et_pb_social_media_follow _builder_version=&#8221;4.9.3&#8243; _module_preset=&#8221;default&#8221; text_orientation=&#8221;center&#8221; custom_margin=&#8221;||9px|||&#8221; custom_padding=&#8221;||0px|||&#8221;][et_pb_social_media_follow_network social_network=&#8221;facebook&#8221; url=&#8221;https:\/\/www.facebook.com\/mutualidadesaudesuzanaevarela&#8221; use_icon_font_size=&#8221;on&#8221; icon_font_size=&#8221;18px&#8221; _builder_version=&#8221;4.9.3&#8243; _module_preset=&#8221;default&#8221; background_color=&#8221;#3b5998&#8243; custom_button=&#8221;on&#8221; button_text_size=&#8221;3px&#8221; follow_button=&#8221;off&#8221; url_new_window=&#8221;on&#8221;]facebook[\/et_pb_social_media_follow_network][\/et_pb_social_media_follow][\/et_pb_column][et_pb_column type=&#8221;1_2&#8243; _builder_version=&#8221;4.9.3&#8243; _module_preset=&#8221;default&#8221;][et_pb_image src=&#8221;https:\/\/vida.org.pt\/wp-content\/uploads\/2024\/01\/21122018-DSCF1504_Mutualista-Suzana.jpg&#8221; title_text=&#8221;21122018-DSCF1504_Mutualista Suzana&#8221; _builder_version=&#8221;4.9.3&#8243; _module_preset=&#8221;default&#8221;][\/et_pb_image][\/et_pb_column][\/et_pb_row][et_pb_row _builder_version=&#8221;4.9.3&#8243; _module_preset=&#8221;default&#8221; custom_padding=&#8221;50px|||||&#8221;][et_pb_column type=&#8221;4_4&#8243; _builder_version=&#8221;4.9.3&#8243; _module_preset=&#8221;default&#8221;][et_pb_divider color=&#8221;rgba(0,0,0,0.39)&#8221; _builder_version=&#8221;4.9.3&#8243; _module_preset=&#8221;default&#8221;][\/et_pb_divider][\/et_pb_column][\/et_pb_row][et_pb_row _builder_version=&#8221;4.9.3&#8243; _module_preset=&#8221;default&#8221; custom_padding=&#8221;15px|||||&#8221; animation_style=&#8221;fade&#8221;][et_pb_column type=&#8221;4_4&#8243; _builder_version=&#8221;4.9.3&#8243; _module_preset=&#8221;default&#8221;][et_pb_text _builder_version=&#8221;4.9.3&#8243; _module_preset=&#8221;default&#8221; header_font_size=&#8221;22px&#8221; header_3_text_color=&#8221;#b61918&#8243; header_4_font=&#8221;|800|||||||&#8221; header_4_text_color=&#8221;#b61918&#8243;]<\/p>\n<h4>INVESTIGA\u00c7\u00c3O &amp; IMPACTO<\/h4>\n<p>[\/et_pb_text][\/et_pb_column][\/et_pb_row][et_pb_row column_structure=&#8221;1_3,1_3,1_3&#8243; _builder_version=&#8221;4.9.3&#8243; _module_preset=&#8221;default&#8221; min_height=&#8221;224.7px&#8221; custom_padding=&#8221;9px||27px|||&#8221;][et_pb_column type=&#8221;1_3&#8243; _builder_version=&#8221;4.9.3&#8243; _module_preset=&#8221;default&#8221;][et_pb_blurb title=&#8221;Belief Systems and Health Behaviors in Guinea-Bissau&#8221; url=&#8221;https:\/\/novafrica.org\/wp-content\/uploads\/2022\/11\/2207.pdf&#8221; url_new_window=&#8221;on&#8221; use_icon=&#8221;on&#8221; font_icon=&#8221;%%73%%&#8221; icon_color=&#8221;#b61918&#8243; icon_placement=&#8221;left&#8221; use_icon_font_size=&#8221;on&#8221; icon_font_size=&#8221;24px&#8221; _builder_version=&#8221;4.9.3&#8243; _module_preset=&#8221;default&#8221; body_font_size=&#8221;13px&#8221;]<\/p>\n<p>Alexander Coutts, Teresa Molina Mill\u00e1n e Pedro C. Vicente<br \/>NOVAFRICA \u2013 Nova SBE da Universidade Nova de Lisboa (2022)<\/p>\n<p>[\/et_pb_blurb][\/et_pb_column][et_pb_column type=&#8221;1_3&#8243; _builder_version=&#8221;4.9.3&#8243; _module_preset=&#8221;default&#8221;][et_pb_blurb title=&#8221;Seguimento de pacientes p\u00f3s COVID-19 na Guin\u00e9-Bissau&#8221; url=&#8221;https:\/\/vida.org.pt\/wp-content\/uploads\/2023\/05\/Seguimento-de-Pacientes-Pos-Covid-19-na-Guine-Bissau_Poster-final.pdf&#8221; url_new_window=&#8221;on&#8221; use_icon=&#8221;on&#8221; font_icon=&#8221;%%73%%&#8221; icon_color=&#8221;#b61918&#8243; icon_placement=&#8221;left&#8221; use_icon_font_size=&#8221;on&#8221; icon_font_size=&#8221;24px&#8221; _builder_version=&#8221;4.9.3&#8243; _module_preset=&#8221;default&#8221; body_font_size=&#8221;13px&#8221;]<\/p>\n<p>Ocadaque C., Batista I.P., C\u00f3 A., Silva M.B.F., Seidi U. (VIDA), Jal\u00f3 W.M., Najute P. (HNSM)<br \/>Guin\u00e9-Bissau (2022)<\/p>\n<p>[\/et_pb_blurb][\/et_pb_column][et_pb_column type=&#8221;1_3&#8243; _builder_version=&#8221;4.9.3&#8243; _module_preset=&#8221;default&#8221;][et_pb_blurb title=&#8221;Follow the leader: Community-based Health Insurance in West Africa&#8221; url=&#8221;https:\/\/drive.google.com\/file\/d\/1sSWXRblIA2Thc4veSv5DvUlXyiXBrvqe\/view&#8221; url_new_window=&#8221;on&#8221; use_icon=&#8221;on&#8221; font_icon=&#8221;%%73%%&#8221; icon_color=&#8221;#b61918&#8243; icon_placement=&#8221;left&#8221; use_icon_font_size=&#8221;on&#8221; icon_font_size=&#8221;24px&#8221; _builder_version=&#8221;4.9.3&#8243; _module_preset=&#8221;default&#8221; body_font_size=&#8221;13px&#8221;]<\/p>\n<p class=\"et_pb_module_header\">Rute M. Caeiro, Alexander Coutts, Teresa Molina-Mill\u00e1n e Pedro C. Vicente<br \/>NOVAFRICA \u2013 Nova SBE da Universidade Nova de Lisboa (2021)<\/p>\n<p>[\/et_pb_blurb][\/et_pb_column][\/et_pb_row][et_pb_row column_structure=&#8221;1_3,1_3,1_3&#8243; _builder_version=&#8221;4.9.3&#8243; _module_preset=&#8221;default&#8221; min_height=&#8221;224.7px&#8221; custom_padding=&#8221;9px||27px|||&#8221;][et_pb_column type=&#8221;1_3&#8243; _builder_version=&#8221;4.9.3&#8243; _module_preset=&#8221;default&#8221;][et_pb_blurb title=&#8221;Incentivizing Community Health Workers in Guinea-Bissau: Experimental Evidence on Social Status and Intrinsic Motivation&#8221; url=&#8221;https:\/\/vida.org.pt\/wp-content\/uploads\/2019\/10\/Incentivizing_CHWs_in_Guinea_Bissau.pdf&#8221; url_new_window=&#8221;on&#8221; use_icon=&#8221;on&#8221; font_icon=&#8221;%%73%%&#8221; icon_color=&#8221;#b61918&#8243; icon_placement=&#8221;left&#8221; use_icon_font_size=&#8221;on&#8221; icon_font_size=&#8221;24px&#8221; _builder_version=&#8221;4.9.3&#8243; _module_preset=&#8221;default&#8221; body_font_size=&#8221;13px&#8221;]<\/p>\n<div class=\"et_pb_blurb_description\">\n<p>Mattia Fracchia, Teresa Molina-Mill\u00e1n e Pedro C. Vicente<br \/>NOVAFRICA \u2013 Nova SBE da Universidade Nova de Lisboa (2019)<\/p>\n<\/div>\n<p>[\/et_pb_blurb][\/et_pb_column][et_pb_column type=&#8221;1_3&#8243; _builder_version=&#8221;4.9.3&#8243; _module_preset=&#8221;default&#8221;][et_pb_blurb title=&#8221;Knowledge of vitamin A deficiency and crop adoption: Evidence from a field experiment in Mozambique&#8221; url=&#8221;https:\/\/vida.org.pt\/wp-content\/uploads\/2020\/02\/Knowledge-of-vitamin-A-deficiency_-Mozambique.pdf&#8221; url_new_window=&#8221;on&#8221; use_icon=&#8221;on&#8221; font_icon=&#8221;%%73%%&#8221; icon_color=&#8221;#b61918&#8243; icon_placement=&#8221;left&#8221; use_icon_font_size=&#8221;on&#8221; icon_font_size=&#8221;24px&#8221; _builder_version=&#8221;4.9.3&#8243; _module_preset=&#8221;default&#8221; body_font_size=&#8221;13px&#8221;]<\/p>\n<p>Rute M. Caeiro e Pedro C. Vicente<br \/>NOVAFRICA \u2013 Nova SBE da Universidade Nova de Lisboa (2015)<\/p>\n<p>[\/et_pb_blurb][\/et_pb_column][et_pb_column type=&#8221;1_3&#8243; _builder_version=&#8221;4.9.3&#8243; _module_preset=&#8221;default&#8221;][et_pb_blurb title=&#8221;Abordagem integrada para a preven\u00e7\u00e3o da Helmint\u00edase e Schistosom\u00edase nas crian\u00e7as em idade escolar das comunidades de S. Domingos e Canchungo&#8221; url=&#8221;https:\/\/vida.org.pt\/wp-content\/uploads\/2017\/07\/Processos-Comunit%C3%A1rios_Resultados-Preliminares-Rastreio-DTNs.pdf&#8221; url_new_window=&#8221;on&#8221; use_icon=&#8221;on&#8221; font_icon=&#8221;%%73%%&#8221; icon_color=&#8221;#b61918&#8243; icon_placement=&#8221;left&#8221; use_icon_font_size=&#8221;on&#8221; icon_font_size=&#8221;24px&#8221; _builder_version=&#8221;4.9.3&#8243; _module_preset=&#8221;default&#8221; body_font_size=&#8221;13px&#8221;]<\/p>\n<div class=\"et_pb_blurb_description\">\n<p>Lu\u00eds Filipe Azevedo, Patr\u00edcia Carvalho, Ilda Monteiro, Patr\u00edcia Maridalho, Ana Gaspar Nunes, Susana R\u00e9fega, Ana Catarina Guerra, Armando Teixeira-Pinto<br \/>VIDA | FEC | Faculdade de Medicina da Universidade do Porto (2013)<\/p>\n<\/div>\n<p>[\/et_pb_blurb][\/et_pb_column][\/et_pb_row][et_pb_row _builder_version=&#8221;4.9.3&#8243; _module_preset=&#8221;default&#8221;][et_pb_column type=&#8221;4_4&#8243; _builder_version=&#8221;4.9.3&#8243; _module_preset=&#8221;default&#8221;][et_pb_divider color=&#8221;rgba(0,0,0,0.39)&#8221; _builder_version=&#8221;4.9.3&#8243; _module_preset=&#8221;default&#8221;][\/et_pb_divider][\/et_pb_column][\/et_pb_row][et_pb_row _builder_version=&#8221;4.9.3&#8243; _module_preset=&#8221;default&#8221; custom_padding=&#8221;15px|||||&#8221;][et_pb_column type=&#8221;4_4&#8243; _builder_version=&#8221;4.9.3&#8243; _module_preset=&#8221;default&#8221;][et_pb_text _builder_version=&#8221;4.9.3&#8243; _module_preset=&#8221;default&#8221; header_font_size=&#8221;22px&#8221; header_3_text_color=&#8221;#b61918&#8243; header_4_font=&#8221;|800|||||||&#8221; header_4_text_color=&#8221;#b61918&#8243; animation_style=&#8221;fade&#8221;]<\/p>\n<h4>EVENTOS ORGANIZADOS<\/h4>\n<p>[\/et_pb_text][\/et_pb_column][\/et_pb_row][et_pb_row column_structure=&#8221;2_3,1_3&#8243; _builder_version=&#8221;4.9.3&#8243; _module_preset=&#8221;default&#8221; custom_padding=&#8221;15px|||||&#8221;][et_pb_column type=&#8221;2_3&#8243; _builder_version=&#8221;4.9.3&#8243; _module_preset=&#8221;default&#8221;][et_pb_accordion _builder_version=&#8221;4.9.3&#8243; _module_preset=&#8221;default&#8221; min_height=&#8221;199.2px&#8221; custom_margin=&#8221;0px||2px|||&#8221; animation_style=&#8221;fade&#8221; link_option_url=&#8221;https:\/\/vida.org.pt\/conferencia-saude-comunitaria-bissau\/&#8221;][et_pb_accordion_item title=&#8221;II Confer\u00eancia de Sa\u00fade Comunit\u00e1ria: desafios do presente, perspetivas de futuro&#8221; open=&#8221;on&#8221; _builder_version=&#8221;4.9.3&#8243; _module_preset=&#8221;default&#8221; link_option_url=&#8221;https:\/\/vida.org.pt\/conferencia-saude-comunitaria-bissau\/&#8221;]<\/p>\n<h5><strong>Bissau, 26 janeiro 2019<\/strong><\/h5>\n<div class=\"et_pb_toggle_content clearfix\">\n<p>Organizado pela VIDA, em parceria com Minist\u00e9rio da Sa\u00fade da Guin\u00e9-Bissau e NOVAFRICA<br \/>No \u00e2mbito do projeto &#8220;Estrat\u00e9gia para a acelera\u00e7\u00e3o da mortalidade materna, neonatal e infantojuvenil na Guin\u00e9-Bissau &#8211; Setor Aut\u00f3nomo de Bissau&#8221;<\/p>\n<p><strong><span style=\"text-decoration: underline;\"><a href=\"https:\/\/vida.org.pt\/wp-content\/uploads\/2018\/11\/Programa-Conferencia-SC_GB.pdf\" target=\"_blank\" rel=\"noopener\">Programa<\/a><\/span>\u00a0 |\u00a0 <\/strong><span style=\"text-decoration: underline;\"><a href=\"https:\/\/vida.org.pt\/wp-content\/uploads\/2019\/01\/Biografia_oradores.pdf\" target=\"_blank\" rel=\"noopener\"><strong>Conhe\u00e7a os oradores da confer\u00eancia<\/strong><\/a><\/span><\/p>\n<\/div>\n<p>[\/et_pb_accordion_item][\/et_pb_accordion][\/et_pb_column][et_pb_column type=&#8221;1_3&#8243; _builder_version=&#8221;4.9.3&#8243; _module_preset=&#8221;default&#8221;][et_pb_image src=&#8221;https:\/\/vida.org.pt\/wp-content\/uploads\/2024\/01\/MG_7181-1.jpg&#8221; title_text=&#8221;_MG_7181&#8243; show_in_lightbox=&#8221;on&#8221; use_overlay=&#8221;on&#8221; hover_overlay_color=&#8221;rgba(12,113,195,0.31)&#8221; align_tablet=&#8221;center&#8221; align_phone=&#8221;&#8221; align_last_edited=&#8221;on|desktop&#8221; _builder_version=&#8221;4.9.3&#8243; animation_style=&#8221;slide&#8221; animation_direction=&#8221;left&#8221; animation_duration=&#8221;500ms&#8221; animation_intensity_slide=&#8221;10%&#8221; use_border_color=&#8221;off&#8221; border_color=&#8221;#ffffff&#8221; border_style=&#8221;solid&#8221; animation=&#8221;left&#8221; sticky=&#8221;off&#8221; always_center_on_mobile=&#8221;on&#8221;]<\/p>\n<p>[\/et_pb_image][\/et_pb_column][\/et_pb_row][et_pb_row column_structure=&#8221;2_3,1_3&#8243; _builder_version=&#8221;4.9.3&#8243; _module_preset=&#8221;default&#8221; custom_padding=&#8221;15px|||||&#8221;][et_pb_column type=&#8221;2_3&#8243; _builder_version=&#8221;4.9.3&#8243; _module_preset=&#8221;default&#8221;][et_pb_accordion _builder_version=&#8221;4.9.3&#8243; _module_preset=&#8221;default&#8221; min_height=&#8221;199.2px&#8221; custom_margin=&#8221;0px||2px|||&#8221; animation_style=&#8221;fade&#8221; link_option_url=&#8221;https:\/\/vida.org.pt\/conferencia-vida-novafrica\/&#8221;][et_pb_accordion_item title=&#8221;A sa\u00fade comunit\u00e1ria na acelera\u00e7\u00e3o da redu\u00e7\u00e3o da mortalidade materna e infantil&#8221; open=&#8221;on&#8221; _builder_version=&#8221;4.9.3&#8243; _module_preset=&#8221;default&#8221; link_option_url=&#8221;https:\/\/vida.org.pt\/conferencia-vida-novafrica\/&#8221;]<\/p>\n<h5><strong>Lisboa, 11 dezembro 2017<\/strong><\/h5>\n<div class=\"et_pb_toggle_content clearfix\">\n<p>Organizado pela VIDA em parceria com a NOVAFRICA<br \/><span>No \u00e2mbito do projeto \u201cEstrat\u00e9gia para a acelera\u00e7\u00e3o da redu\u00e7\u00e3o da mortalidade materna, neonatal e infantojuvenil na Guin\u00e9-Bissau \u2013 Setor Aut\u00f3nomo de Bissau\u201d<\/span><\/p>\n<p><strong><a href=\"https:\/\/vida.org.pt\/wp-content\/uploads\/2017\/11\/Confer%C3%AAncia-Saude-Comunitaria-VIDA-NOVAFRICA.pdf\" target=\"_blank\" rel=\"noopener\"><span style=\"text-decoration: underline;\">Programa<\/span>\u00a0<\/a> |\u00a0 <\/strong><span style=\"text-decoration: underline;\"><a href=\"https:\/\/vida.org.pt\/wp-content\/uploads\/2017\/12\/Biografia_oradores.pdf\" target=\"_blank\" rel=\"noopener\"><strong>Conhe\u00e7a os oradores da confer\u00eancia<\/strong><\/a><\/span><\/p>\n<\/div>\n<p>[\/et_pb_accordion_item][\/et_pb_accordion][\/et_pb_column][et_pb_column type=&#8221;1_3&#8243; _builder_version=&#8221;4.9.3&#8243; _module_preset=&#8221;default&#8221;][et_pb_image src=&#8221;https:\/\/vida.org.pt\/wp-content\/uploads\/2024\/01\/25188625_1892674934093535_5531075395300201082_o.jpg&#8221; title_text=&#8221;25188625_1892674934093535_5531075395300201082_o&#8221; show_in_lightbox=&#8221;on&#8221; use_overlay=&#8221;on&#8221; hover_overlay_color=&#8221;rgba(12,113,195,0.31)&#8221; align_tablet=&#8221;center&#8221; align_phone=&#8221;&#8221; align_last_edited=&#8221;on|desktop&#8221; _builder_version=&#8221;4.9.3&#8243; animation_style=&#8221;slide&#8221; animation_direction=&#8221;left&#8221; animation_duration=&#8221;500ms&#8221; animation_intensity_slide=&#8221;10%&#8221; use_border_color=&#8221;off&#8221; border_color=&#8221;#ffffff&#8221; border_style=&#8221;solid&#8221; animation=&#8221;left&#8221; sticky=&#8221;off&#8221; always_center_on_mobile=&#8221;on&#8221;]<\/p>\n<p>[\/et_pb_image][\/et_pb_column][\/et_pb_row][\/et_pb_section]<\/p>\n","protected":false},"excerpt":{"rendered":"<p>[et_pb_section fb_built=&#8221;1&#8243; inner_shadow=&#8221;on&#8221; fullwidth=&#8221;on&#8221; custom_padding_last_edited=&#8221;on|desktop&#8221; admin_label=&#8221;section&#8221; _builder_version=&#8221;4.9.3&#8243; background_color=&#8221;#6aceb6&#8243; background_image=&#8221;https:\/\/vida.org.pt\/wp-content\/uploads\/2016\/11\/rthr.jpg&#8221; custom_padding_tablet=&#8221;50px|0|50px|0&#8243; custom_padding_phone=&#8221;&#8221; transparent_background=&#8221;off&#8221; padding_mobile=&#8221;off&#8221; make_fullwidth=&#8221;off&#8221; use_custom_width=&#8221;off&#8221; width_unit=&#8221;on&#8221;][et_pb_fullwidth_header title=&#8221;Sa\u00fade, Nutri\u00e7\u00e3o e Popula\u00e7\u00e3o&#8221; content_max_width=&#8221;none&#8221; admin_label=&#8221;Fullwidth Header&#8221; _builder_version=&#8221;4.9.3&#8243; background_color=&#8221;rgba(0,0,0,0.47)&#8221; min_height=&#8221;172px&#8221; custom_margin=&#8221;||41px|||&#8221; custom_padding=&#8221;||0px|||&#8221; button_one_letter_spacing_hover=&#8221;0&#8243; button_two_letter_spacing_hover=&#8221;0&#8243; button_one_text_size__hover_enabled=&#8221;off&#8221; button_two_text_size__hover_enabled=&#8221;off&#8221; button_one_text_color__hover_enabled=&#8221;off&#8221; button_two_text_color__hover_enabled=&#8221;off&#8221; button_one_border_width__hover_enabled=&#8221;off&#8221; button_two_border_width__hover_enabled=&#8221;off&#8221; button_one_border_color__hover_enabled=&#8221;off&#8221; button_two_border_color__hover_enabled=&#8221;off&#8221; button_one_border_radius__hover_enabled=&#8221;off&#8221; button_two_border_radius__hover_enabled=&#8221;off&#8221; button_one_letter_spacing__hover_enabled=&#8221;on&#8221; button_one_letter_spacing__hover=&#8221;0&#8243; button_two_letter_spacing__hover_enabled=&#8221;on&#8221; button_two_letter_spacing__hover=&#8221;0&#8243; button_one_bg_color__hover_enabled=&#8221;off&#8221; button_two_bg_color__hover_enabled=&#8221;off&#8221;][\/et_pb_fullwidth_header][\/et_pb_section][et_pb_section fb_built=&#8221;1&#8243; custom_padding_last_edited=&#8221;on|desktop&#8221; admin_label=&#8221;Section&#8221; _builder_version=&#8221;3.22&#8243; background_color=&#8221;rgba(255,255,255,0.21)&#8221; custom_padding=&#8221;13px||0px|||&#8221; custom_padding_tablet=&#8221;50px|0|50px|0&#8243; custom_padding_phone=&#8221;&#8221; transparent_background=&#8221;off&#8221; [&hellip;]<\/p>\n","protected":false},"author":1,"featured_media":25579,"comment_status":"open","ping_status":"open","sticky":false,"template":"","format":"standard","meta":{"_et_pb_use_builder":"on","_et_pb_old_content":"","_et_gb_content_width":"","_monsterinsights_skip_tracking":false,"_monsterinsights_sitenote_active":false,"_monsterinsights_sitenote_note":"","_monsterinsights_sitenote_category":0,"footnotes":""},"categories":[11],"tags":[12],"class_list":["post-25740","post","type-post","status-publish","format-standard","has-post-thumbnail","hentry","category-areas-de-intervencao","tag-areas-de-intervencao"],"_links":{"self":[{"href":"https:\/\/vida.org.pt\/en\/wp-json\/wp\/v2\/posts\/25740","targetHints":{"allow":["GET"]}}],"collection":[{"href":"https:\/\/vida.org.pt\/en\/wp-json\/wp\/v2\/posts"}],"about":[{"href":"https:\/\/vida.org.pt\/en\/wp-json\/wp\/v2\/types\/post"}],"author":[{"embeddable":true,"href":"https:\/\/vida.org.pt\/en\/wp-json\/wp\/v2\/users\/1"}],"replies":[{"embeddable":true,"href":"https:\/\/vida.org.pt\/en\/wp-json\/wp\/v2\/comments?post=25740"}],"version-history":[{"count":65,"href":"https:\/\/vida.org.pt\/en\/wp-json\/wp\/v2\/posts\/25740\/revisions"}],"predecessor-version":[{"id":34540,"href":"https:\/\/vida.org.pt\/en\/wp-json\/wp\/v2\/posts\/25740\/revisions\/34540"}],"wp:featuredmedia":[{"embeddable":true,"href":"https:\/\/vida.org.pt\/en\/wp-json\/wp\/v2\/media\/25579"}],"wp:attachment":[{"href":"https:\/\/vida.org.pt\/en\/wp-json\/wp\/v2\/media?parent=25740"}],"wp:term":[{"taxonomy":"category","embeddable":true,"href":"https:\/\/vida.org.pt\/en\/wp-json\/wp\/v2\/categories?post=25740"},{"taxonomy":"post_tag","embeddable":true,"href":"https:\/\/vida.org.pt\/en\/wp-json\/wp\/v2\/tags?post=25740"}],"curies":[{"name":"wp","href":"https:\/\/api.w.org\/{rel}","templated":true}]}}