{"id":25568,"date":"2017-01-31T10:49:55","date_gmt":"2017-01-31T10:49:55","guid":{"rendered":"http:\/\/vida.org.pt\/?p=25568"},"modified":"2017-04-20T10:58:14","modified_gmt":"2017-04-20T10:58:14","slug":"plantar-vida-na-guine-bissau","status":"publish","type":"post","link":"https:\/\/vida.org.pt\/en\/plantar-vida-na-guine-bissau\/","title":{"rendered":"\u201cPlantar Vida na Guin\u00e9-Bissau\u201d"},"content":{"rendered":"<p>A Renascen\u00e7a viajou at\u00e9 \u00e0 Guin\u00e9-Bissau para conhecer a realidade dos lugares e das comunidades com que a VIDA trabalha todos os dias.<\/p>\n<hr \/>\n<p><iframe loading=\"lazy\" width=\"1080\" height=\"810\" src=\"https:\/\/www.youtube.com\/embed\/fxyDYauEuGo?feature=oembed\" frameborder=\"0\" allowfullscreen><\/iframe><\/p>\n","protected":false},"excerpt":{"rendered":"<p>A Renascen\u00e7a viajou at\u00e9 \u00e0 Guin\u00e9-Bissau para conhecer a realidade dos lugares e das comunidades com que a VIDA trabalha todos os dias.<\/p>\n","protected":false},"author":2,"featured_media":0,"comment_status":"open","ping_status":"open","sticky":false,"template":"","format":"standard","meta":{"_et_pb_use_builder":"","_et_pb_old_content":"","_et_gb_content_width":"","_monsterinsights_skip_tracking":false,"_monsterinsights_sitenote_active":false,"_monsterinsights_sitenote_note":"","_monsterinsights_sitenote_category":0,"footnotes":""},"categories":[1],"tags":[],"class_list":["post-25568","post","type-post","status-publish","format-standard","hentry","category-sem-categoria"],"_links":{"self":[{"href":"https:\/\/vida.org.pt\/en\/wp-json\/wp\/v2\/posts\/25568","targetHints":{"allow":["GET"]}}],"collection":[{"href":"https:\/\/vida.org.pt\/en\/wp-json\/wp\/v2\/posts"}],"about":[{"href":"https:\/\/vida.org.pt\/en\/wp-json\/wp\/v2\/types\/post"}],"author":[{"embeddable":true,"href":"https:\/\/vida.org.pt\/en\/wp-json\/wp\/v2\/users\/2"}],"replies":[{"embeddable":true,"href":"https:\/\/vida.org.pt\/en\/wp-json\/wp\/v2\/comments?post=25568"}],"version-history":[{"count":1,"href":"https:\/\/vida.org.pt\/en\/wp-json\/wp\/v2\/posts\/25568\/revisions"}],"predecessor-version":[{"id":25569,"href":"https:\/\/vida.org.pt\/en\/wp-json\/wp\/v2\/posts\/25568\/revisions\/25569"}],"wp:attachment":[{"href":"https:\/\/vida.org.pt\/en\/wp-json\/wp\/v2\/media?parent=25568"}],"wp:term":[{"taxonomy":"category","embeddable":true,"href":"https:\/\/vida.org.pt\/en\/wp-json\/wp\/v2\/categories?post=25568"},{"taxonomy":"post_tag","embeddable":true,"href":"https:\/\/vida.org.pt\/en\/wp-json\/wp\/v2\/tags?post=25568"}],"curies":[{"name":"wp","href":"https:\/\/api.w.org\/{rel}","templated":true}]}}